{"id":67190,"date":"2026-01-22T20:26:18","date_gmt":"2026-01-22T18:26:18","guid":{"rendered":"https:\/\/kvalitetvremena.com\/?p=67190"},"modified":"2026-01-22T20:26:18","modified_gmt":"2026-01-22T18:26:18","slug":"spasio-je-zivot-djetetu-a-zatim-zavrsio-na-sudu-prica-o-hrabrosti-pravdi-i-teskim-pitanjima-odgovornosti","status":"publish","type":"post","link":"https:\/\/vaterpolosrbija.rs\/?p=67190","title":{"rendered":"Spasio je \u017eivot djetetu, a zatim zavr\u0161io na sudu: pri\u010da o hrabrosti, pravdi i te\u0161kim pitanjima odgovornosti"},"content":{"rendered":"\n<p><\/p>\n\n\n\n<p>Ponekad se \u017eivot promijeni u jednom jedinom trenutku. Odluka donesena u djeli\u0107u sekunde mo\u017ee nekoga pretvoriti u heroja, ali i dovesti ga u situaciju koju nikada nije mogao zamisliti. Ova pri\u010da govori o \u010dovjeku koji je, vo\u0111en instinktom i ljudsko\u0161\u0107u, spasio \u017eivot bebe, a potom se suo\u010dio s optu\u017ebama i sudskim postupkom koji je otvorio brojna pitanja o odgovornosti, pravdi i dru\u0161tvu u kojem \u017eivimo.<\/p>\n\n\n\n<p>Neo\u010dekivan trenutak koji mijenja sve<\/p>\n\n\n\n<p>Dan je po\u010deo sasvim obi\u010dno. Mu\u0161karac je i\u0161ao na posao, razmi\u0161ljaju\u0107i o svakodnevnim obavezama, kada je iznenada \u010duo lom stakla iznad sebe. Instinktivno je podigao pogled i u tom trenutku shvatio da s prozora vi\u0161espratnice pada dijete. Nije bilo vremena za razmi\u0161ljanje, procjene ili strah. Reagovao je nagonski.<\/p>\n\n\n\n<p>Potr\u010dao je i u posljednjem trenutku uhvatio bebu, sprije\u010div\u0161i pad na asfalt. Iako je prilikom toga zadobio povrede, uklju\u010duju\u0107i potres mozga i brojne udarce, dijete je ostalo \u017eivo. Okolina je reagovala brzo, stigla je hitna pomo\u0107, a prisutni su ga nazivali herojem.<\/p>\n\n\n\n<p>Neo\u010dekivan preokret<\/p>\n\n\n\n<p>Sedam dana kasnije uslijedio je \u0161ok. Roditelji djeteta podnijeli su tu\u017ebu protiv \u010dovjeka koji je spasio \u017eivot njihovoj bebi. U tu\u017ebi su naveli da je dijete navodno povrije\u0111eno tokom spa\u0161avanja i da je postupio nepromi\u0161ljeno. Ono \u0161to je u javnosti do\u017eivljeno kao \u010din hrabrosti, u sudnici je poku\u0161ano predstaviti kao neodgovorno pona\u0161anje.<\/p>\n\n\n\n<p>Za \u010dovjeka koji je bez razmi\u0161ljanja rizikovao vlastiti \u017eivot, optu\u017ebe su bile pora\u017eavaju\u0107e. Umjesto zahvalnosti, suo\u010dio se s dugotrajnim stresom, sumnjama i pritiskom da prihvati nagodbu kako bi izbjegao daljnje probleme.<\/p>\n\n\n\n<p>Borba za istinu<\/p>\n\n\n\n<p>Iako mu je savjetovano da pristane na kompromis, odlu\u010dio je da se bori. Bio je uvjeren da je postupio ispravno i da istina mora iza\u0107i na vidjelo. Preokret u slu\u010daju dogodio se kada se pojavila svjedokinja koja je cijeli doga\u0111aj snimila telefonom.<\/p>\n\n\n\n<p>Snimak je jasno prikazao trenutak pada djeteta i reakciju \u010dovjeka koji ga je uhvatio u posljednjem trenutku. Tako\u0111e je pokazano da uzrok incidenta nije bio poku\u0161aj spa\u0161avanja, ve\u0107 nemar koji je prethodio padu.<\/p>\n\n\n\n<p>Sud je na osnovu dokaza donio osloba\u0111aju\u0107u presudu. Optu\u017ebe protiv mu\u0161karca su odba\u010dene, a odgovornost je utvr\u0111ena tamo gdje je zaista i pripadala.<\/p>\n\n\n\n<p>Te\u0161ka pitanja iza pri\u010de<\/p>\n\n\n\n<p>Iako je pravda na kraju zadovoljena, iskustvo je ostavilo dubok trag. Ova pri\u010da otvara va\u017eno pitanje: kako dru\u0161tvo tretira one koji reaguju instinktivno i humano u kriznim situacijama. Tako\u0111e podsje\u0107a koliko pravni procesi mogu biti slo\u017eeni i emocionalno iscrpljuju\u0107i, \u010dak i kada su namjere \u010diste.<\/p>\n\n\n\n<p>Sam \u010dovjek je, uprkos svemu, izjavio da bi isto u\u010dinio ponovo. Za njega, spasiti \u017eivot bilo je va\u017enije od posljedica.<\/p>\n\n\n\n<p>Zaklju\u010dak<\/p>\n\n\n\n<p>Ova pri\u010da nije samo o jednom dramati\u010dnom doga\u0111aju, ve\u0107 o vrijednostima koje \u010desto uzimamo zdravo za gotovo. Hrabrost, empatija i spremnost da se pomogne drugome ponekad dolaze s velikom cijenom. Ipak, ona nas podsje\u0107a da ljudski \u017eivot nema alternativu i da istina, iako ponekad spora, na kraju prona\u0111e svoj put.<\/p>\n","protected":false},"excerpt":{"rendered":"<p>Ponekad se \u017eivot promijeni u jednom jedinom trenutku. Odluka donesena u djeli\u0107u sekunde mo\u017ee nekoga pretvoriti u heroja, ali i dovesti ga u situaciju koju nikada nije mogao zamisliti. Ova pri\u010da govori o \u010dovjeku koji je, vo\u0111en instinktom i ljudsko\u0161\u0107u, spasio \u017eivot bebe, a potom se suo\u010dio s optu\u017ebama i sudskim postupkom koji je otvorio [&hellip;]<\/p>\n","protected":false},"author":1,"featured_media":67191,"comment_status":"closed","ping_status":"closed","sticky":false,"template":"","format":"standard","meta":{"footnotes":""},"categories":[12],"tags":[],"class_list":["post-67190","post","type-post","status-publish","format-standard","has-post-thumbnail","hentry","category-ispovijest"],"_links":{"self":[{"href":"https:\/\/vaterpolosrbija.rs\/index.php?rest_route=\/wp\/v2\/posts\/67190","targetHints":{"allow":["GET"]}}],"collection":[{"href":"https:\/\/vaterpolosrbija.rs\/index.php?rest_route=\/wp\/v2\/posts"}],"about":[{"href":"https:\/\/vaterpolosrbija.rs\/index.php?rest_route=\/wp\/v2\/types\/post"}],"author":[{"embeddable":true,"href":"https:\/\/vaterpolosrbija.rs\/index.php?rest_route=\/wp\/v2\/users\/1"}],"replies":[{"embeddable":true,"href":"https:\/\/vaterpolosrbija.rs\/index.php?rest_route=%2Fwp%2Fv2%2Fcomments&post=67190"}],"version-history":[{"count":0,"href":"https:\/\/vaterpolosrbija.rs\/index.php?rest_route=\/wp\/v2\/posts\/67190\/revisions"}],"wp:featuredmedia":[{"embeddable":true,"href":"https:\/\/vaterpolosrbija.rs\/index.php?rest_route=\/wp\/v2\/media\/67191"}],"wp:attachment":[{"href":"https:\/\/vaterpolosrbija.rs\/index.php?rest_route=%2Fwp%2Fv2%2Fmedia&parent=67190"}],"wp:term":[{"taxonomy":"category","embeddable":true,"href":"https:\/\/vaterpolosrbija.rs\/index.php?rest_route=%2Fwp%2Fv2%2Fcategories&post=67190"},{"taxonomy":"post_tag","embeddable":true,"href":"https:\/\/vaterpolosrbija.rs\/index.php?rest_route=%2Fwp%2Fv2%2Ftags&post=67190"}],"curies":[{"name":"wp","href":"https:\/\/api.w.org\/{rel}","templated":true}]}}