{"id":67184,"date":"2026-01-22T19:45:51","date_gmt":"2026-01-22T17:45:51","guid":{"rendered":"https:\/\/kvalitetvremena.com\/?p=67184"},"modified":"2026-01-22T19:45:51","modified_gmt":"2026-01-22T17:45:51","slug":"momcilo-otasevic-izmedu-privatnog-zivota-i-uloge-mladozenje-koja-je-osvojila-publiku","status":"publish","type":"post","link":"https:\/\/vaterpolosrbija.rs\/?p=67184","title":{"rendered":"Mom\u010dilo Ota\u0161evi\u0107 izme\u0111u privatnog \u017eivota i uloge mlado\u017eenje koja je osvojila publiku"},"content":{"rendered":"\n<p>Mom\u010dilo Ota\u0161evi\u0107 jedan je od najprepoznatljivijih glumaca mla\u0111e generacije u regionu, poznat po upe\u010datljivim ulogama u televizijskim serijama i filmu. Njegov profesionalni put, ali i privatni \u017eivot, \u010desto su u fokusu javnosti, posebno nakon razvoda od glumice Jelene Per\u010din, s kojom ima dvoje djece.<\/p>\n\n\n\n<p>Iako su se u medijima \u010desto pojavljivali naslovi koji aludiraju na nove \u017eivotne preokrete, va\u017eno je ista\u0107i da je pa\u017enju publike u posljednje vrijeme posebno privukla njegova uloga mlado\u017eenje u popularnoj seriji Kumovi. Upravo ta uloga, a ne privatni doga\u0111aj, izazvala je brojne reakcije gledalaca i dodatno u\u010dvrstila njegov status jednog od najtra\u017eenijih glumaca dana\u0161njice.<\/p>\n\n\n\n<p>Uspje\u0161na karijera i prepoznatljive uloge<\/p>\n\n\n\n<p>Ro\u0111en 20. februara 1990. godine na Cetinju, Mom\u010dilo Ota\u0161evi\u0107 je vrlo rano pokazao interesovanje i talenat za glumu. Prve zna\u010dajnije uloge ostvario je u serijama Budva na pjeni od mora, Zora Dubrovnik, Kud puklo da puklo, Na granici i Led. Svakom novom ulogom pokazivao je sve ve\u0107u gluma\u010dku zrelost i sposobnost da se prilagodi razli\u010ditim \u017eanrovima i karakterima.<\/p>\n\n\n\n<p>Posebnu pa\u017enju publike privukao je lik Janka u seriji Kumovi. Radnja u kojoj se njegov lik priprema za vjen\u010danje donijela je emotivne i dramati\u010dne trenutke koji su nai\u0161li na sna\u017ean odjek kod gledalaca. Hemija izme\u0111u likova, kao i uvjerljiva gluma\u010dka interpretacija, dodatno su doprinijeli popularnosti serije.<\/p>\n\n\n\n<p>Privatni \u017eivot i porodi\u010dne vrijednosti<\/p>\n\n\n\n<p>Mom\u010dilo Ota\u0161evi\u0107 je bio u braku sa glumicom Jelenom Per\u010din, s kojom ima sina Jak\u0161u i k\u0107erku Ma\u0161u. Nakon razvoda, otvoreno je govorio o tom periodu kao o jednom od najizazovnijih u svom \u017eivotu. Ipak, isticao je da su mu djeca uvijek bila i ostala najve\u0107i prioritet.<\/p>\n\n\n\n<p>Razvod je, prema njegovim rije\u010dima, donio mnogo te\u0161kih trenutaka, ali i va\u017ene \u017eivotne lekcije. Umjesto povla\u010denja, odlu\u010dio je da zadr\u017ei pozitivan stav i da se fokusira na li\u010dni razvoj, roditeljsku ulogu i profesionalne obaveze. Ta iskrenost i spremnost da govori o li\u010dnim iskustvima dodatno su ga pribli\u017eile publici.<\/p>\n\n\n\n<p>Veza sa rodnim krajem<\/p>\n\n\n\n<p>I pored profesionalnih obaveza koje ga \u010desto vode van rodnog mjesta, Ota\u0161evi\u0107 ostaje sna\u017eno vezan za Cetinje. \u010cesto isti\u010de da mu boravak u rodnom gradu pru\u017ea osje\u0107aj mira, stabilnosti i pripadnosti. Porodica, prijatelji iz djetinjstva i uspomene igraju va\u017enu ulogu u njegovom \u017eivotu.<\/p>\n\n\n\n<p>Za njega Cetinje nije samo mjesto odrastanja, ve\u0107 temelj identiteta i vrijednosti koje nosi sa sobom. Upravo ta povezanost sa korijenima \u010desto se ogleda i u njegovom pristupu poslu i \u017eivotu.<\/p>\n\n\n\n<p>Balans izme\u0111u karijere i privatnog \u017eivota<\/p>\n\n\n\n<p>Mom\u010dilo Ota\u0161evi\u0107 danas predstavlja primjer osobe koja nastoji da uskladi zahtjevnu gluma\u010dku karijeru sa porodi\u010dnim obavezama i li\u010dnim razvojem. Iako iza sebe ima brojne uspje\u0161ne projekte i priznanja, \u010desto isti\u010de da su mu najva\u017eniji uloga oca i unutra\u0161nji mir.<\/p>\n\n\n\n<p>Njegova pri\u010da pokazuje da profesionalni uspjeh ne mora isklju\u010divati li\u010dne izazove, ve\u0107 da upravo kroz njih \u010dovjek mo\u017ee rasti i sazrijevati. Upravo ta autenti\u010dnost i dosljednost \u010dine Mom\u010dila Ota\u0161evi\u0107a ne samo uspje\u0161nim glumcem, ve\u0107 i osobom s kojom se mnogi mogu poistovjetiti.<\/p>\n","protected":false},"excerpt":{"rendered":"<p>Mom\u010dilo Ota\u0161evi\u0107 jedan je od najprepoznatljivijih glumaca mla\u0111e generacije u regionu, poznat po upe\u010datljivim ulogama u televizijskim serijama i filmu. Njegov profesionalni put, ali i privatni \u017eivot, \u010desto su u fokusu javnosti, posebno nakon razvoda od glumice Jelene Per\u010din, s kojom ima dvoje djece. Iako su se u medijima \u010desto pojavljivali naslovi koji aludiraju na [&hellip;]<\/p>\n","protected":false},"author":1,"featured_media":67185,"comment_status":"closed","ping_status":"closed","sticky":false,"template":"","format":"standard","meta":{"footnotes":""},"categories":[10],"tags":[],"class_list":["post-67184","post","type-post","status-publish","format-standard","has-post-thumbnail","hentry","category-zanimljivosti"],"_links":{"self":[{"href":"https:\/\/vaterpolosrbija.rs\/index.php?rest_route=\/wp\/v2\/posts\/67184","targetHints":{"allow":["GET"]}}],"collection":[{"href":"https:\/\/vaterpolosrbija.rs\/index.php?rest_route=\/wp\/v2\/posts"}],"about":[{"href":"https:\/\/vaterpolosrbija.rs\/index.php?rest_route=\/wp\/v2\/types\/post"}],"author":[{"embeddable":true,"href":"https:\/\/vaterpolosrbija.rs\/index.php?rest_route=\/wp\/v2\/users\/1"}],"replies":[{"embeddable":true,"href":"https:\/\/vaterpolosrbija.rs\/index.php?rest_route=%2Fwp%2Fv2%2Fcomments&post=67184"}],"version-history":[{"count":0,"href":"https:\/\/vaterpolosrbija.rs\/index.php?rest_route=\/wp\/v2\/posts\/67184\/revisions"}],"wp:featuredmedia":[{"embeddable":true,"href":"https:\/\/vaterpolosrbija.rs\/index.php?rest_route=\/wp\/v2\/media\/67185"}],"wp:attachment":[{"href":"https:\/\/vaterpolosrbija.rs\/index.php?rest_route=%2Fwp%2Fv2%2Fmedia&parent=67184"}],"wp:term":[{"taxonomy":"category","embeddable":true,"href":"https:\/\/vaterpolosrbija.rs\/index.php?rest_route=%2Fwp%2Fv2%2Fcategories&post=67184"},{"taxonomy":"post_tag","embeddable":true,"href":"https:\/\/vaterpolosrbija.rs\/index.php?rest_route=%2Fwp%2Fv2%2Ftags&post=67184"}],"curies":[{"name":"wp","href":"https:\/\/api.w.org\/{rel}","templated":true}]}}