{"id":67178,"date":"2026-01-22T18:15:59","date_gmt":"2026-01-22T16:15:59","guid":{"rendered":"https:\/\/kvalitetvremena.com\/?p=67178"},"modified":"2026-01-22T18:15:59","modified_gmt":"2026-01-22T16:15:59","slug":"kolika-ce-biti-najniza-penzija-u-fbih-prema-novom-zakonu-i-kako-utice-radni-staz","status":"publish","type":"post","link":"https:\/\/vaterpolosrbija.rs\/?p=67178","title":{"rendered":"Kolika \u0107e biti najni\u017ea penzija u FBiH prema novom zakonu i kako uti\u010de radni sta\u017e"},"content":{"rendered":"\n<p><\/p>\n\n\n\n<p>Federacija Bosne i Hercegovine priprema zna\u010dajne promjene u na\u010dinu obra\u010duna najni\u017eih penzija koje \u0107e se primjenjivati na budu\u0107e penzionere. Predstavni\u010dki dom Parlamenta FBiH usvojio je Prijedlog zakona o izmjenama i dopuni Zakona o penzijskom i invalidskom osiguranju PIO MIO, kojim se mijenja dosada\u0161nji sistem minimalne penzije.<\/p>\n\n\n\n<p>Do sada je u Federaciji BiH postojao jedinstven iznos minimalne penzije. Bez obzira na to da li je neko imao 15 ili 40 godina radnog sta\u017ea, svima kojima je obra\u010dunata penzija bila ni\u017ea od zakonom propisanog minimuma ispla\u0107ivao se isti iznos. Trenutno taj iznos iznosi oko 670 KM.<\/p>\n\n\n\n<p>Novim zakonskim rje\u0161enjem uvodi se druga\u010diji pristup. Visina najni\u017ee penzije vi\u0161e ne\u0107e biti ista za sve, ve\u0107 \u0107e zavisiti od ukupnog broja godina ostvarenog penzijskog sta\u017ea. Ovaj model primjenjiva\u0107e se isklju\u010divo na nove korisnike penzije, dok postoje\u0107i penzioneri zadr\u017eavaju prava ste\u010dena prema ranijim propisima.<\/p>\n\n\n\n<p>Kako \u0107e se obra\u010dunavati najni\u017ea penzija<\/p>\n\n\n\n<p>Prema prijedlogu zakona, najni\u017ea penzija \u0107e se odre\u0111ivati kao odre\u0111eni procenat prosje\u010dne penzije u Federaciji BiH. \u0160to je du\u017ei radni sta\u017e, to je i procenat vi\u0161i, a samim tim i iznos penzije ve\u0107i.<\/p>\n\n\n\n<p>Za osiguranike sa petnaest do dvadeset godina sta\u017ea, najni\u017ea penzija bi iznosila oko \u0161ezdeset posto prosje\u010dne penzije, \u0161to je pribli\u017eno 437 KM prema trenutnim procjenama.<\/p>\n\n\n\n<p>Za one koji imaju izme\u0111u dvadeset i trideset godina sta\u017ea, najni\u017ea penzija bi bila oko sedamdeset posto prosje\u010dne penzije, odnosno pribli\u017eno 510 KM.<\/p>\n\n\n\n<p>Osiguranici sa trideset do trideset pet godina sta\u017ea mogli bi ra\u010dunati na oko osamdeset posto prosje\u010dne penzije, \u0161to bi iznosilo oko 583 KM.<\/p>\n\n\n\n<p>Za radni sta\u017e od trideset pet do \u010detrdeset godina predvi\u0111eno je oko devedeset posto prosje\u010dne penzije, odnosno pribli\u017eno 656 KM.<\/p>\n\n\n\n<p>Za vi\u0161e od \u010detrdeset godina sta\u017ea najni\u017ea penzija bi dostizala oko devedeset pet posto prosje\u010dne penzije, \u0161to je prema trenutnim podacima oko 693 KM.<\/p>\n\n\n\n<p>Va\u017eno je naglasiti da su ovi iznosi okvirni i zasnovani na trenutnoj visini prosje\u010dne penzije. Oni \u0107e se u budu\u0107nosti mijenjati u skladu sa redovnim uskla\u0111ivanjem penzija, koje se u Federaciji BiH provodi dva puta godi\u0161nje.<\/p>\n\n\n\n<p>\u0160ta se ra\u010duna u penzijski sta\u017e<\/p>\n\n\n\n<p>U ukupan penzijski sta\u017e ra\u010duna se i poseban odnosno ratni sta\u017e. Ovaj sta\u017e se priznaje u dvostrukom trajanju u odnosu na stvarni period u\u010de\u0161\u0107a u odbrani Bosne i Hercegovine, \u0161to mo\u017ee zna\u010dajno uticati na ukupni broj priznatih godina sta\u017ea i samim tim na visinu najni\u017ee penzije.<\/p>\n\n\n\n<p>Kada zakon stupa na snagu<\/p>\n\n\n\n<p>Da bi izmjene Zakona o PIO MIO stupile na snagu, potrebno je da ih potvrdi i Dom naroda Parlamenta Federacije BiH. Nakon zavr\u0161etka kompletne parlamentarne procedure i objave u slu\u017ebenim glasilima, novi sistem obra\u010duna najni\u017eih penzija po\u010det \u0107e se primjenjivati na budu\u0107e penzionere.<\/p>\n\n\n\n<p>Zaklju\u010dak<\/p>\n\n\n\n<p>Novi model najni\u017ee penzije u Federaciji BiH ima za cilj da pravednije vrednuje du\u017einu radnog sta\u017ea i da osiguranicima sa vi\u0161e godina rada obezbijedi ve\u0107a primanja u starosti. Iako donosi ni\u017ee iznose za one sa kra\u0107im sta\u017eom u odnosu na sada\u0161nji minimum, zakon istovremeno uvodi jasniju vezu izme\u0111u upla\u0107enih doprinosa, godina rada i visine penzije.<\/p>\n","protected":false},"excerpt":{"rendered":"<p>Federacija Bosne i Hercegovine priprema zna\u010dajne promjene u na\u010dinu obra\u010duna najni\u017eih penzija koje \u0107e se primjenjivati na budu\u0107e penzionere. Predstavni\u010dki dom Parlamenta FBiH usvojio je Prijedlog zakona o izmjenama i dopuni Zakona o penzijskom i invalidskom osiguranju PIO MIO, kojim se mijenja dosada\u0161nji sistem minimalne penzije. Do sada je u Federaciji BiH postojao jedinstven iznos [&hellip;]<\/p>\n","protected":false},"author":1,"featured_media":67179,"comment_status":"closed","ping_status":"closed","sticky":false,"template":"","format":"standard","meta":{"footnotes":""},"categories":[10],"tags":[],"class_list":["post-67178","post","type-post","status-publish","format-standard","has-post-thumbnail","hentry","category-zanimljivosti"],"_links":{"self":[{"href":"https:\/\/vaterpolosrbija.rs\/index.php?rest_route=\/wp\/v2\/posts\/67178","targetHints":{"allow":["GET"]}}],"collection":[{"href":"https:\/\/vaterpolosrbija.rs\/index.php?rest_route=\/wp\/v2\/posts"}],"about":[{"href":"https:\/\/vaterpolosrbija.rs\/index.php?rest_route=\/wp\/v2\/types\/post"}],"author":[{"embeddable":true,"href":"https:\/\/vaterpolosrbija.rs\/index.php?rest_route=\/wp\/v2\/users\/1"}],"replies":[{"embeddable":true,"href":"https:\/\/vaterpolosrbija.rs\/index.php?rest_route=%2Fwp%2Fv2%2Fcomments&post=67178"}],"version-history":[{"count":0,"href":"https:\/\/vaterpolosrbija.rs\/index.php?rest_route=\/wp\/v2\/posts\/67178\/revisions"}],"wp:featuredmedia":[{"embeddable":true,"href":"https:\/\/vaterpolosrbija.rs\/index.php?rest_route=\/wp\/v2\/media\/67179"}],"wp:attachment":[{"href":"https:\/\/vaterpolosrbija.rs\/index.php?rest_route=%2Fwp%2Fv2%2Fmedia&parent=67178"}],"wp:term":[{"taxonomy":"category","embeddable":true,"href":"https:\/\/vaterpolosrbija.rs\/index.php?rest_route=%2Fwp%2Fv2%2Fcategories&post=67178"},{"taxonomy":"post_tag","embeddable":true,"href":"https:\/\/vaterpolosrbija.rs\/index.php?rest_route=%2Fwp%2Fv2%2Ftags&post=67178"}],"curies":[{"name":"wp","href":"https:\/\/api.w.org\/{rel}","templated":true}]}}