{"id":67171,"date":"2026-01-21T22:34:46","date_gmt":"2026-01-21T20:34:46","guid":{"rendered":"https:\/\/kvalitetvremena.com\/?p=67171"},"modified":"2026-01-21T22:34:46","modified_gmt":"2026-01-21T20:34:46","slug":"teske-povrede-devojcica-u-mrsacu-sankanje-vuceno-automobilom-zavrsilo-nesrecom","status":"publish","type":"post","link":"https:\/\/vaterpolosrbija.rs\/?p=67171","title":{"rendered":"Te\u0161ke povrede devoj\u010dica u Mrsa\u0107u: sankanje vu\u010deno automobilom zavr\u0161ilo nesre\u0107om"},"content":{"rendered":"\n<p>Snimak koji se posljednjih dana \u0161iri dru\u0161tvenim mre\u017eama izazvao je \u0161ok u Srbiji. Na njemu se vidi rizi\u010dna situacija u selu Mrsa\u0107 kod Kraljeva, gde su djevoj\u010dice vo\u017eene na sankama koje je vukao automobil.<\/p>\n\n\n\n<p>Na video-zapisu se primje\u0107uje i drugo vozilo koje je pratilo sanke, navodno kako bi nadgledalo situaciju. Ipak, klizav kolovoz i neadekvatna procjena rizika doveli su do ozbiljnog incidenta.<\/p>\n\n\n\n<p>U jednom trenutku, djevoj\u010dice su pale sa sanki, a vozilo koje ih je pratilo udarilo je u njih. Ono \u0161to je trebalo da bude zimska zabava zavr\u0161ilo se te\u0161kim povredama.<\/p>\n\n\n\n<p>Djevoj\u010dice su hitno prevezene u bolnicu, gdje im je ukazana medicinska pomo\u0107. Njihovo stanje zahtijeva daljnje pra\u0107enje i pod stalnim su nadzorom ljekara.<\/p>\n\n\n\n<p>Policija je brzo identifikovala oba voza\u010da i privela ih zbog sumnje da su ozbiljno ugrozili bezbednost djece i drugih u\u010desnika u saobra\u0107aju. Protiv njih je pokrenut odgovaraju\u0107i postupak, a istraga \u0107e utvrditi sve okolnosti doga\u0111aja.<\/p>\n\n\n\n<p>Nadle\u017ene institucije apeluju na gra\u0111ane da izbjegavaju opasne aktivnosti, posebno kada su u pitanju maloljetnici. Zimski uslovi na putevima dodatno pove\u0107avaju rizik, a improvizovane vo\u017enje vozilom mogu imati ozbiljne posljedice.<\/p>\n\n\n\n<p><a href=\"https:\/\/www.facebook.com\/share\/r\/1F6eYQrXL4\">https:\/\/www.facebook.com\/share\/r\/1F6eYQrXL4<\/a><\/p>\n","protected":false},"excerpt":{"rendered":"<p>Snimak koji se posljednjih dana \u0161iri dru\u0161tvenim mre\u017eama izazvao je \u0161ok u Srbiji. Na njemu se vidi rizi\u010dna situacija u selu Mrsa\u0107 kod Kraljeva, gde su djevoj\u010dice vo\u017eene na sankama koje je vukao automobil. Na video-zapisu se primje\u0107uje i drugo vozilo koje je pratilo sanke, navodno kako bi nadgledalo situaciju. Ipak, klizav kolovoz i neadekvatna [&hellip;]<\/p>\n","protected":false},"author":1,"featured_media":67172,"comment_status":"closed","ping_status":"closed","sticky":false,"template":"","format":"standard","meta":{"footnotes":""},"categories":[12],"tags":[],"class_list":["post-67171","post","type-post","status-publish","format-standard","has-post-thumbnail","hentry","category-ispovijest"],"_links":{"self":[{"href":"https:\/\/vaterpolosrbija.rs\/index.php?rest_route=\/wp\/v2\/posts\/67171","targetHints":{"allow":["GET"]}}],"collection":[{"href":"https:\/\/vaterpolosrbija.rs\/index.php?rest_route=\/wp\/v2\/posts"}],"about":[{"href":"https:\/\/vaterpolosrbija.rs\/index.php?rest_route=\/wp\/v2\/types\/post"}],"author":[{"embeddable":true,"href":"https:\/\/vaterpolosrbija.rs\/index.php?rest_route=\/wp\/v2\/users\/1"}],"replies":[{"embeddable":true,"href":"https:\/\/vaterpolosrbija.rs\/index.php?rest_route=%2Fwp%2Fv2%2Fcomments&post=67171"}],"version-history":[{"count":0,"href":"https:\/\/vaterpolosrbija.rs\/index.php?rest_route=\/wp\/v2\/posts\/67171\/revisions"}],"wp:featuredmedia":[{"embeddable":true,"href":"https:\/\/vaterpolosrbija.rs\/index.php?rest_route=\/wp\/v2\/media\/67172"}],"wp:attachment":[{"href":"https:\/\/vaterpolosrbija.rs\/index.php?rest_route=%2Fwp%2Fv2%2Fmedia&parent=67171"}],"wp:term":[{"taxonomy":"category","embeddable":true,"href":"https:\/\/vaterpolosrbija.rs\/index.php?rest_route=%2Fwp%2Fv2%2Fcategories&post=67171"},{"taxonomy":"post_tag","embeddable":true,"href":"https:\/\/vaterpolosrbija.rs\/index.php?rest_route=%2Fwp%2Fv2%2Ftags&post=67171"}],"curies":[{"name":"wp","href":"https:\/\/api.w.org\/{rel}","templated":true}]}}