{"id":67167,"date":"2026-01-21T22:17:22","date_gmt":"2026-01-21T20:17:22","guid":{"rendered":"https:\/\/kvalitetvremena.com\/?p=67167"},"modified":"2026-01-21T22:17:22","modified_gmt":"2026-01-21T20:17:22","slug":"otisao-je-moj-otac-a-tada-sam-saznala-ko-je-moj-muz","status":"publish","type":"post","link":"https:\/\/vaterpolosrbija.rs\/?p=67167","title":{"rendered":"Oti\u0161ao je moj otac, a tada sam saznala ko je moj mu\u017e"},"content":{"rendered":"\n<p>Kada je moj otac preminuo, imala sam ose\u0107aj kao da mi je neko tiho izmakao tlo pod nogama. Nije oti\u0161ao iznenada niti dramati\u010dno \u2014 napustio nas je onako kako je i \u017eiveo, mirno i nenametljivo. Ipak, praznina koju je ostavio bila je te\u0161ka, gotovo opipljiva. Ku\u0107a je ostala ista, ali se \u010dinilo kao da je iz nje nestao vazduh.<\/p>\n\n\n\n<p>U tim najosetljivijim danima tuge, moj suprug Maks me je iznenadio pitanjem koje nisam o\u010dekivala. Nekoliko dana nakon sahrane, dok sam jo\u0161 uvek poku\u0161avala da se saberem, bez uvoda me je pitao:<\/p>\n\n\n\n<p>\u201eDa li ti je otac ne\u0161to ostavio?\u201c<\/p>\n\n\n\n<p>Pitanje me je zateklo nespremnu. Odgovorila sam iskreno:<\/p>\n\n\n\n<p>\u201eNije imao mnogo. Ne o\u010dekujem ni\u0161ta.\u201c<\/p>\n\n\n\n<p>Klimnuo je glavom, ali bez re\u010di utehe, bez zagrljaja. U njegovom pogledu pojavilo se ne\u0161to hladno, gotovo razo\u010darano. U tom trenutku to nisam \u017eelela da prizn\u00e1m sebi.<\/p>\n\n\n\n<p>U danima koji su sledili, Maks se povla\u010dio. Razgovori su postajali kratki, prisutnost udaljena. U po\u010detku sam poku\u0161avala da prona\u0111em opravdanja \u2014 verovala sam da svako tugu nosi druga\u010dije. Me\u0111utim, vremenom je postalo jasno da to nije bila tuga, ve\u0107 distanca bez topline.<\/p>\n\n\n\n<p>Nedugo zatim, bez du\u017eeg razgovora, predao mi je papire za razvod. Bez obja\u0161njenja, bez poku\u0161aja da razjasni ili popravi ono \u0161to se lomilo.<\/p>\n\n\n\n<p>\u201eOvako je jednostavnije\u201c, rekao je tiho. \u201eVi\u0161e nismo kompatibilni.\u201c<\/p>\n\n\n\n<p>Nisam imala snage da se raspravljam. Potpisala sam dokumenta mirno, iako je u meni sve bilo slomljeno. Kada je oti\u0161ao, nije se osvrnuo.<\/p>\n\n\n\n<h3 class=\"wp-block-heading\">Ti\u0161ina u kojoj sam po\u010dela da se oporavljam<\/h3>\n\n\n\n<p>Naredne nedelje bile su tihe, ali u toj ti\u0161ini sam po\u010dela da pronalazim sebe. Provodila sam vi\u0161e vremena sa majkom, sre\u0111ivala ku\u0107u, osloba\u0111ala se stvari koje mi vi\u0161e nisu bile potrebne. Tuga je i dalje bila tu, ali vi\u0161e nije gu\u0161ila.<\/p>\n\n\n\n<p>Jednog popodneva pozvao me je o\u010dev advokat.<\/p>\n\n\n\n<p>\u201eVa\u0161 otac je ostavio testament\u201c, rekao je. \u201eZamolio je da se sadr\u017eaj podeli sa vama li\u010dno, u miru.\u201c<\/p>\n\n\n\n<p>U njegovoj kancelariji dobila sam kovertu sa o\u010devim rukopisom. U pismu je objasnio da nije \u017eeleo da ikakva o\u010dekivanja ili pritisci uti\u010du na mene dok je jo\u0161 bio \u017eiv. \u017deleo je da sve saznam tek kada se \u017eivot smiri.<\/p>\n\n\n\n<p>Ostavio mi je porodi\u010dnu ku\u0107u, u\u0161te\u0111evinu koju je godinama tiho \u010duvao i svoje li\u010dne dnevnike. Nazvao ih je mojim \u201ekorenima\u201c \u2014 ne\u010dim \u010demu mogu da se vratim kada se svet poljulja.<\/p>\n\n\n\n<p>Pismo je zavr\u0161io re\u010denicom:<\/p>\n\n\n\n<p>\u201eU tebi postoji snaga koju jo\u0161 nisi upoznala. Verujem u tebe.\u201c<\/p>\n\n\n\n<p>Plakala sam tada, ali to nisu bile suze zbog materijalnih stvari, ve\u0107 zbog ljubavi koja je trajala i posle njegovog odlaska.<\/p>\n\n\n\n<h3 class=\"wp-block-heading\">Kada se istina sama otkrije<\/h3>\n\n\n\n<p>Vest se brzo pro\u0161irila, a ubrzo se pojavio i Maks. Govorio je nesigurno, poku\u0161avao da ubla\u017ei ono \u0161to je ve\u0107 bilo u\u010dinjeno.<\/p>\n\n\n\n<p>\u201eMo\u017eda smo prenaglili\u201c, rekao je. \u201eMo\u017eda bismo mogli da razgovaramo\u2026\u201c<\/p>\n\n\n\n<p>Pogledala sam ga mirno.<\/p>\n\n\n\n<p>\u201eOti\u0161ao si kada sam bila slomljena i kada si mislio da nemam ni\u0161ta. Sada, kada zna\u0161 da imam, \u017eeli\u0161 da se vrati\u0161.\u201c<\/p>\n\n\n\n<p>Nije imao odgovor.<\/p>\n\n\n\n<p>\u201eNapravio si izbor\u201c, rekla sam. \u201eI sada mora\u0161 da stoji\u0161 iza njega.\u201c<\/p>\n\n\n\n<p>Zatvorila sam vrata tiho. Vi\u0161e se nije javio.<\/p>\n\n\n\n<p>Tog dana sam shvatila ne\u0161to va\u017eno \u2014 pravu prirodu ljudi \u010desto upoznamo tek kada \u017eivot skine sve slojeve. Neki ostaju uz vas samo dok imaju korist. Drugi ostaju jer im je stalo.<\/p>\n\n\n\n<p>Moj otac je bio jedan od onih koji vole bez uslova. Njegovo pravo nasledstvo nisu bile ku\u0107a ni novac, ve\u0107 podsetnik da prava ljubav nikada ne pita:<br><strong>\u201e\u0160ta ima\u0161?\u201c<\/strong><br>Ve\u0107:<br><strong>\u201eKako mogu da budem uz tebe?\u201c<\/strong><\/p>\n\n\n\n<p>I to je bogatstvo koje nosim sa sobom dalje.<\/p>\n","protected":false},"excerpt":{"rendered":"<p>Kada je moj otac preminuo, imala sam ose\u0107aj kao da mi je neko tiho izmakao tlo pod nogama. Nije oti\u0161ao iznenada niti dramati\u010dno \u2014 napustio nas je onako kako je i \u017eiveo, mirno i nenametljivo. Ipak, praznina koju je ostavio bila je te\u0161ka, gotovo opipljiva. Ku\u0107a je ostala ista, ali se \u010dinilo kao da je [&hellip;]<\/p>\n","protected":false},"author":1,"featured_media":67168,"comment_status":"closed","ping_status":"closed","sticky":false,"template":"","format":"standard","meta":{"footnotes":""},"categories":[12],"tags":[],"class_list":["post-67167","post","type-post","status-publish","format-standard","has-post-thumbnail","hentry","category-ispovijest"],"_links":{"self":[{"href":"https:\/\/vaterpolosrbija.rs\/index.php?rest_route=\/wp\/v2\/posts\/67167","targetHints":{"allow":["GET"]}}],"collection":[{"href":"https:\/\/vaterpolosrbija.rs\/index.php?rest_route=\/wp\/v2\/posts"}],"about":[{"href":"https:\/\/vaterpolosrbija.rs\/index.php?rest_route=\/wp\/v2\/types\/post"}],"author":[{"embeddable":true,"href":"https:\/\/vaterpolosrbija.rs\/index.php?rest_route=\/wp\/v2\/users\/1"}],"replies":[{"embeddable":true,"href":"https:\/\/vaterpolosrbija.rs\/index.php?rest_route=%2Fwp%2Fv2%2Fcomments&post=67167"}],"version-history":[{"count":0,"href":"https:\/\/vaterpolosrbija.rs\/index.php?rest_route=\/wp\/v2\/posts\/67167\/revisions"}],"wp:featuredmedia":[{"embeddable":true,"href":"https:\/\/vaterpolosrbija.rs\/index.php?rest_route=\/wp\/v2\/media\/67168"}],"wp:attachment":[{"href":"https:\/\/vaterpolosrbija.rs\/index.php?rest_route=%2Fwp%2Fv2%2Fmedia&parent=67167"}],"wp:term":[{"taxonomy":"category","embeddable":true,"href":"https:\/\/vaterpolosrbija.rs\/index.php?rest_route=%2Fwp%2Fv2%2Fcategories&post=67167"},{"taxonomy":"post_tag","embeddable":true,"href":"https:\/\/vaterpolosrbija.rs\/index.php?rest_route=%2Fwp%2Fv2%2Ftags&post=67167"}],"curies":[{"name":"wp","href":"https:\/\/api.w.org\/{rel}","templated":true}]}}