{"id":67161,"date":"2026-01-21T21:38:24","date_gmt":"2026-01-21T19:38:24","guid":{"rendered":"https:\/\/kvalitetvremena.com\/?p=67161"},"modified":"2026-01-21T21:38:24","modified_gmt":"2026-01-21T19:38:24","slug":"kada-sam-izabrao-pogresnu-stranu-prica-o-gresci-koja-je-unistila-moj-brak","status":"publish","type":"post","link":"https:\/\/vaterpolosrbija.rs\/?p=67161","title":{"rendered":"Kada sam izabrao pogre\u0161nu stranu: Pri\u010da o gre\u0161ci koja je uni\u0161tila moj brak"},"content":{"rendered":"\n<p>Postoje odluke koje ostavljaju duboke o\u017eiljke, one koje ni vrijeme ne uspije potpuno izlije\u010diti. Moja gre\u0161ka zapo\u010dela je jednom lo\u0161om procjenom \u2013 izborom vo\u0111enim ponosom, strahom i slijepom poslu\u0161no\u0161\u0107u prema majci. Uvjeravao sam sebe da \u0161titim \u010dast porodice, a zapravo sam polako ru\u0161io vlastiti brak.<\/p>\n\n\n\n<p>Moja supruga Anita, \u017eena koju sam volio jo\u0161 od fakultetskih dana, zbog mene je napustila svoj dom udaljen stotinama kilometara. Do\u0161la je s iskrenom namjerom da zapo\u010dne novi \u017eivot i brine se o mojoj majci, uprkos njenom hladnom i \u010desto neprijateljskom stavu. Umjesto zahvalnosti, do\u010dekale su je stalne kritike, mije\u0161anje u odgoj na\u0161eg sina i osje\u0107aj da u vlastitoj ku\u0107i nikada nije potpuno prihva\u0107ena.<\/p>\n\n\n\n<p>Najve\u0107a gre\u0161ka bila je moja \u0161utnja. Uvijek sam birao stranu majke, uvjeren da dobar sin ne smije proturje\u010diti roditelju. Nisam shvatao da time iznevjeravam osobu koja mi je bila \u017eivotni partner.<\/p>\n\n\n\n<h4 class=\"wp-block-heading\">Trenutak kada je sve krenulo nizbrdo<\/h4>\n\n\n\n<p>Prelomni trenutak dogodio se nakon jednog porodi\u010dnog okupljanja. Anita je bila iscrpljena, brinu\u0107i se o na\u0161em bolesnom djetetu, kada je pred svima optu\u017eena da je neodgovorna. Umjesto da smirim situaciju, reagovao sam ishitreno i grubo, vo\u0111en povrije\u0111enim egom i bijesom. Taj trenutak bio je kap koja je prelila \u010da\u0161u.<\/p>\n\n\n\n<p>Sljede\u0107eg jutra, ku\u0107a je bila tiha. Anita je oti\u0161la zajedno s na\u0161im sinom i ubrzo pokrenula razvod. Razlog naveden u dokumentima bio je jednostavan, ali bolan \u2013 emocionalna patnja i osje\u0107aj da nije bila tretirana s po\u0161tovanjem koje zaslu\u017euje.<\/p>\n\n\n\n<h4 class=\"wp-block-heading\">Lekcija koja je do\u0161la prekasno<\/h4>\n\n\n\n<p>Vremenom su stigle i posljedice. Ljudi su pri\u010dali, porodica se udaljila, a ja sam ostao sam sa sopstvenim mislima. Tek tada sam shvatio koliko je Anita bila usamljena i koliko sam joj malo podr\u0161ke pru\u017eio. Niko drugi nije uni\u0161tio na\u0161 brak \u2013 ja sam to u\u010dinio svojim izborima.<\/p>\n\n\n\n<p>Danas \u017eivim s tom spoznajom. Nau\u010dio sam da ljubav ne mo\u017ee opstati tamo gdje nema po\u0161tovanja i razumijevanja. Kontrola nije znak brige, a \u0161utnja iz straha razara odnose iznutra. Moja \u017eelja vi\u0161e nije povratak izgubljenog, ve\u0107 nada da \u0107e ova pri\u010da biti podsjetnik drugima da na vrijeme izaberu razgovor, ravnote\u017eu i po\u0161tovanje.<\/p>\n","protected":false},"excerpt":{"rendered":"<p>Postoje odluke koje ostavljaju duboke o\u017eiljke, one koje ni vrijeme ne uspije potpuno izlije\u010diti. Moja gre\u0161ka zapo\u010dela je jednom lo\u0161om procjenom \u2013 izborom vo\u0111enim ponosom, strahom i slijepom poslu\u0161no\u0161\u0107u prema majci. Uvjeravao sam sebe da \u0161titim \u010dast porodice, a zapravo sam polako ru\u0161io vlastiti brak. Moja supruga Anita, \u017eena koju sam volio jo\u0161 od fakultetskih [&hellip;]<\/p>\n","protected":false},"author":1,"featured_media":67162,"comment_status":"closed","ping_status":"closed","sticky":false,"template":"","format":"standard","meta":{"footnotes":""},"categories":[12],"tags":[],"class_list":["post-67161","post","type-post","status-publish","format-standard","has-post-thumbnail","hentry","category-ispovijest"],"_links":{"self":[{"href":"https:\/\/vaterpolosrbija.rs\/index.php?rest_route=\/wp\/v2\/posts\/67161","targetHints":{"allow":["GET"]}}],"collection":[{"href":"https:\/\/vaterpolosrbija.rs\/index.php?rest_route=\/wp\/v2\/posts"}],"about":[{"href":"https:\/\/vaterpolosrbija.rs\/index.php?rest_route=\/wp\/v2\/types\/post"}],"author":[{"embeddable":true,"href":"https:\/\/vaterpolosrbija.rs\/index.php?rest_route=\/wp\/v2\/users\/1"}],"replies":[{"embeddable":true,"href":"https:\/\/vaterpolosrbija.rs\/index.php?rest_route=%2Fwp%2Fv2%2Fcomments&post=67161"}],"version-history":[{"count":0,"href":"https:\/\/vaterpolosrbija.rs\/index.php?rest_route=\/wp\/v2\/posts\/67161\/revisions"}],"wp:featuredmedia":[{"embeddable":true,"href":"https:\/\/vaterpolosrbija.rs\/index.php?rest_route=\/wp\/v2\/media\/67162"}],"wp:attachment":[{"href":"https:\/\/vaterpolosrbija.rs\/index.php?rest_route=%2Fwp%2Fv2%2Fmedia&parent=67161"}],"wp:term":[{"taxonomy":"category","embeddable":true,"href":"https:\/\/vaterpolosrbija.rs\/index.php?rest_route=%2Fwp%2Fv2%2Fcategories&post=67161"},{"taxonomy":"post_tag","embeddable":true,"href":"https:\/\/vaterpolosrbija.rs\/index.php?rest_route=%2Fwp%2Fv2%2Ftags&post=67161"}],"curies":[{"name":"wp","href":"https:\/\/api.w.org\/{rel}","templated":true}]}}