{"id":67148,"date":"2026-01-21T17:30:44","date_gmt":"2026-01-21T15:30:44","guid":{"rendered":"https:\/\/kvalitetvremena.com\/?p=67148"},"modified":"2026-01-21T17:30:44","modified_gmt":"2026-01-21T15:30:44","slug":"dosla-sam-pokazati-ultrazvuk-a-otkrila-sam-porodicnu-tajnu-koja-je-promijenila-sve","status":"publish","type":"post","link":"https:\/\/vaterpolosrbija.rs\/?p=67148","title":{"rendered":"Do\u0161la sam pokazati ultrazvuk, a otkrila sam porodi\u010dnu tajnu koja je promijenila sve"},"content":{"rendered":"\n<p>Postoje trenuci u \u017eivotu kada o\u010dekujemo radost, a do\u010dekaju nas rije\u010di koje nas zauvijek promijene. Ova pri\u010da govori o jednom takvom susretu, o strahu, nerazumijevanju i istini koja je godinama bila skrivena iza ti\u0161ine. Ujedno, to je pri\u010da o tome kako se i najte\u017ei razgovori mogu pretvoriti u po\u010detak iscjeljenja.<\/p>\n\n\n\n<h3 class=\"wp-block-heading\">Posjeta puna nade<\/h3>\n\n\n\n<p>Do\u0161la sam kod svekrve s iskrenom \u017eeljom da podijelim sre\u0107u. U rukama sam dr\u017eala ultrazvuk, malu crno bijelu sliku koja je za mene predstavljala novi \u017eivot i novu nadu. Mu\u017e je bio na poslu, pa sam mislila da \u0107e je iznenaditi moj dolazak i obradovati vijest.<\/p>\n\n\n\n<p>Me\u0111utim, \u010dim sam u\u0161la u ku\u0107u, osjetila sam hladno\u0107u. Sjedila je za stolom, uko\u010dena, bez osmijeha, bez rije\u010di dobrodo\u0161lice. Taj pogled mi je jasno dao do znanja da ne\u0161to nije u redu.<\/p>\n\n\n\n<h3 class=\"wp-block-heading\">Re\u010denica koja mijenja sve<\/h3>\n\n\n\n<p>Kada sam joj pru\u017eila ultrazvuk, samo ga je kratko pogledala i spustila na sto. Bez emocija, bez pitanja. A onda je izgovorila re\u010denicu koja mi je oduzela dah. Rekla je da ne smijem re\u0107i istinu njenom sinu, jer bi ga to moglo uni\u0161titi.<\/p>\n\n\n\n<p>U tom trenutku nisam razumjela o \u010demu govori. Bila sam zbunjena i upla\u0161ena. Njene rije\u010di nisu bile optu\u017eba, ve\u0107 upozorenje, ali ispunjeno strahom. Tvrdila je da bi istina mogla razru\u0161iti sve.<\/p>\n\n\n\n<h3 class=\"wp-block-heading\">Optu\u017eba ili strah<\/h3>\n\n\n\n<p>Kako je razgovor odmicao, postalo mi je jasno da ona nema dokaze, ve\u0107 pretpostavke. Njene rije\u010di su bile o\u0161tre, ali iza njih se krila panika. Poku\u0161avala me je uvjeriti da \u0161utim, da sa\u010duvam mir po svaku cijenu.<\/p>\n\n\n\n<p>Kada sam je pitala za\u0161to uop\u0161te sumnja, prvi put je skrenula pogled. Tada je iza\u0161la na vidjelo istina koju je godinama nosila sama.<\/p>\n\n\n\n<h3 class=\"wp-block-heading\">Tajna iz pro\u0161losti<\/h3>\n\n\n\n<p>Priznala mi je da ni njen sin ne zna cijelu istinu o svom porijeklu. Da je i on ro\u0111en uz tajnu koju je ona sakrila kako bi sa\u010duvala porodicu. Trudno\u0107a je u njoj probudila strah da \u0107e se pro\u0161lost ponoviti i da \u0107e njen sin do\u017eivjeti isti bol.<\/p>\n\n\n\n<p>Shvatila sam da me nije gledala kao prijetnju zbog mene same, ve\u0107 zbog vlastite traume. Nije me optu\u017eivala, ve\u0107 se branila od uspomena koje nikada nije preboljela.<\/p>\n\n\n\n<h3 class=\"wp-block-heading\">Razumijevanje umjesto sukoba<\/h3>\n\n\n\n<p>Umjesto sva\u0111e, odlu\u010dila sam govoriti smireno. Rekla sam joj da je njen sin otac mog djeteta i da ga volim. Da nemam namjeru nikoga povrijediti, niti ru\u0161iti porodicu.<\/p>\n\n\n\n<p>U tom trenutku, svekrva se slomila. Suze koje su potekle nisu bile usmjerene protiv mene, ve\u0107 protiv tereta koji je nosila cijeli \u017eivot. Prvi put sam u njoj vidjela majku, a ne strogu i hladnu \u017eenu.<\/p>\n\n\n\n<h3 class=\"wp-block-heading\">Po\u010detak iscjeljenja<\/h3>\n\n\n\n<p>Zamolila me da \u010duvam njenog sina i da ga za\u0161titim od istine za koju vjeruje da bi ga povrijedila. Ja sam joj ponovila da istina u ovom slu\u010daju nije ono \u010dega se boji i da nikada ne bih naudila \u010dovjeku kojeg volim.<\/p>\n\n\n\n<p>Na moje iznena\u0111enje, zagrlila me. Bio je to dug, tih zagrljaj, bez rije\u010di, ali pun olak\u0161anja. Kao da je prvi put skinula teret sa svojih le\u0111a.<\/p>\n\n\n\n<h3 class=\"wp-block-heading\">Zaklju\u010dak<\/h3>\n\n\n\n<p>Tog dana nisam samo pokazala ultrazvuk. Otvorila sam vrata razgovoru koji je godinama bio potisnut. Umjesto da se porodica raspadne, po\u010dela je da se sastavlja na novim temeljima, iskrenijim i ljudskijim.<\/p>\n\n\n\n<p>Ova pri\u010da podsje\u0107a da iza hladnih rije\u010di \u010desto stoje strah i neizlije\u010dene rane, te da ponekad razumijevanje ima ve\u0107u snagu od sukoba.<\/p>\n","protected":false},"excerpt":{"rendered":"<p>Postoje trenuci u \u017eivotu kada o\u010dekujemo radost, a do\u010dekaju nas rije\u010di koje nas zauvijek promijene. Ova pri\u010da govori o jednom takvom susretu, o strahu, nerazumijevanju i istini koja je godinama bila skrivena iza ti\u0161ine. Ujedno, to je pri\u010da o tome kako se i najte\u017ei razgovori mogu pretvoriti u po\u010detak iscjeljenja. Posjeta puna nade Do\u0161la sam [&hellip;]<\/p>\n","protected":false},"author":1,"featured_media":67149,"comment_status":"closed","ping_status":"closed","sticky":false,"template":"","format":"standard","meta":{"footnotes":""},"categories":[10],"tags":[],"class_list":["post-67148","post","type-post","status-publish","format-standard","has-post-thumbnail","hentry","category-zanimljivosti"],"_links":{"self":[{"href":"https:\/\/vaterpolosrbija.rs\/index.php?rest_route=\/wp\/v2\/posts\/67148","targetHints":{"allow":["GET"]}}],"collection":[{"href":"https:\/\/vaterpolosrbija.rs\/index.php?rest_route=\/wp\/v2\/posts"}],"about":[{"href":"https:\/\/vaterpolosrbija.rs\/index.php?rest_route=\/wp\/v2\/types\/post"}],"author":[{"embeddable":true,"href":"https:\/\/vaterpolosrbija.rs\/index.php?rest_route=\/wp\/v2\/users\/1"}],"replies":[{"embeddable":true,"href":"https:\/\/vaterpolosrbija.rs\/index.php?rest_route=%2Fwp%2Fv2%2Fcomments&post=67148"}],"version-history":[{"count":0,"href":"https:\/\/vaterpolosrbija.rs\/index.php?rest_route=\/wp\/v2\/posts\/67148\/revisions"}],"wp:featuredmedia":[{"embeddable":true,"href":"https:\/\/vaterpolosrbija.rs\/index.php?rest_route=\/wp\/v2\/media\/67149"}],"wp:attachment":[{"href":"https:\/\/vaterpolosrbija.rs\/index.php?rest_route=%2Fwp%2Fv2%2Fmedia&parent=67148"}],"wp:term":[{"taxonomy":"category","embeddable":true,"href":"https:\/\/vaterpolosrbija.rs\/index.php?rest_route=%2Fwp%2Fv2%2Fcategories&post=67148"},{"taxonomy":"post_tag","embeddable":true,"href":"https:\/\/vaterpolosrbija.rs\/index.php?rest_route=%2Fwp%2Fv2%2Ftags&post=67148"}],"curies":[{"name":"wp","href":"https:\/\/api.w.org\/{rel}","templated":true}]}}