{"id":67145,"date":"2026-01-21T11:25:22","date_gmt":"2026-01-21T09:25:22","guid":{"rendered":"https:\/\/kvalitetvremena.com\/?p=67145"},"modified":"2026-01-21T11:25:22","modified_gmt":"2026-01-21T09:25:22","slug":"najavljeno-povecanje-penzija-u-federaciji-bih-koliko-raste-iznos-i-kada-stize-prva-isplata","status":"publish","type":"post","link":"https:\/\/vaterpolosrbija.rs\/?p=67145","title":{"rendered":"Najavljeno pove\u0107anje penzija u Federaciji BiH: Koliko raste iznos i kada sti\u017ee prva isplata"},"content":{"rendered":"\n<p>Penzioneri u Federaciji Bosne i Hercegovine mogli bi ve\u0107 po\u010detkom februara osjetiti prve konkretne efekte najavljenih izmjena Zakona o penzijskom i invalidskom osiguranju. Prema rije\u010dima federalnog ministra rada i socijalne politike Adnana Deli\u0107a, postignut je \u0161irok dogovor sa socijalnim partnerima, a o\u010dekuje se i podr\u0161ka u Parlamentu FBiH, kako iz redova vlasti, tako i opozicije.<\/p>\n\n\n\n<p>Ako zakon dobije zeleno svjetlo, pove\u0107ane penzije bi se na\u0161le na ra\u010dunima penzionera ve\u0107 5. februara, \u0161to bi bio jedan od najzna\u010dajnijih pomaka u ovoj oblasti u posljednjih nekoliko godina.<\/p>\n\n\n\n<h3 class=\"wp-block-heading\">Koliko \u0107e penzije biti pove\u0107ane<\/h3>\n\n\n\n<p>Ministar Deli\u0107 je pojasnio da je planirano pove\u0107anje penzija u dvije faze. Prva faza predvi\u0111a rast od oko 11 posto, koji bi se primijenio odmah nakon usvajanja zakona. Druga faza slijedi u julu, kada je planirano dodatno pove\u0107anje od pet posto.<\/p>\n\n\n\n<p>Kada se oba pove\u0107anja saberu, ukupno uve\u0107anje penzija tokom 2026. godine iznosilo bi vi\u0161e od 17 posto. Prema rije\u010dima ministra, ovo rje\u0161enje je rezultat kompromisa izme\u0111u Vlade, predstavnika penzionera i ostalih socijalnih partnera, uzimaju\u0107i u obzir realne mogu\u0107nosti bud\u017eeta.<\/p>\n\n\n\n<h3 class=\"wp-block-heading\">Ispunjeni zahtjevi penzionera<\/h3>\n\n\n\n<p>Jedna od klju\u010dnih poruka ministra Deli\u0107a jeste da su svi zahtjevi koje su penzioneri uputili Ministarstvu u posljednje dvije do tri godine sada u potpunosti implementirani. Naglasio je da \u0107e, nakon usvajanja zakona u Parlamentu i potvrde u Domu naroda, sve dogovorene mjere biti formalno i pravno ispo\u0161tovane.<\/p>\n\n\n\n<p>Ovaj pristup, kako je naveo, ima za cilj vra\u0107anje povjerenja penzionera u sistem i pokazivanje da se njihovi zahtjevi ne zanemaruju, ve\u0107 rje\u0161avaju kroz dijalog i konkretne zakonske izmjene.<\/p>\n\n\n\n<h3 class=\"wp-block-heading\">Dugoro\u010dna stabilnost sistema<\/h3>\n\n\n\n<p>Iako je pove\u0107anje penzija zna\u010dajno, ministar je istakao da ono i dalje ne rje\u0161ava sve probleme s kojima se suo\u010davaju penzioneri. Prema njegovim rije\u010dima, va\u017eno je da pove\u0107anja budu odr\u017eiva i u skladu s dugoro\u010dnom stabilno\u0161\u0107u penzijsko-invalidskog sistema.<\/p>\n\n\n\n<p>Posebno je naglasio potrebu da se, osim visine penzija, vi\u0161e pa\u017enje posveti i drugim aspektima \u017eivota starijih osoba, poput zdravstvene za\u0161tite, uslova za zdravo starenje i dru\u0161tvene uklju\u010denosti, koji su \u010desto zapostavljeni u javnim raspravama.<\/p>\n\n\n\n<h3 class=\"wp-block-heading\">Pravedniji odnos prema radnom sta\u017eu<\/h3>\n\n\n\n<p>Jedan od ciljeva izmjena zakona je i uspostavljanje pravednijeg odnosa izme\u0111u visine penzije i du\u017eine radnog sta\u017ea. Ministar je jasno poru\u010dio da nije odr\u017eivo da osobe s minimalnim sta\u017eom imaju ista ili sli\u010dna primanja kao oni koji su radili \u010detiri decenije.<\/p>\n\n\n\n<p>Prema njegovim rije\u010dima, izmjene se provode u skladu s trenutnim finansijskim mogu\u0107nostima, ali uz jasnu namjeru da se rad i dugogodi\u0161nji doprinos sistemu adekvatno vrednuju.<\/p>\n\n\n\n<h3 class=\"wp-block-heading\">\u0160ta penzioneri mogu o\u010dekivati u narednom periodu<\/h3>\n\n\n\n<p>Ukoliko zakon bude usvojen u najavljenim rokovima, penzioneri mogu o\u010dekivati prvu isplatu uve\u0107anih penzija ve\u0107 po\u010detkom februara, dok bi dodatno pove\u0107anje uslijedilo sredinom godine. Iako predstoje jo\u0161 formalni koraci, najave iz resornog ministarstva ulijevaju nadu da \u0107e se materijalni polo\u017eaj penzionera barem djelimi\u010dno pobolj\u0161ati.<\/p>\n\n\n\n<p>Ova tema ostaje jedna od klju\u010dnih u socijalnoj politici Federacije BiH, a naredni mjeseci pokazat \u0107e da li \u0107e najavljene mjere u potpunosti opravdati o\u010dekivanja onih koji su svoj radni vijek ugradili u ovaj sistem.<\/p>\n","protected":false},"excerpt":{"rendered":"<p>Penzioneri u Federaciji Bosne i Hercegovine mogli bi ve\u0107 po\u010detkom februara osjetiti prve konkretne efekte najavljenih izmjena Zakona o penzijskom i invalidskom osiguranju. Prema rije\u010dima federalnog ministra rada i socijalne politike Adnana Deli\u0107a, postignut je \u0161irok dogovor sa socijalnim partnerima, a o\u010dekuje se i podr\u0161ka u Parlamentu FBiH, kako iz redova vlasti, tako i opozicije. [&hellip;]<\/p>\n","protected":false},"author":1,"featured_media":67146,"comment_status":"closed","ping_status":"closed","sticky":false,"template":"","format":"standard","meta":{"footnotes":""},"categories":[10],"tags":[],"class_list":["post-67145","post","type-post","status-publish","format-standard","has-post-thumbnail","hentry","category-zanimljivosti"],"_links":{"self":[{"href":"https:\/\/vaterpolosrbija.rs\/index.php?rest_route=\/wp\/v2\/posts\/67145","targetHints":{"allow":["GET"]}}],"collection":[{"href":"https:\/\/vaterpolosrbija.rs\/index.php?rest_route=\/wp\/v2\/posts"}],"about":[{"href":"https:\/\/vaterpolosrbija.rs\/index.php?rest_route=\/wp\/v2\/types\/post"}],"author":[{"embeddable":true,"href":"https:\/\/vaterpolosrbija.rs\/index.php?rest_route=\/wp\/v2\/users\/1"}],"replies":[{"embeddable":true,"href":"https:\/\/vaterpolosrbija.rs\/index.php?rest_route=%2Fwp%2Fv2%2Fcomments&post=67145"}],"version-history":[{"count":0,"href":"https:\/\/vaterpolosrbija.rs\/index.php?rest_route=\/wp\/v2\/posts\/67145\/revisions"}],"wp:featuredmedia":[{"embeddable":true,"href":"https:\/\/vaterpolosrbija.rs\/index.php?rest_route=\/wp\/v2\/media\/67146"}],"wp:attachment":[{"href":"https:\/\/vaterpolosrbija.rs\/index.php?rest_route=%2Fwp%2Fv2%2Fmedia&parent=67145"}],"wp:term":[{"taxonomy":"category","embeddable":true,"href":"https:\/\/vaterpolosrbija.rs\/index.php?rest_route=%2Fwp%2Fv2%2Fcategories&post=67145"},{"taxonomy":"post_tag","embeddable":true,"href":"https:\/\/vaterpolosrbija.rs\/index.php?rest_route=%2Fwp%2Fv2%2Ftags&post=67145"}],"curies":[{"name":"wp","href":"https:\/\/api.w.org\/{rel}","templated":true}]}}