{"id":67136,"date":"2026-01-20T21:14:56","date_gmt":"2026-01-20T19:14:56","guid":{"rendered":"https:\/\/kvalitetvremena.com\/?p=67136"},"modified":"2026-01-20T21:14:56","modified_gmt":"2026-01-20T19:14:56","slug":"od-nepriznate-djevojke-do-zene-koja-je-oblikovala-vlastitu-sudbinu-prica-emme","status":"publish","type":"post","link":"https:\/\/vaterpolosrbija.rs\/?p=67136","title":{"rendered":"Od nepriznate djevojke do \u017eene koja je oblikovala vlastitu sudbinu: Pri\u010da Emme"},"content":{"rendered":"\n<p>U dana\u0161njem \u010dlanku pi\u0161emo o pri\u010di koja pokazuje koliko je unutra\u0161nja snaga va\u017ena i kako \u017eivot mo\u017ee pru\u017eiti priliku onima koje drugi otpi\u0161u. Ovo je pri\u010da o djevojci Emmi, koja je nau\u010dila da prava vrijednost \u010dovjeka ne le\u017ei u izgledu, ve\u0107 u karakteru, upornosti i po\u0161tenju.<\/p>\n\n\n\n<hr class=\"wp-block-separator has-alpha-channel-opacity\"\/>\n\n\n\n<p>Emma je odrasla u selu gdje je ljepota bila valuta. Dok su druge djevojke dobijale pa\u017enju i \u0161anse zbog izgleda, Emma je bila zanemarena, smatrana manje vrijednom i \u201cvi\u0161kom\u201d. Njeni roditelji su je poslali da radi u konju\u0161nici bogatog vlasnika, ne o\u010dekuju\u0107i ni\u0161ta osim te\u017eeg rada i tihe poslu\u0161nosti. U njihovim o\u010dima, ovo je bila kazna, a u o\u010dima sela \u2013 potvrda da nije dovoljno dobra.<\/p>\n\n\n\n<p>Konju\u0161nica je bila mjesto gdje se radilo bez pitanja, gdje prljav\u0161tina i mirisi postaju svakodnevica, a dani sporo prolaze. No upravo u toj ti\u0161ini, Emma je otkrila ne\u0161to va\u017eno \u2013 ovdje je bila samo radnica, nitko je nije omalova\u017eavao, nitko je nije sudio. U toj jednostavnoj rutini, prona\u0161la je svoju vrijednost u radu i strpljenju, a strah i osje\u0107aj manje vrijednosti polako su nestajali.<\/p>\n\n\n\n<p>Mjeseci su prolazili, a Emma je nau\u010dila kako da bude sigurna i neprimjetna. Nau\u010dila je promatrati, u\u010diti i djelovati tiho, \u0161to joj je kasnije omogu\u0107ilo da prepozna i iskoristi priliku kada se ukazala. Jednog dana, mladi gospodar imanja primijetio je njenu marljivost i po\u0161tenje. Umjesto da je osu\u0111uje zbog njenog polo\u017eaja i pro\u0161losti, pru\u017eio joj je priliku da radi u njegovoj ku\u0107i, gdje su po\u0161tovanje, sigurnost i priznanje bili norma, a ne privilegija.<\/p>\n\n\n\n<p>Pristankom na novu ulogu, \u017eivot Emme po\u010deo se mijenjati. Njen rad je dobio smisao, a odnos s ljudima oko nje bio je temeljen na po\u0161tovanju. Po prvi put, nije bila teret, ve\u0107 podr\u0161ka i oslonac. Godina dana rada u novom okru\u017eenju transformisala je njenu li\u010dnost \u2013 stekla je sigurnost u sebe, samopouzdanje i unutra\u0161nju snagu koju niko nije mogao osporiti.<\/p>\n\n\n\n<p>Kada su roditelji kona\u010dno do\u0161li da je posjete, o\u010dekivali su istu djevojku koju su ostavili: povu\u010denu, upla\u0161enu i nemo\u0107nu. Umjesto toga, zatekli su Emmu koju nisu prepoznavali. Njeno dr\u017eanje bilo je sigurno, pogled jasan, a mir u pona\u0161anju potvr\u0111ivao je njenu snagu. Mladi gospodar nije u njoj vidio samo radnicu, ve\u0107 osobu od povjerenja, po\u0161tenu, skromnu i odlu\u010dnu. Tijekom vremena, Emma je postala njegova saputnica, a kasnije i supruga, dokazav\u0161i da prava vrijednost ne dolazi od izgleda, ve\u0107 od karaktera i upornosti.<\/p>\n\n\n\n<p>Ova pri\u010da je sna\u017ean podsjetnik da \u017eivot \u010desto pru\u017ea priliku onima koje drugi otpisuju. Emma nije postala gospodarica zbog tu\u0111e milosti, ve\u0107 zbog svoje hrabrosti, strpljenja i vjere u vlastitu vrijednost. Njezina transformacija pokazuje da je prava snaga u prihvatanju sebe, radu na sebi i sposobnosti da prepoznamo priliku kada se uka\u017ee.<\/p>\n","protected":false},"excerpt":{"rendered":"<p>U dana\u0161njem \u010dlanku pi\u0161emo o pri\u010di koja pokazuje koliko je unutra\u0161nja snaga va\u017ena i kako \u017eivot mo\u017ee pru\u017eiti priliku onima koje drugi otpi\u0161u. Ovo je pri\u010da o djevojci Emmi, koja je nau\u010dila da prava vrijednost \u010dovjeka ne le\u017ei u izgledu, ve\u0107 u karakteru, upornosti i po\u0161tenju. Emma je odrasla u selu gdje je ljepota bila [&hellip;]<\/p>\n","protected":false},"author":1,"featured_media":67137,"comment_status":"closed","ping_status":"closed","sticky":false,"template":"","format":"standard","meta":{"footnotes":""},"categories":[10],"tags":[],"class_list":["post-67136","post","type-post","status-publish","format-standard","has-post-thumbnail","hentry","category-zanimljivosti"],"_links":{"self":[{"href":"https:\/\/vaterpolosrbija.rs\/index.php?rest_route=\/wp\/v2\/posts\/67136","targetHints":{"allow":["GET"]}}],"collection":[{"href":"https:\/\/vaterpolosrbija.rs\/index.php?rest_route=\/wp\/v2\/posts"}],"about":[{"href":"https:\/\/vaterpolosrbija.rs\/index.php?rest_route=\/wp\/v2\/types\/post"}],"author":[{"embeddable":true,"href":"https:\/\/vaterpolosrbija.rs\/index.php?rest_route=\/wp\/v2\/users\/1"}],"replies":[{"embeddable":true,"href":"https:\/\/vaterpolosrbija.rs\/index.php?rest_route=%2Fwp%2Fv2%2Fcomments&post=67136"}],"version-history":[{"count":0,"href":"https:\/\/vaterpolosrbija.rs\/index.php?rest_route=\/wp\/v2\/posts\/67136\/revisions"}],"wp:featuredmedia":[{"embeddable":true,"href":"https:\/\/vaterpolosrbija.rs\/index.php?rest_route=\/wp\/v2\/media\/67137"}],"wp:attachment":[{"href":"https:\/\/vaterpolosrbija.rs\/index.php?rest_route=%2Fwp%2Fv2%2Fmedia&parent=67136"}],"wp:term":[{"taxonomy":"category","embeddable":true,"href":"https:\/\/vaterpolosrbija.rs\/index.php?rest_route=%2Fwp%2Fv2%2Fcategories&post=67136"},{"taxonomy":"post_tag","embeddable":true,"href":"https:\/\/vaterpolosrbija.rs\/index.php?rest_route=%2Fwp%2Fv2%2Ftags&post=67136"}],"curies":[{"name":"wp","href":"https:\/\/api.w.org\/{rel}","templated":true}]}}