{"id":67127,"date":"2026-01-20T19:46:18","date_gmt":"2026-01-20T17:46:18","guid":{"rendered":"https:\/\/kvalitetvremena.com\/?p=67127"},"modified":"2026-01-20T19:46:18","modified_gmt":"2026-01-20T17:46:18","slug":"sladic-smiruje-javnostza-ostatak-januara-bez-ekstremne-zime-i-razloga-za-paniku","status":"publish","type":"post","link":"https:\/\/vaterpolosrbija.rs\/?p=67127","title":{"rendered":"Sladi\u0107 smiruje javnostZa ostatak januara bez ekstremne zime i razloga za paniku"},"content":{"rendered":"\n<p>U posljednjim danima javnost su uznemirile najave pojedinih stranih meteorolo\u0161kih servisa koji su prognozirali dolazak takozvanih sibirskih oluja i izrazito niskih temperatura. Takve prognoze brzo su se pro\u0161irile dru\u0161tvenim mre\u017eama i medijima, izazivaju\u0107i zabrinutost gra\u0111ana. Me\u0111utim, poznati bosanskohercegova\u010dki meteorolog Nedim Sladi\u0107 iznio je znatno umjereniju i smireniju procjenu vremenskih prilika.<\/p>\n\n\n\n<p>Prema njegovim rije\u010dima, trenutno ne postoje jasni meteorolo\u0161ki signali koji bi ukazivali na neuobi\u010dajeno o\u0161tru zimu u nastavku januara. Sladi\u0107 isti\u010de da se njegova prognoza razlikuje od nekih me\u0111unarodnih modela, ali nagla\u0161ava da se zasniva na pa\u017eljivoj analizi dostupnih podataka.<\/p>\n\n\n\n<p>\u0160ta nas o\u010dekuje do kraja januara<\/p>\n\n\n\n<p>Sladi\u0107 obja\u0161njava da hladna zra\u010dna masa koja se trenutno nalazi iznad na\u0161eg podru\u010dja ne\u0107e dugo potrajati. O\u010dekuje se da \u0107e se ona povu\u0107i do sredine sedmice, uz postepeno slabljenje zra\u010dnog pritiska. To zna\u010di da ne\u0107e do\u0107i do dugotrajnog zahla\u0111enja niti ekstremnih temperatura kakve su se spominjale u pojedinim prognozama.<\/p>\n\n\n\n<p>Umjesto izra\u017eene hladno\u0107e i leda, vremenske prilike \u0107e se mijenjati u pravcu pove\u0107ane obla\u010dnosti. Po\u010detni periodi vedrog vremena, koji su u kotlinama i rije\u010dnim dolinama \u010desto pra\u0107eni niskom naoblakom, postupno \u0107e ustupati mjesto gu\u0161\u0107im oblacima.<\/p>\n\n\n\n<p>Padavine umjesto ekstremne hladno\u0107e<\/p>\n\n\n\n<p>Kako se bude pribli\u017eavao kraj radne sedmice, Sladi\u0107 najavljuje i mogu\u0107nost padavina. One \u0107e biti posljedica promjene atmosferskih prilika, a ne naglog prodora hladnog zraka sa sjevera. Ovakav razvoj vremena u skladu je s onim \u0161to je uobi\u010dajeno za januar na ovim prostorima.<\/p>\n\n\n\n<p>Meteorolog posebno nagla\u0161ava da nema potrebe za \u0161irenjem straha ili panike, jer trenutni pokazatelji ne ukazuju na scenarije koji bi zna\u010dajno odstupali od sezonskog prosjeka.<\/p>\n\n\n\n<p>\u0160ta je s februarom<\/p>\n\n\n\n<p>Kada je rije\u010d o februaru, mjesecu u kojem neki modeli ve\u0107 sada najavljuju sna\u017ean prodor hladnog zraka, Sladi\u0107 ostaje oprezan. Isti\u010de da je jo\u0161 prerano donositi pouzdane zaklju\u010dke za tako dug vremenski period unaprijed. Vremenske prognoze na du\u017ee staze podlo\u017ene su \u010destim promjenama, zbog \u010dega ih treba uzimati s rezervom.<\/p>\n\n\n\n<p>Za\u0161to je va\u017eno oslanjati se na provjerene informacije<\/p>\n\n\n\n<p>Sladi\u0107eva poruka podsje\u0107a koliko je va\u017eno razlikovati senzacionalne najave od stru\u010dnih i uravnote\u017eenih analiza. U vremenu brzog \u0161irenja informacija, posebno na dru\u0161tvenim mre\u017eama, \u010desto se isti\u010du ekstremni scenariji koji privla\u010de pa\u017enju, ali nisu uvijek zasnovani na stabilnim meteorolo\u0161kim pokazateljima.<\/p>\n\n\n\n<p>Zaklju\u010dak<\/p>\n\n\n\n<p>Prema aktuelnim podacima, ostatak januara donosi vremenske prilike koje su u okvirima uobi\u010dajenog zimskog perioda, bez ekstremnih zahla\u0111enja. Promjenjivo vrijeme s vi\u0161e oblaka i mogu\u0107im padavinama zamijeni\u0107e trenutnu hladno\u0107u, dok za februar jo\u0161 nema dovoljno pouzdanih pokazatelja.<\/p>\n\n\n\n<p>Poruka stru\u010dnjaka je jasna. Razloga za paniku nema, a vremenske prilike treba pratiti kroz provjerene i odgovorne prognoze.<\/p>\n","protected":false},"excerpt":{"rendered":"<p>U posljednjim danima javnost su uznemirile najave pojedinih stranih meteorolo\u0161kih servisa koji su prognozirali dolazak takozvanih sibirskih oluja i izrazito niskih temperatura. Takve prognoze brzo su se pro\u0161irile dru\u0161tvenim mre\u017eama i medijima, izazivaju\u0107i zabrinutost gra\u0111ana. Me\u0111utim, poznati bosanskohercegova\u010dki meteorolog Nedim Sladi\u0107 iznio je znatno umjereniju i smireniju procjenu vremenskih prilika. Prema njegovim rije\u010dima, trenutno ne [&hellip;]<\/p>\n","protected":false},"author":1,"featured_media":67128,"comment_status":"closed","ping_status":"closed","sticky":false,"template":"","format":"standard","meta":{"footnotes":""},"categories":[10],"tags":[],"class_list":["post-67127","post","type-post","status-publish","format-standard","has-post-thumbnail","hentry","category-zanimljivosti"],"_links":{"self":[{"href":"https:\/\/vaterpolosrbija.rs\/index.php?rest_route=\/wp\/v2\/posts\/67127","targetHints":{"allow":["GET"]}}],"collection":[{"href":"https:\/\/vaterpolosrbija.rs\/index.php?rest_route=\/wp\/v2\/posts"}],"about":[{"href":"https:\/\/vaterpolosrbija.rs\/index.php?rest_route=\/wp\/v2\/types\/post"}],"author":[{"embeddable":true,"href":"https:\/\/vaterpolosrbija.rs\/index.php?rest_route=\/wp\/v2\/users\/1"}],"replies":[{"embeddable":true,"href":"https:\/\/vaterpolosrbija.rs\/index.php?rest_route=%2Fwp%2Fv2%2Fcomments&post=67127"}],"version-history":[{"count":0,"href":"https:\/\/vaterpolosrbija.rs\/index.php?rest_route=\/wp\/v2\/posts\/67127\/revisions"}],"wp:featuredmedia":[{"embeddable":true,"href":"https:\/\/vaterpolosrbija.rs\/index.php?rest_route=\/wp\/v2\/media\/67128"}],"wp:attachment":[{"href":"https:\/\/vaterpolosrbija.rs\/index.php?rest_route=%2Fwp%2Fv2%2Fmedia&parent=67127"}],"wp:term":[{"taxonomy":"category","embeddable":true,"href":"https:\/\/vaterpolosrbija.rs\/index.php?rest_route=%2Fwp%2Fv2%2Fcategories&post=67127"},{"taxonomy":"post_tag","embeddable":true,"href":"https:\/\/vaterpolosrbija.rs\/index.php?rest_route=%2Fwp%2Fv2%2Ftags&post=67127"}],"curies":[{"name":"wp","href":"https:\/\/api.w.org\/{rel}","templated":true}]}}