{"id":67124,"date":"2026-01-20T12:44:15","date_gmt":"2026-01-20T10:44:15","guid":{"rendered":"https:\/\/kvalitetvremena.com\/?p=67124"},"modified":"2026-01-20T12:44:15","modified_gmt":"2026-01-20T10:44:15","slug":"slucaj-mlade-zene-iz-bugojna-otvara-vazna-pitanja-o-bezbjednosti-i-porodicnoj-zastiti","status":"publish","type":"post","link":"https:\/\/vaterpolosrbija.rs\/?p=67124","title":{"rendered":"Slu\u010daj mlade \u017eene iz Bugojna otvara va\u017ena pitanja o bezbjednosti i porodi\u010dnoj za\u0161titi"},"content":{"rendered":"\n<p>U javnosti je ovih dana pa\u017enju privukao slu\u010daj osamnaestogodi\u0161nje Amine D\u017eelilovi\u0107 Dedi\u0107 iz Bugojna koja je, prema dostupnim informacijama, napustila doma\u0107instvo porodice u koju se udala i potra\u017eila pomo\u0107. Ovaj doga\u0111aj ponovo je otvorio va\u017ene teme o za\u0161titi mladih osoba, porodi\u010dnim odnosima i ulozi institucija u situacijama kada postoji sumnja na zlostavljanje ili prisilu.<\/p>\n\n\n\n<p>Prema informacijama koje su dostupne javnosti, Amina je uspjela pobje\u0107i i skloniti se kod kom\u0161inice, nakon \u010dega su obavije\u0161teni \u010dlanovi njene porodice i nadle\u017eni organi. Trenutno se nalazi u policijskoj stanici gdje daje izjavu i gdje se, prema navodima, nalazi pod za\u0161titom institucija.<\/p>\n\n\n\n<p>Svjedo\u010denje porodice i stanje mlade \u017eene<\/p>\n\n\n\n<p>Majka mlade \u017eene je u izjavi za medije navela da je njena k\u0107erka prona\u0111ena u te\u0161kom fizi\u010dkom i psihi\u010dkom stanju, vidno uznemirena i pothla\u0111ena. Prema njenim rije\u010dima, Amina je bila primorana da potra\u017ei pomo\u0107 kod prve osobe kojoj je mogla vjerovati, \u0161to ukazuje na ozbiljnost situacije u kojoj se nalazila.<\/p>\n\n\n\n<p>Porodica isti\u010de da je ve\u0107 ranije izra\u017eavala zabrinutost za njenu sigurnost, te da su postojali kontakti sa institucijama. Majka je tako\u0111e potvrdila da je tog dana bila u sudu kako bi dala izjavu u vezi sa ranijim doga\u0111ajima i poku\u0161ajima da stupi u kontakt sa svojim djetetom.<\/p>\n\n\n\n<p>Uloga policije i institucija<\/p>\n\n\n\n<p>U ovakvim slu\u010dajevima, policija i centri za socijalni rad imaju klju\u010dnu ulogu u utvr\u0111ivanju \u010dinjenica i osiguravanju bezbjednosti osobe koja tra\u017ei pomo\u0107. Davanje izjave je prvi korak u procesu koji treba da razjasni okolnosti i eventualnu odgovornost uklju\u010denih strana.<\/p>\n\n\n\n<p>Va\u017eno je naglasiti da se svi navodi u ovakvim situacijama razmatraju kroz zakonom propisane procedure, uz po\u0161tovanje prava svih uklju\u010denih. Prioritet je za\u0161tita zdravlja i \u017eivota osobe koja je prijavila problem, kao i pru\u017eanje psiholo\u0161ke i pravne podr\u0161ke.<\/p>\n\n\n\n<p>\u0160ira poruka ovog slu\u010daja<\/p>\n\n\n\n<p>Ovaj doga\u0111aj ukazuje na potrebu za otvorenim razgovorom o ranim brakovima, pritisku okoline i va\u017enosti podr\u0161ke mladim osobama koje se na\u0111u u te\u0161kim porodi\u010dnim okolnostima. Tako\u0111e podsje\u0107a koliko je va\u017eno da okolina reaguje na vrijeme i da institucije budu dostupne i efikasne.<\/p>\n\n\n\n<p>Svaka osoba ima pravo na sigurnost, dostojanstvo i slobodu izbora. Kada se pojave znaci ugro\u017eenosti, va\u017eno je reagovati brzo i odgovorno, bez osude i senzacionalizma. Ovakvi slu\u010dajevi ne treba da budu povod za naga\u0111anja, ve\u0107 za ja\u010danje svijesti o tome koliko su podr\u0161ka i za\u0161tita va\u017eni, posebno za mlade ljude na po\u010detku \u017eivota.<\/p>\n\n\n\n<p>Napomena<br>Tekst je informativnog karaktera i zasnovan na javno dostupnim podacima. Sve nadle\u017ene institucije su odgovorne za dalji tok postupka i utvr\u0111ivanje \u010dinjenica.<\/p>\n","protected":false},"excerpt":{"rendered":"<p>U javnosti je ovih dana pa\u017enju privukao slu\u010daj osamnaestogodi\u0161nje Amine D\u017eelilovi\u0107 Dedi\u0107 iz Bugojna koja je, prema dostupnim informacijama, napustila doma\u0107instvo porodice u koju se udala i potra\u017eila pomo\u0107. Ovaj doga\u0111aj ponovo je otvorio va\u017ene teme o za\u0161titi mladih osoba, porodi\u010dnim odnosima i ulozi institucija u situacijama kada postoji sumnja na zlostavljanje ili prisilu. Prema [&hellip;]<\/p>\n","protected":false},"author":1,"featured_media":67125,"comment_status":"closed","ping_status":"closed","sticky":false,"template":"","format":"standard","meta":{"footnotes":""},"categories":[12],"tags":[],"class_list":["post-67124","post","type-post","status-publish","format-standard","has-post-thumbnail","hentry","category-ispovijest"],"_links":{"self":[{"href":"https:\/\/vaterpolosrbija.rs\/index.php?rest_route=\/wp\/v2\/posts\/67124","targetHints":{"allow":["GET"]}}],"collection":[{"href":"https:\/\/vaterpolosrbija.rs\/index.php?rest_route=\/wp\/v2\/posts"}],"about":[{"href":"https:\/\/vaterpolosrbija.rs\/index.php?rest_route=\/wp\/v2\/types\/post"}],"author":[{"embeddable":true,"href":"https:\/\/vaterpolosrbija.rs\/index.php?rest_route=\/wp\/v2\/users\/1"}],"replies":[{"embeddable":true,"href":"https:\/\/vaterpolosrbija.rs\/index.php?rest_route=%2Fwp%2Fv2%2Fcomments&post=67124"}],"version-history":[{"count":0,"href":"https:\/\/vaterpolosrbija.rs\/index.php?rest_route=\/wp\/v2\/posts\/67124\/revisions"}],"wp:featuredmedia":[{"embeddable":true,"href":"https:\/\/vaterpolosrbija.rs\/index.php?rest_route=\/wp\/v2\/media\/67125"}],"wp:attachment":[{"href":"https:\/\/vaterpolosrbija.rs\/index.php?rest_route=%2Fwp%2Fv2%2Fmedia&parent=67124"}],"wp:term":[{"taxonomy":"category","embeddable":true,"href":"https:\/\/vaterpolosrbija.rs\/index.php?rest_route=%2Fwp%2Fv2%2Fcategories&post=67124"},{"taxonomy":"post_tag","embeddable":true,"href":"https:\/\/vaterpolosrbija.rs\/index.php?rest_route=%2Fwp%2Fv2%2Ftags&post=67124"}],"curies":[{"name":"wp","href":"https:\/\/api.w.org\/{rel}","templated":true}]}}