{"id":67102,"date":"2026-01-19T22:02:21","date_gmt":"2026-01-19T20:02:21","guid":{"rendered":"https:\/\/kvalitetvremena.com\/?p=67102"},"modified":"2026-01-19T22:02:21","modified_gmt":"2026-01-19T20:02:21","slug":"pravilo-bez-telefona-za-vecerom-koje-je-neocekivano-spaslo-zivot","status":"publish","type":"post","link":"https:\/\/vaterpolosrbija.rs\/?p=67102","title":{"rendered":"Pravilo bez telefona za ve\u010derom koje je neo\u010dekivano spaslo \u017eivot"},"content":{"rendered":"\n<p>U na\u0161oj ku\u0107i postojalo je jednostavno pravilo \u2014 nema gledanja u telefone za vreme ve\u010dere. Bio je to na\u0161 mali porodi\u010dni ritual, trenutak u danu kada bismo se odvojili od obaveza i posvetili jedni drugima. Nisam ni slutila da \u0107e upravo to pravilo jedne ve\u010deri imati mnogo ve\u0107i zna\u010daj nego \u0161to smo mogli da zamislimo.<\/p>\n\n\n\n<p>Sedeli smo za stolom, razgovarali i ve\u010derali, kada je telefon mog mu\u017ea zasvetleo. Nije ga uzeo, samo je kratko pogledao i nastavio razgovor. Nekoliko minuta kasnije ekran je ponovo zasvetleo, a zatim je telefon po\u010deo uporno da vibrira, kao da ne\u0161to hitno poku\u0161ava da probije na\u0161u ti\u0161inu.<\/p>\n\n\n\n<p>Tada ga je podigao. U istom trenutku promenio se izraz njegovog lica \u2014 prebledio je i naglo ustao, toliko brzo da je stolica glasno zaskri\u00adpala.<\/p>\n\n\n\n<p>\u201eO, ne\u2026 mama\u201c, izgovorio je i ve\u0107 slede\u0107eg trenutka zvao hitnu pomo\u0107.<\/p>\n\n\n\n<p>Drhtavim glasom je izgovarao adresu, a zatim zgrabio klju\u010deve i istr\u010dao iz ku\u0107e. Ostala sam da stojim u trpezariji, sa vilju\u0161kom u ruci i ose\u0107ajem da mi se srce penje u grlo. U ku\u0107i je zavladala ti\u0161ina, a ja sam nervozno hodala i \u010dekala bilo kakvu vest.<\/p>\n\n\n\n<p>Sat vremena kasnije zazvonio je telefon. Njegov glas bio je smireniji, ali umoran.<\/p>\n\n\n\n<p>\u201eDobro je. Svesna je. Odvode je u bolnicu na snimanja\u201c, rekao je.<\/p>\n\n\n\n<p>Olak\u0161anje me je preplavilo, ali je potom dodao ne\u0161to \u0161to me je ponovo uznemirilo:<\/p>\n\n\n\n<p>\u201eIma jo\u0161 ne\u0161to\u2026 Re\u0107i \u0107u ti kad se vratim.\u201c<\/p>\n\n\n\n<p>Kada je do\u0161ao ku\u0107i, seo je tiho i rekao da \u0107e njegova majka Renata biti dobro, ali da su tokom pregleda lekari primetili promenu koja zahteva dodatne analize. Rano otkrivanje bolesti zna\u010dilo je da postoji dobra \u0161ansa za uspe\u0161no le\u010denje. Renata je, ispostavilo se, mesecima ignorisala simptome, uverena da nisu ozbiljni. Da nije bilo tog iznenadnog poziva i odlaska u bolnicu, sve bi moglo ostati neotkriveno mnogo du\u017ee.<\/p>\n\n\n\n<p>Ta ve\u010dera, koja je po\u010dela sasvim obi\u010dno, postala je prekretnica.<\/p>\n\n\n\n<p>Nekoliko dana kasnije saznali smo jo\u0161 jednu zabrinjavaju\u0107u, ali i sre\u0107om prekinutu situaciju. Renata je priznala da je tog jutra razgovarala sa osobom koja se predstavila kao finansijski savetnik i poku\u0161ala da od nje dobije li\u010dne bankarske podatke. Poziv je prekinut u trenutku kada joj je pozlilo, \u010dime je, sasvim slu\u010dajno, izbegla ozbiljnu prevaru.<\/p>\n\n\n\n<p>Tokom le\u010denja, Renata je upoznala Osmana, penzionisanog vatrogasca koji joj je nesebi\u010dno pomagao \u2014 donosio namirnice, pravio joj dru\u0161tvo i pru\u017eao podr\u0161ku. Njihovo poznanstvo preraslo je u iskreno prijateljstvo.<\/p>\n\n\n\n<p>Jedne ve\u010deri, tokom porodi\u010dnog okupljanja, Osman je pogledao mog mu\u017ea i rekao da mu je lice poznato. Nakon kratkog razgovora shvatili smo da je upravo on pre mnogo godina izvukao mog mu\u017ea iz zapaljenog automobila nakon te\u0161ke saobra\u0107ajne nesre\u0107e. \u010covek koji mu je tada spasao \u017eivot, sada je pomagao njegovoj majci u borbi sa bole\u0161\u0107u.<\/p>\n\n\n\n<p>Do kraja godine Renata se oporavila. Proslavili smo u dvori\u0161tu, skromno, ali sa velikim ose\u0107ajem zahvalnosti. Shvatili smo koliko su ponekad sitna pravila, slu\u010dajni trenuci i ljudska prisutnost u pravom \u010dasu presudni.<\/p>\n\n\n\n<p>Te ve\u010deri moj mu\u017e je tiho rekao:<\/p>\n\n\n\n<p>\u201eMo\u017eda to pravilo o telefonima nikada nije bilo o ekranima. Mo\u017eda je uvek bilo o tome da budemo zaista prisutni \u2014 i spremni da reagujemo kada je najva\u017enije.\u201c<\/p>\n","protected":false},"excerpt":{"rendered":"<p>U na\u0161oj ku\u0107i postojalo je jednostavno pravilo \u2014 nema gledanja u telefone za vreme ve\u010dere. Bio je to na\u0161 mali porodi\u010dni ritual, trenutak u danu kada bismo se odvojili od obaveza i posvetili jedni drugima. Nisam ni slutila da \u0107e upravo to pravilo jedne ve\u010deri imati mnogo ve\u0107i zna\u010daj nego \u0161to smo mogli da zamislimo. [&hellip;]<\/p>\n","protected":false},"author":1,"featured_media":67103,"comment_status":"closed","ping_status":"closed","sticky":false,"template":"","format":"standard","meta":{"footnotes":""},"categories":[12],"tags":[],"class_list":["post-67102","post","type-post","status-publish","format-standard","has-post-thumbnail","hentry","category-ispovijest"],"_links":{"self":[{"href":"https:\/\/vaterpolosrbija.rs\/index.php?rest_route=\/wp\/v2\/posts\/67102","targetHints":{"allow":["GET"]}}],"collection":[{"href":"https:\/\/vaterpolosrbija.rs\/index.php?rest_route=\/wp\/v2\/posts"}],"about":[{"href":"https:\/\/vaterpolosrbija.rs\/index.php?rest_route=\/wp\/v2\/types\/post"}],"author":[{"embeddable":true,"href":"https:\/\/vaterpolosrbija.rs\/index.php?rest_route=\/wp\/v2\/users\/1"}],"replies":[{"embeddable":true,"href":"https:\/\/vaterpolosrbija.rs\/index.php?rest_route=%2Fwp%2Fv2%2Fcomments&post=67102"}],"version-history":[{"count":0,"href":"https:\/\/vaterpolosrbija.rs\/index.php?rest_route=\/wp\/v2\/posts\/67102\/revisions"}],"wp:featuredmedia":[{"embeddable":true,"href":"https:\/\/vaterpolosrbija.rs\/index.php?rest_route=\/wp\/v2\/media\/67103"}],"wp:attachment":[{"href":"https:\/\/vaterpolosrbija.rs\/index.php?rest_route=%2Fwp%2Fv2%2Fmedia&parent=67102"}],"wp:term":[{"taxonomy":"category","embeddable":true,"href":"https:\/\/vaterpolosrbija.rs\/index.php?rest_route=%2Fwp%2Fv2%2Fcategories&post=67102"},{"taxonomy":"post_tag","embeddable":true,"href":"https:\/\/vaterpolosrbija.rs\/index.php?rest_route=%2Fwp%2Fv2%2Ftags&post=67102"}],"curies":[{"name":"wp","href":"https:\/\/api.w.org\/{rel}","templated":true}]}}