{"id":67077,"date":"2026-01-19T12:03:50","date_gmt":"2026-01-19T10:03:50","guid":{"rendered":"https:\/\/kvalitetvremena.com\/?p=67077"},"modified":"2026-01-19T12:03:50","modified_gmt":"2026-01-19T10:03:50","slug":"kako-sam-spoznao-da-je-moja-kci-u-opasnosti-vecera-koja-je-otkrila-skrivenu-prijetnju","status":"publish","type":"post","link":"https:\/\/vaterpolosrbija.rs\/?p=67077","title":{"rendered":"Kako sam spoznao da je moja k\u0107i u opasnosti: ve\u010dera koja je otkrila skrivenu prijetnju"},"content":{"rendered":"\n<p>Moj \u017eivot, gotovo dva desetlje\u0107a, bio je posve\u0107en jednom cilju \u2013 za\u0161titi svoje k\u0107eri Emily. Nakon \u0161to je njezina majka iznenada preminula, svijet se sveo na nas dvoje i obe\u0107anje koje sam dao sebi: u\u010dinit \u0107u sve da joj \u017eivot bude siguran i sretan. Emily je odrasla u pametnu, talentiranu i povu\u010denu mladu \u017eenu, uvijek samostalnu, ali i pomalo rezerviranu kada je rije\u010d o ljubavnim vezama.<\/p>\n\n\n\n<p>S dvadeset i dvije godine, nakon zavr\u0161etka studija grafi\u010dkog dizajna i zaposlenja u kreativnom startupu, Emily je jednog dana stala na prag moje gara\u017ee i rekla da \u017eeli dovesti de\u010dka na ve\u010deru. Bio je to trenutak koji bi mnoge o\u010deve ispunio rado\u0161\u0107u, ali u njezinim o\u010dima vidjela sam napetost koju nije mogla sakriti. Osmijeh joj je bio prisutan, ali trema i strah probijali su se kroz njega.<\/p>\n\n\n\n<p>Te ve\u010deri pripremio sam klasi\u010dnu obiteljsku ve\u010deru \u2013 pe\u010deno pile, pire krumpir, salatu i doma\u0107u pitu od jabuka. Htio sam da se gost osje\u0107a dobrodo\u0161lo i da vidi dom u kojem je Emily odrasla. Zvono je zazvonilo, a Emily je stajala uz visokog mu\u0161karca urednog izgleda, koji se predstavio kao Mark i tvrdio da radi u podru\u010dju kiberneti\u010dke sigurnosti. Stisak ruke bio je \u010dvrst, ali hladan, a osmijeh hladan i udaljen.<\/p>\n\n\n\n<p>Ve\u010dera je zapo\u010dela, ali atmosfera je bila napeta. Emily se pona\u0161ala druga\u010dije nego ina\u010de \u2013 bila je nespretna, drhtala je, stalno prolijevala vodu i ispri\u010davala se. Tada sam, instinktivno, primijetio ne\u0161to \u0161to mi je hladilo krv u \u017eilama: ispod stola, na njezinoj nozi, jasno se vidio podljev koji se protezao od gle\u017enja prema listu. Bio je to znak da ne\u0161to nije u redu \u2013 trenutak u kojem je roditeljski instinkt prepoznao opasnost.<\/p>\n\n\n\n<p>Sagnuo sam se, suptilno joj pru\u017eio podr\u0161ku, a zatim izgovorio izgovor da provjerim desert i u ti\u0161ini nazvao hitne slu\u017ebe. Glas mi je bio smiren, ali odlu\u010dan \u2013 sumnjao sam na obiteljsko nasilje i bojao sam se za sigurnost svoje k\u0107eri.<\/p>\n\n\n\n<p>Na\u017ealost, ovakve situacije nisu rijetkost. Mnoge mlade \u017eene do\u017eivljavaju kontrolu i nasilje u ranim fazama veza, ali zbog straha i srama \u010desto ne govore o tome. Podr\u0161ka obitelji, me\u0111utim, klju\u010dna je za prepoznavanje opasnosti i prekidanje nasilja.<\/p>\n\n\n\n<p>Policija je stigla brzo. Emily je blijedjela, ali u isto vrijeme olak\u0161anje je bilo vidljivo u njezinim o\u010dima. Skrivene prijetnje i kontrola njenog partnera napokon su otkrivene. Kasnije se doznalo da je Mark mjesecima nadzirao njezine kontakte i postajao sve agresivniji. Emily je \u0161utjela, uvjerena da se situacija ne\u0107e promijeniti, ali prisutnost i briga oca pru\u017eila joj je sigurnost i snagu da prekine taj za\u010darani krug.<\/p>\n\n\n\n<p>Nakon tog doga\u0111aja, Emily je zapo\u010dela proces oporavka. Nije bilo lako, ali nije bila sama. Nau\u010dili smo oboje da je rana reakcija klju\u010dna, a povjerenje izme\u0111u roditelja i djece neprocjenjivo. Sitni detalji \u2013 drhtava ruka, spu\u0161ten pogled ili modrica skrivena ispod stola \u2013 mogu biti znakovi da ne\u0161to nije u redu i da je potrebna brza reakcija.<\/p>\n\n\n\n<p>Za mene, ta ve\u010dera bila je trenutak spoznaje da roditeljski instinkt nikada ne nestaje. To nije bila samo ve\u010dera \u2013 to je bio trenutak u kojem sam ponovno postao \u0161tit svojoj k\u0107eri, ba\u0161 kao onog dana kada sam ostao sam s njom i obe\u0107ao da \u0107u je \u010duvati.<\/p>\n\n\n\n<p>Ova pri\u010da je podsjetnik svima da obitelj, pa\u017eljivo promatranje i otvoren razgovor s mladima mogu spasiti \u017eivote. Ponekad mali znakovi \u2013 pogled, gest, tihi poziv za pomo\u0107 \u2013 mogu biti razlika izme\u0111u opasnosti i sigurnosti.<\/p>\n","protected":false},"excerpt":{"rendered":"<p>Moj \u017eivot, gotovo dva desetlje\u0107a, bio je posve\u0107en jednom cilju \u2013 za\u0161titi svoje k\u0107eri Emily. Nakon \u0161to je njezina majka iznenada preminula, svijet se sveo na nas dvoje i obe\u0107anje koje sam dao sebi: u\u010dinit \u0107u sve da joj \u017eivot bude siguran i sretan. Emily je odrasla u pametnu, talentiranu i povu\u010denu mladu \u017eenu, uvijek [&hellip;]<\/p>\n","protected":false},"author":1,"featured_media":67078,"comment_status":"closed","ping_status":"closed","sticky":false,"template":"","format":"standard","meta":{"footnotes":""},"categories":[12],"tags":[],"class_list":["post-67077","post","type-post","status-publish","format-standard","has-post-thumbnail","hentry","category-ispovijest"],"_links":{"self":[{"href":"https:\/\/vaterpolosrbija.rs\/index.php?rest_route=\/wp\/v2\/posts\/67077","targetHints":{"allow":["GET"]}}],"collection":[{"href":"https:\/\/vaterpolosrbija.rs\/index.php?rest_route=\/wp\/v2\/posts"}],"about":[{"href":"https:\/\/vaterpolosrbija.rs\/index.php?rest_route=\/wp\/v2\/types\/post"}],"author":[{"embeddable":true,"href":"https:\/\/vaterpolosrbija.rs\/index.php?rest_route=\/wp\/v2\/users\/1"}],"replies":[{"embeddable":true,"href":"https:\/\/vaterpolosrbija.rs\/index.php?rest_route=%2Fwp%2Fv2%2Fcomments&post=67077"}],"version-history":[{"count":0,"href":"https:\/\/vaterpolosrbija.rs\/index.php?rest_route=\/wp\/v2\/posts\/67077\/revisions"}],"wp:featuredmedia":[{"embeddable":true,"href":"https:\/\/vaterpolosrbija.rs\/index.php?rest_route=\/wp\/v2\/media\/67078"}],"wp:attachment":[{"href":"https:\/\/vaterpolosrbija.rs\/index.php?rest_route=%2Fwp%2Fv2%2Fmedia&parent=67077"}],"wp:term":[{"taxonomy":"category","embeddable":true,"href":"https:\/\/vaterpolosrbija.rs\/index.php?rest_route=%2Fwp%2Fv2%2Fcategories&post=67077"},{"taxonomy":"post_tag","embeddable":true,"href":"https:\/\/vaterpolosrbija.rs\/index.php?rest_route=%2Fwp%2Fv2%2Ftags&post=67077"}],"curies":[{"name":"wp","href":"https:\/\/api.w.org\/{rel}","templated":true}]}}