{"id":67071,"date":"2026-01-19T11:14:47","date_gmt":"2026-01-19T09:14:47","guid":{"rendered":"https:\/\/kvalitetvremena.com\/?p=67071"},"modified":"2026-01-19T11:14:47","modified_gmt":"2026-01-19T09:14:47","slug":"kad-se-rutina-raspadne-prica-o-mladosti-povjerenju-i-pogresnim-izborima","status":"publish","type":"post","link":"https:\/\/vaterpolosrbija.rs\/?p=67071","title":{"rendered":"Kad se rutina raspadne: pri\u010da o mladosti, povjerenju i pogre\u0161nim izborima"},"content":{"rendered":"\n<p>Imala sam 19 godina kada sam \u010duvala jednog dje\u010daka. Bio je to posao koji je donosio sigurnost i jednostavnu svakodnevicu. Svaki dan imao je isti ritam, iste sate, iste navike. U toj rutini postojala je \u017eena koju sam vi\u0111ala redovno. Uvijek u isto vrijeme izlazila bi iz ku\u0107e. Tiha, uredna, dotjerana. Nikada nije kasnila, nikada nije \u017eurila. Djelovala je kao osoba koja dr\u017ei svoj \u017eivot pod kontrolom.<\/p>\n\n\n\n<p>Njeno prisustvo unosilo je mir. Nismo mnogo razgovarale, ali se njena pojava podrazumijevala. Ta\u010dnost, miris parfema, sigurni koraci. Sve je djelovalo stabilno, gotovo nepromjenjivo. Kada ne\u0161to vidite svakog dana na isti na\u010din, po\u010dnete vjerovati da \u0107e tako biti zauvijek.<\/p>\n\n\n\n<p>A onda je do\u0161la no\u0107 kada se nije vratila.<\/p>\n\n\n\n<p>Pono\u0107 je pro\u0161la, a vrata su ostala zatvorena. Telefon nije zvonio, poruke nisu stizale. Ulice su bile prazne, ti\u0161ina te\u0161ka. Nemir se uvla\u010dio polako, ali uporno. Ne zbog radoznalosti, ve\u0107 zbog osje\u0107aja da se desilo ne\u0161to \u0161to ne pripada toj ustaljenoj slici.<\/p>\n\n\n\n<p>Umjesto nje, stigla je vijest. Na televiziji i portalima pojavilo se njeno lice. Fotografije, naslovi, optu\u017ebe. Bila je privedena zajedno s mu\u0161karcem koji je ozna\u010den kao uticajan biznismen pod istragom zbog finansijskih malverzacija. Javnost je brzo formirala mi\u0161ljenje. Iako protiv nje nije bilo konkretnih dokaza, bila je dio pri\u010de koja je privla\u010dila pa\u017enju.<\/p>\n\n\n\n<p>Kasnije se saznalo da je pu\u0161tena, ali to nije zna\u010dilo da je sve vra\u0107eno na staro. Kada sam je ponovo vidjela, nije vi\u0161e bila ista osoba. Pogled joj je bio umoran, ruke su drhtale, a rije\u010di su izlazile oprezno. Ispri\u010dala je da je vjerovala pogre\u0161noj osobi. Nije ulazila u detalje, ali bilo je jasno da se oslonila na osje\u0107aj sigurnosti koji joj je neko ponudio.<\/p>\n\n\n\n<p>Nije znala \u010dime se on zaista bavi. Ili nije \u017eeljela znati. Pokloni, pa\u017enja i osje\u0107aj pripadnosti zasjenili su pitanja. Kada se istina pojavila, sve se sru\u0161ilo. Ne samo odnos, ve\u0107 i slika o sebi.<\/p>\n\n\n\n<p>U sedmicama koje su uslijedile, povukla se. Borila se s anksiozno\u0161\u0107u, strahom od osude i osje\u0107ajem krivice, iako formalno nije bila kriva. Javnost je brzo pre\u0161la na nove teme, ali ona je ostala sama sa posljedicama. Takve situacije \u010desto ostavljaju dublje tragove nego \u0161to se vidi spolja.<\/p>\n\n\n\n<p>Ova pri\u010da nije o kriminalu, ve\u0107 o ranjivosti. O tome kako potreba za ljubavlju i prihvatanjem mo\u017ee zasjeniti oprez. Mnogi mladi ljudi, posebno u ranim dvadesetim, jo\u0161 uvijek grade identitet i granice. U toj fazi \u017eivota lako je povjerovati pogre\u0161nim ljudima, jer iskustvo jo\u0161 nije nau\u010dilo druga\u010dije.<\/p>\n\n\n\n<p>Posmatrati nekoga kako prolazi kroz takav pad mijenja i one sa strane. Shvatite koliko su rutine krhke i koliko malo je potrebno da se sve promijeni. Sigurnost koju uzimamo zdravo za gotovo mo\u017ee nestati u jednom danu.<\/p>\n\n\n\n<p>Pri\u010de poput ove va\u017ene su jer podsje\u0107aju da iza naslova i osuda stoje stvarni ljudi. Ljudi koji su donosili odluke iz emocija, ne iz lo\u0161e namjere. One nas u\u010de da budemo pa\u017eljiviji prema sebi i drugima, da postavljamo pitanja i da ne zamjenjujemo pa\u017enju za povjerenje.<\/p>\n\n\n\n<p>Ponekad je dovoljan jedan pogre\u0161an korak da se \u017eivot okrene u smjeru koji nismo o\u010dekivali. Ali isto tako, svaka takva pri\u010da nosi priliku za u\u010denje, sazrijevanje i novi po\u010detak.<\/p>\n","protected":false},"excerpt":{"rendered":"<p>Imala sam 19 godina kada sam \u010duvala jednog dje\u010daka. Bio je to posao koji je donosio sigurnost i jednostavnu svakodnevicu. Svaki dan imao je isti ritam, iste sate, iste navike. U toj rutini postojala je \u017eena koju sam vi\u0111ala redovno. Uvijek u isto vrijeme izlazila bi iz ku\u0107e. Tiha, uredna, dotjerana. Nikada nije kasnila, nikada [&hellip;]<\/p>\n","protected":false},"author":1,"featured_media":67072,"comment_status":"closed","ping_status":"closed","sticky":false,"template":"","format":"standard","meta":{"footnotes":""},"categories":[10],"tags":[],"class_list":["post-67071","post","type-post","status-publish","format-standard","has-post-thumbnail","hentry","category-zanimljivosti"],"_links":{"self":[{"href":"https:\/\/vaterpolosrbija.rs\/index.php?rest_route=\/wp\/v2\/posts\/67071","targetHints":{"allow":["GET"]}}],"collection":[{"href":"https:\/\/vaterpolosrbija.rs\/index.php?rest_route=\/wp\/v2\/posts"}],"about":[{"href":"https:\/\/vaterpolosrbija.rs\/index.php?rest_route=\/wp\/v2\/types\/post"}],"author":[{"embeddable":true,"href":"https:\/\/vaterpolosrbija.rs\/index.php?rest_route=\/wp\/v2\/users\/1"}],"replies":[{"embeddable":true,"href":"https:\/\/vaterpolosrbija.rs\/index.php?rest_route=%2Fwp%2Fv2%2Fcomments&post=67071"}],"version-history":[{"count":0,"href":"https:\/\/vaterpolosrbija.rs\/index.php?rest_route=\/wp\/v2\/posts\/67071\/revisions"}],"wp:featuredmedia":[{"embeddable":true,"href":"https:\/\/vaterpolosrbija.rs\/index.php?rest_route=\/wp\/v2\/media\/67072"}],"wp:attachment":[{"href":"https:\/\/vaterpolosrbija.rs\/index.php?rest_route=%2Fwp%2Fv2%2Fmedia&parent=67071"}],"wp:term":[{"taxonomy":"category","embeddable":true,"href":"https:\/\/vaterpolosrbija.rs\/index.php?rest_route=%2Fwp%2Fv2%2Fcategories&post=67071"},{"taxonomy":"post_tag","embeddable":true,"href":"https:\/\/vaterpolosrbija.rs\/index.php?rest_route=%2Fwp%2Fv2%2Ftags&post=67071"}],"curies":[{"name":"wp","href":"https:\/\/api.w.org\/{rel}","templated":true}]}}