{"id":67065,"date":"2026-01-18T23:39:48","date_gmt":"2026-01-18T21:39:48","guid":{"rendered":"https:\/\/kvalitetvremena.com\/?p=67065"},"modified":"2026-01-18T23:39:48","modified_gmt":"2026-01-18T21:39:48","slug":"na-bogojavljenje-se-prema-vjerovanju-otvara-nebo-u-ponoc-pogledajte-uvis-i-uputite-zelju","status":"publish","type":"post","link":"https:\/\/vaterpolosrbija.rs\/?p=67065","title":{"rendered":"Na Bogojavljenje se, prema vjerovanju, \u201eotvara nebo\u201c: U pono\u0107 pogledajte uvis i uputite \u017eelju"},"content":{"rendered":"\n<p>Bogojavljenje je jedan od velikih hri\u0161\u0107anskih praznika koji se obilje\u017eava <strong>19. januara<\/strong>, uo\u010di Krstovdana. Ovaj dan ima posebno mjesto u narodnoj tradiciji i vjerskom \u017eivotu, jer se vezuje za <strong>kr\u0161tenje Isusa Hrista na rijeci Jordan<\/strong> i njegovo javljanje svijetu kao Sina Bo\u017eijeg.<\/p>\n\n\n\n<p>U narodu je duboko ukorijenjeno vjerovanje da se <strong>u no\u0107i uo\u010di Bogojavljenja, ta\u010dno u pono\u0107, \u201eotvara nebo\u201c<\/strong>, te da su tada molitve i \u017eelje izgovorene iz srca posebno sna\u017ene.<\/p>\n\n\n\n<hr class=\"wp-block-separator has-alpha-channel-opacity\"\/>\n\n\n\n<h2 class=\"wp-block-heading\">\u0160ta simbolizuje Bogojavljenje?<\/h2>\n\n\n\n<p>Bogojavljenje simbolizuje:<\/p>\n\n\n\n<ul class=\"wp-block-list\">\n<li>duhovno pro\u010di\u0161\u0107enje<\/li>\n\n\n\n<li>obnovu vjere<\/li>\n\n\n\n<li>nadu, zdravlje i blagostanje<\/li>\n\n\n\n<li>po\u010detak novih odluka i promjena<\/li>\n<\/ul>\n\n\n\n<p>U pravoslavnim crkvama i hramovima tog dana se <strong>sveti bogojavljenska vodica<\/strong>, koja se potom unosi u dom i \u010duva tokom cijele godine. Vjernici vjeruju da ona donosi za\u0161titu, mir i zdravlje uku\u0107anima.<\/p>\n\n\n\n<hr class=\"wp-block-separator has-alpha-channel-opacity\"\/>\n\n\n\n<h2 class=\"wp-block-heading\">Tradicija plivanja za \u010casni krst<\/h2>\n\n\n\n<p>Jedan od najprepoznatljivijih obi\u010daja vezanih za Bogojavljenje jeste <strong>plivanje za \u010casni krst<\/strong>, koje se organizuje u mnogim gradovima i mjestima. Ova tradicija simbolizuje:<\/p>\n\n\n\n<ul class=\"wp-block-list\">\n<li>snagu vjere<\/li>\n\n\n\n<li>hrabrost<\/li>\n\n\n\n<li>duhovnu obnovu<\/li>\n<\/ul>\n\n\n\n<p>Za mnoge u\u010desnike i posmatra\u010de, ovaj doga\u0111aj ima sna\u017eno emotivno i simboli\u010dno zna\u010denje.<\/p>\n\n\n\n<hr class=\"wp-block-separator has-alpha-channel-opacity\"\/>\n\n\n\n<h2 class=\"wp-block-heading\">Narodna vjerovanja i obi\u010daji<\/h2>\n\n\n\n<p>Bogojavljenje je kroz vijekove oboga\u0107eno i narodnim obi\u010dajima. Prema predanju:<\/p>\n\n\n\n<ul class=\"wp-block-list\">\n<li><strong>Mlade, neudate djevojke<\/strong> mogu sanjati lik budu\u0107eg mu\u017ea ako uo\u010di Bogojavljanske no\u0107i ispod jastuka stave ogledalo<\/li>\n\n\n\n<li>Vjeruje se da je voda tog dana posebno blagotvorna<\/li>\n\n\n\n<li>Smatra se povoljnim danom za dono\u0161enje va\u017enih odluka i molitvu<\/li>\n<\/ul>\n\n\n\n<p>Iako su ova vjerovanja dio tradicije, ona se danas naj\u010de\u0161\u0107e do\u017eivljavaju simboli\u010dno i kao dio kulturnog naslje\u0111a.<\/p>\n\n\n\n<hr class=\"wp-block-separator has-alpha-channel-opacity\"\/>\n\n\n\n<h2 class=\"wp-block-heading\">Kako zamisliti \u017eelju u Bogojavljanskoj no\u0107i?<\/h2>\n\n\n\n<p>Ako \u017eelite da ovu no\u0107 do\u017eivite na poseban i smiren na\u010din, mnogi savjetuju sljede\u0107e korake:<\/p>\n\n\n\n<ol class=\"wp-block-list\">\n<li><strong>Osamite se<\/strong> i u ti\u0161ini razmislite o onome \u0161to zaista \u017eelite<\/li>\n\n\n\n<li><strong>Jasno defini\u0161ite \u017eelju<\/strong> \u2013 mo\u017eete je i zapisati na papir<\/li>\n\n\n\n<li>Zapitajte se <em>za\u0161to<\/em> vam je ta \u017eelja va\u017ena i poku\u0161ajte osjetiti emociju kao da se ve\u0107 ostvarila<\/li>\n\n\n\n<li><strong>Pomolite se<\/strong> i zahvalite na svemu \u0161to ve\u0107 imate u \u017eivotu<\/li>\n\n\n\n<li>U <strong>pono\u0107 uo\u010di Bogojavljenja<\/strong>, iza\u0111ite napolje ili na terasu i pogledajte u nebo<\/li>\n\n\n\n<li>U sebi ili naglas <strong>izgovorite svoju \u017eelju<\/strong><\/li>\n\n\n\n<li>Zavr\u0161ite trenutak sa vjerom, mirom i nadom<\/li>\n<\/ol>\n\n\n\n<hr class=\"wp-block-separator has-alpha-channel-opacity\"\/>\n\n\n\n<h2 class=\"wp-block-heading\">Zaklju\u010dak: Vrijeme za ti\u0161inu, vjeru i li\u010dne \u017eelje<\/h2>\n\n\n\n<p>Bez obzira na to da li Bogojavljenje do\u017eivljavate kroz strogo vjerski ili simboli\u010dan pogled, ova no\u0107 mo\u017ee biti <strong>prilika za unutra\u0161nji mir, zahvalnost i nadu<\/strong>. U brzini svakodnevice, rijetko zastanemo da se zapitamo \u0161ta zaista \u017eelimo \u2013 Bogojavljanska no\u0107 podsje\u0107a upravo na to.<\/p>\n\n\n\n<p>\u2728 Ponekad je najva\u017enije ne samo po\u017eeljeti, ve\u0107 i vjerovati da su promjene mogu\u0107e.<\/p>\n\n\n\n<hr class=\"wp-block-separator has-alpha-channel-opacity\"\/>\n\n\n\n<p>\ud83d\udccc <strong>Napomena:<\/strong> Ovaj tekst ima informativni i kulturno-tradicionalni karakter. Narodna vjerovanja i obi\u010daji dio su tradicije i ne predstavljaju garanciju ostvarenja \u017eelja.<\/p>\n","protected":false},"excerpt":{"rendered":"<p>Bogojavljenje je jedan od velikih hri\u0161\u0107anskih praznika koji se obilje\u017eava 19. januara, uo\u010di Krstovdana. Ovaj dan ima posebno mjesto u narodnoj tradiciji i vjerskom \u017eivotu, jer se vezuje za kr\u0161tenje Isusa Hrista na rijeci Jordan i njegovo javljanje svijetu kao Sina Bo\u017eijeg. U narodu je duboko ukorijenjeno vjerovanje da se u no\u0107i uo\u010di Bogojavljenja, ta\u010dno [&hellip;]<\/p>\n","protected":false},"author":1,"featured_media":67066,"comment_status":"closed","ping_status":"closed","sticky":false,"template":"","format":"standard","meta":{"footnotes":""},"categories":[15],"tags":[],"class_list":["post-67065","post","type-post","status-publish","format-standard","has-post-thumbnail","hentry","category-svijet"],"_links":{"self":[{"href":"https:\/\/vaterpolosrbija.rs\/index.php?rest_route=\/wp\/v2\/posts\/67065","targetHints":{"allow":["GET"]}}],"collection":[{"href":"https:\/\/vaterpolosrbija.rs\/index.php?rest_route=\/wp\/v2\/posts"}],"about":[{"href":"https:\/\/vaterpolosrbija.rs\/index.php?rest_route=\/wp\/v2\/types\/post"}],"author":[{"embeddable":true,"href":"https:\/\/vaterpolosrbija.rs\/index.php?rest_route=\/wp\/v2\/users\/1"}],"replies":[{"embeddable":true,"href":"https:\/\/vaterpolosrbija.rs\/index.php?rest_route=%2Fwp%2Fv2%2Fcomments&post=67065"}],"version-history":[{"count":0,"href":"https:\/\/vaterpolosrbija.rs\/index.php?rest_route=\/wp\/v2\/posts\/67065\/revisions"}],"wp:featuredmedia":[{"embeddable":true,"href":"https:\/\/vaterpolosrbija.rs\/index.php?rest_route=\/wp\/v2\/media\/67066"}],"wp:attachment":[{"href":"https:\/\/vaterpolosrbija.rs\/index.php?rest_route=%2Fwp%2Fv2%2Fmedia&parent=67065"}],"wp:term":[{"taxonomy":"category","embeddable":true,"href":"https:\/\/vaterpolosrbija.rs\/index.php?rest_route=%2Fwp%2Fv2%2Fcategories&post=67065"},{"taxonomy":"post_tag","embeddable":true,"href":"https:\/\/vaterpolosrbija.rs\/index.php?rest_route=%2Fwp%2Fv2%2Ftags&post=67065"}],"curies":[{"name":"wp","href":"https:\/\/api.w.org\/{rel}","templated":true}]}}