{"id":67057,"date":"2026-01-17T22:58:36","date_gmt":"2026-01-17T20:58:36","guid":{"rendered":"https:\/\/kvalitetvremena.com\/?p=67057"},"modified":"2026-01-17T22:58:36","modified_gmt":"2026-01-17T20:58:36","slug":"ono-sto-je-pronasao-promijenilo-mu-je-zivot-prica-o-istini-povjerenju-i-iskupljenju","status":"publish","type":"post","link":"https:\/\/vaterpolosrbija.rs\/?p=67057","title":{"rendered":"Ono \u0161to je prona\u0161ao promijenilo mu je \u017eivot: Pri\u010da o istini, povjerenju i iskupljenju"},"content":{"rendered":"\n<p>Ali ono \u0161to je otkrio promijenilo mu je \u017eivot.<\/p>\n\n\n\n<p>Mihailo je polako zatvorio rajsfer\u0161lus na torbi, s rukama koje su mu blago drhtale. Slika iz medaljona ostala mu je urezana u mislima. Mu\u0161karac na fotografiji nevjerovatno je li\u010dio na njegovog oca \u2014 samo stariji. Mnogo stariji.<\/p>\n\n\n\n<p>Sjedio je nekoliko minuta nepomi\u010dno, bez ikakvog razumnog obja\u0161njenja za ono \u0161to je vidio.<\/p>\n\n\n\n<p>Te ve\u010deri ponovo je uklju\u010dio kamere. Ana je \u010ditala Petru pri\u010du tihim, strpljivim glasom. Dijete se smijalo, dodirivalo joj lice i izgovaralo njeno ime s povjerenjem. Prizor je podsje\u0107ao na porodicu \u2014 previ\u0161e prirodno da bi bio samo posao.<\/p>\n\n\n\n<p>Te no\u0107i Mihailo nije spavao.<\/p>\n\n\n\n<p>Sljede\u0107eg dana odlu\u010dio je da je posmatra druga\u010dije \u2014 ne kroz ekrane, ve\u0107 pa\u017eljivo, u svakodnevnim sitnicama. Primijetio je na\u010din na koji je pripremala doru\u010dak, ba\u0161 onako kako je on volio kao dijete. Kako je slagala Petrovu odje\u0107u s posebnom pa\u017enjom. Kako je govorila o njemu, ocu \u2014 uvijek s po\u0161tovanjem, bez straha.<\/p>\n\n\n\n<p>U jednom tihom trenutku Ana je iza\u0161la u dvori\u0161te s djetetom. Mihailo ih je gledao kroz prozor. Vidio je kako bri\u0161e suzu, uvjerena da je niko ne vidi.<\/p>\n\n\n\n<p>Tada je znao da mora saznati istinu.<\/p>\n\n\n\n<p>Te ve\u010deri, nakon \u0161to je Petar zaspao, pozvao ju je u radnu sobu. Nije bio ljut. Bio je umoran.<\/p>\n\n\n\n<p>\u201eAna, moramo razgovarati\u201c, rekao je mirno.<\/p>\n\n\n\n<p>Izvadio je medaljon i spustio ga na sto.<\/p>\n\n\n\n<p>Ana je problijedjela.<\/p>\n\n\n\n<p>\u201eOdakle vam to?\u201c upitala je tihim glasom.<\/p>\n\n\n\n<p>\u201eIz tvoje torbe. Reci mi ko su ljudi na slici.\u201c<\/p>\n\n\n\n<p>Sjela je polako, skupljaju\u0107i hrabrost.<\/p>\n\n\n\n<p>\u201eMu\u0161karac je moj djed\u201c, rekla je. \u201eA \u017eena je moja majka.\u201c<\/p>\n\n\n\n<p>Mihailo je osjetio te\u017einu u grudima.<\/p>\n\n\n\n<p>Ana je nastavila, obja\u0161njavaju\u0107i da je njen otac radio na gradili\u0161tu povezanim s Mihailovom porodi\u010dnom firmom prije vi\u0161e decenija. Poginuo je u nesre\u0107i, a porodica nikada nije dobila odgovore ni podr\u0161ku. Njena majka ju je sama odgajala, uz pomo\u0107 djeda.<\/p>\n\n\n\n<p>\u201eJednog dana prepoznala je va\u0161e prezime na televiziji\u201c, rekla je Ana. \u201eZnala je da ste sin \u010dovjeka koji je tada donosio odluke.\u201c<\/p>\n\n\n\n<p>\u201eZa\u0161to si onda do\u0161la ovdje?\u201c upitao je Mihailo tiho.<\/p>\n\n\n\n<p>Ana ga je pogledala iskreno.<\/p>\n\n\n\n<p>\u201eNe zbog novca. I ne zbog osvete. Samo sam \u017eeljela da vidim da va\u0161e dijete odrasta u sigurnosti i ljubavi. Na neki na\u010din\u2026 na\u0161e pri\u010de su povezane.\u201c<\/p>\n\n\n\n<p>Mihailo je ustao i pri\u0161ao prozoru. Godinama je \u017eivio okru\u017een zidovima nepovjerenja, ne shvataju\u0107i koliko je ljudi time povrijedio.<\/p>\n\n\n\n<p>Iz fioke je izvadio koverat.<\/p>\n\n\n\n<p>\u201eOvo je za tvoju majku\u201c, rekao je. \u201eNe kao izvinjenje, ve\u0107 kao poku\u0161aj da se popravi ono \u0161to jo\u0161 mo\u017ee.\u201c<\/p>\n\n\n\n<p>Ana je zaplakala.<\/p>\n\n\n\n<p>\u201eVolio bih da ostane\u0161\u201c, dodao je. \u201eAko to \u017eeli\u0161. Ne kao neko koga nadzirem, ve\u0107 kao osoba kojoj vjerujem.\u201c<\/p>\n\n\n\n<p>Ana je klimnula glavom.<\/p>\n\n\n\n<p>U danima koji su slijedili, kamere su uklonjene \u2014 jedna po jedna. Ku\u0107a je postala ti\u0161a, ali toplija.<\/p>\n\n\n\n<p>A Mihailo je nau\u010dio najva\u017eniju lekciju svog \u017eivota:<br>ponekad pravo bogatstvo nije u kontroli, ve\u0107 u povjerenju koje odlu\u010dimo da damo.<\/p>\n","protected":false},"excerpt":{"rendered":"<p>Ali ono \u0161to je otkrio promijenilo mu je \u017eivot. Mihailo je polako zatvorio rajsfer\u0161lus na torbi, s rukama koje su mu blago drhtale. Slika iz medaljona ostala mu je urezana u mislima. Mu\u0161karac na fotografiji nevjerovatno je li\u010dio na njegovog oca \u2014 samo stariji. Mnogo stariji. Sjedio je nekoliko minuta nepomi\u010dno, bez ikakvog razumnog obja\u0161njenja [&hellip;]<\/p>\n","protected":false},"author":1,"featured_media":67058,"comment_status":"closed","ping_status":"closed","sticky":false,"template":"","format":"standard","meta":{"footnotes":""},"categories":[12],"tags":[],"class_list":["post-67057","post","type-post","status-publish","format-standard","has-post-thumbnail","hentry","category-ispovijest"],"_links":{"self":[{"href":"https:\/\/vaterpolosrbija.rs\/index.php?rest_route=\/wp\/v2\/posts\/67057","targetHints":{"allow":["GET"]}}],"collection":[{"href":"https:\/\/vaterpolosrbija.rs\/index.php?rest_route=\/wp\/v2\/posts"}],"about":[{"href":"https:\/\/vaterpolosrbija.rs\/index.php?rest_route=\/wp\/v2\/types\/post"}],"author":[{"embeddable":true,"href":"https:\/\/vaterpolosrbija.rs\/index.php?rest_route=\/wp\/v2\/users\/1"}],"replies":[{"embeddable":true,"href":"https:\/\/vaterpolosrbija.rs\/index.php?rest_route=%2Fwp%2Fv2%2Fcomments&post=67057"}],"version-history":[{"count":0,"href":"https:\/\/vaterpolosrbija.rs\/index.php?rest_route=\/wp\/v2\/posts\/67057\/revisions"}],"wp:featuredmedia":[{"embeddable":true,"href":"https:\/\/vaterpolosrbija.rs\/index.php?rest_route=\/wp\/v2\/media\/67058"}],"wp:attachment":[{"href":"https:\/\/vaterpolosrbija.rs\/index.php?rest_route=%2Fwp%2Fv2%2Fmedia&parent=67057"}],"wp:term":[{"taxonomy":"category","embeddable":true,"href":"https:\/\/vaterpolosrbija.rs\/index.php?rest_route=%2Fwp%2Fv2%2Fcategories&post=67057"},{"taxonomy":"post_tag","embeddable":true,"href":"https:\/\/vaterpolosrbija.rs\/index.php?rest_route=%2Fwp%2Fv2%2Ftags&post=67057"}],"curies":[{"name":"wp","href":"https:\/\/api.w.org\/{rel}","templated":true}]}}