{"id":67051,"date":"2026-01-17T22:32:36","date_gmt":"2026-01-17T20:32:36","guid":{"rendered":"https:\/\/kvalitetvremena.com\/?p=67051"},"modified":"2026-01-17T22:32:36","modified_gmt":"2026-01-17T20:32:36","slug":"shvatila-sam-da-ljubav-nije-kontrola-prica-o-odluci-koja-mi-je-promijenila-zivot","status":"publish","type":"post","link":"https:\/\/vaterpolosrbija.rs\/?p=67051","title":{"rendered":"Shvatila sam da ljubav nije kontrola: Pri\u010da o odluci koja mi je promijenila \u017eivot"},"content":{"rendered":"\n<p>Imala sam dvadeset i pet godina kada sam se udala za Marka, vjeruju\u0107i da je ljubav dovoljna da se prevazi\u0111u sve prepreke. Vjerovala sam da \u0107e se trud, strpljenje i razumijevanje s vremenom isplatiti. Me\u0111utim, tri godine kasnije shvatila sam bolnu istinu \u2013 odnos zasnovan na kontroli i strahu nije ljubav, ve\u0107 tiho naru\u0161avanje unutra\u0161njeg mira.<\/p>\n\n\n\n<p>Prelomni trenutak dogodio se jedne no\u0107i kada sam imala visoku temperaturu i bila potpuno iscrpljena. Le\u017eala sam na kau\u010du poku\u0161avaju\u0107i da se odmorim kada se Mark vratio s posla. Umjesto pitanja kako se osje\u0107am ili ponude pomo\u0107i, uslijedile su zamjerke zbog ve\u010dere. Moje obja\u0161njenje da nisam imala snage nije nai\u0161lo na razumijevanje. Tada sam prvi put jasno osjetila da ne\u0161to duboko nije u redu. U tom trenutku postalo mi je jasno \u2013 ljubav ne izgleda tako.<\/p>\n\n\n\n<p>Ve\u0107 narednog dana, iako upla\u0161ena, ali odlu\u010dna, pokrenula sam razvod. Kada su me poku\u0161ali obeshrabriti prijetnjama i omalova\u017eavanjem, ostala sam mirna. Znala sam da je bolje zapo\u010deti iznova nego ostati u okru\u017eenju bez po\u0161tovanja. Spakovala sam nekoliko stvari i oti\u0161la, zatvaraju\u0107i jedno poglavlje svog \u017eivota.<\/p>\n\n\n\n<p>Novi po\u010detak nije bio lak. \u017divjela sam u maloj garsonjeri i radila vi\u0161e poslova kako bih se osamostalila. Ipak, osje\u0107aj slobode i unutra\u0161njeg mira bio je neprocjenjiv. Vi\u0161e nije bilo straha ni stalne napetosti. Vremenom sam izgradila stabilan \u017eivot i povjerenje u sebe.<\/p>\n\n\n\n<p>Danas, kada me pitaju da li \u017ealim zbog te odluke, moj odgovor je jednostavan \u2013 \u017ealim samo \u0161to je nisam donijela ranije. Ponekad je potrebno odustati od svega poznatog kako bismo ponovo prona\u0161li sebe i zapo\u010deli \u017eivot u kojem postoji po\u0161tovanje, mir i dostojanstvo.<\/p>\n","protected":false},"excerpt":{"rendered":"<p>Imala sam dvadeset i pet godina kada sam se udala za Marka, vjeruju\u0107i da je ljubav dovoljna da se prevazi\u0111u sve prepreke. Vjerovala sam da \u0107e se trud, strpljenje i razumijevanje s vremenom isplatiti. Me\u0111utim, tri godine kasnije shvatila sam bolnu istinu \u2013 odnos zasnovan na kontroli i strahu nije ljubav, ve\u0107 tiho naru\u0161avanje unutra\u0161njeg [&hellip;]<\/p>\n","protected":false},"author":1,"featured_media":67052,"comment_status":"closed","ping_status":"closed","sticky":false,"template":"","format":"standard","meta":{"footnotes":""},"categories":[12],"tags":[],"class_list":["post-67051","post","type-post","status-publish","format-standard","has-post-thumbnail","hentry","category-ispovijest"],"_links":{"self":[{"href":"https:\/\/vaterpolosrbija.rs\/index.php?rest_route=\/wp\/v2\/posts\/67051","targetHints":{"allow":["GET"]}}],"collection":[{"href":"https:\/\/vaterpolosrbija.rs\/index.php?rest_route=\/wp\/v2\/posts"}],"about":[{"href":"https:\/\/vaterpolosrbija.rs\/index.php?rest_route=\/wp\/v2\/types\/post"}],"author":[{"embeddable":true,"href":"https:\/\/vaterpolosrbija.rs\/index.php?rest_route=\/wp\/v2\/users\/1"}],"replies":[{"embeddable":true,"href":"https:\/\/vaterpolosrbija.rs\/index.php?rest_route=%2Fwp%2Fv2%2Fcomments&post=67051"}],"version-history":[{"count":0,"href":"https:\/\/vaterpolosrbija.rs\/index.php?rest_route=\/wp\/v2\/posts\/67051\/revisions"}],"wp:featuredmedia":[{"embeddable":true,"href":"https:\/\/vaterpolosrbija.rs\/index.php?rest_route=\/wp\/v2\/media\/67052"}],"wp:attachment":[{"href":"https:\/\/vaterpolosrbija.rs\/index.php?rest_route=%2Fwp%2Fv2%2Fmedia&parent=67051"}],"wp:term":[{"taxonomy":"category","embeddable":true,"href":"https:\/\/vaterpolosrbija.rs\/index.php?rest_route=%2Fwp%2Fv2%2Fcategories&post=67051"},{"taxonomy":"post_tag","embeddable":true,"href":"https:\/\/vaterpolosrbija.rs\/index.php?rest_route=%2Fwp%2Fv2%2Ftags&post=67051"}],"curies":[{"name":"wp","href":"https:\/\/api.w.org\/{rel}","templated":true}]}}