{"id":67041,"date":"2026-01-16T22:30:42","date_gmt":"2026-01-16T20:30:42","guid":{"rendered":"https:\/\/kvalitetvremena.com\/?p=67041"},"modified":"2026-01-16T22:30:42","modified_gmt":"2026-01-16T20:30:42","slug":"tragican-kraj-potrage-za-milicom-25-porodica-u-soku-istraga-u-toku","status":"publish","type":"post","link":"https:\/\/vaterpolosrbija.rs\/?p=67041","title":{"rendered":"Tragi\u010dan kraj potrage za Milicom (25): porodica u \u0161oku, istraga u toku"},"content":{"rendered":"\n<hr class=\"wp-block-separator has-alpha-channel-opacity\"\/>\n\n\n\n<h3 class=\"wp-block-heading\">Nestanak i potraga<\/h3>\n\n\n\n<p>Milica Asanovi\u0107, 25-godi\u0161nja devojka iz sela Balajnac kod Mero\u0161ine, nestala je 9. januara, \u0161to je izazvalo veliku zabrinutost u lokalnoj zajednici. Od trenutka njenog nestanka, porodica i lokalne vlasti organizovali su intenzivnu potragu. Milica je poslednji put vi\u0111ena kako se kre\u0107e ka ku\u0107i, a informacije o njenim kretanjima bile su oskudne, \u0161to je dodatno ote\u017eavalo potragu.<\/p>\n\n\n\n<p>Porodica je pretra\u017eivala okolinu danju i no\u0107u, proveravala vodene povr\u0161ine i puteve kojima bi mogla pro\u0107i, ali nije bilo nikakvog traga o njenom kretanju.<\/p>\n\n\n\n<hr class=\"wp-block-separator has-alpha-channel-opacity\"\/>\n\n\n\n<h3 class=\"wp-block-heading\">Izjava o\u010dajnog oca<\/h3>\n\n\n\n<p>Otac Milice je za medije ispri\u010dao kako su dani pretrage bili iscrpljuju\u0107i:<\/p>\n\n\n\n<p>\u201eDanima smo je tra\u017eili, obilazili putanja i mesta na kojima bi mogla biti, proveravali vodu, pitali ljude u selu, ali od nje nije bilo ni traga ni glasa. \u010culi smo da su je neki videli i da je govorila da ide ku\u0107i, ali je nismo prona\u0161li,\u201d rekao je o\u010dajni otac.<\/p>\n\n\n\n<p>Porodica i prijatelji su organizovali pretrage zajedno sa policijom i dobrovoljcima, nadaju\u0107i se svakog dana da \u0107e Milicu prona\u0107i \u017eivu.<\/p>\n\n\n\n<hr class=\"wp-block-separator has-alpha-channel-opacity\"\/>\n\n\n\n<h3 class=\"wp-block-heading\">Pronalazak tela<\/h3>\n\n\n\n<p>Na\u017ealost, tragedija je potvr\u0111ena kada je Milicino telo prona\u0111eno u blizini autoputa Ni\u0161\u2013Leskovac. Za sada nije poznato da li je smrt nastupila nasilnim putem, a policija intenzivno istra\u017euje sve okolnosti. Uvi\u0111aj je u toku, a stru\u010dni timovi poku\u0161avaju da utvrde uzrok smrti.<\/p>\n\n\n\n<hr class=\"wp-block-separator has-alpha-channel-opacity\"\/>\n\n\n\n<h3 class=\"wp-block-heading\">Nepoznate okolnosti i istraga<\/h3>\n\n\n\n<p>Iako je traganje za Milicom zavr\u0161eno, mnoge stvari ostaju nejasne. Porodica i nadle\u017eni organi poku\u0161avaju da do\u0111u do odgovora na pitanja koja jo\u0161 uvek mu\u010de lokalnu zajednicu: kako je do\u0161lo do tragedije i da li je bilo drugih faktora koji su doveli do njenog stradanja.<\/p>\n\n\n\n<p>Policija apeluje na sve koji imaju informacije da ih podele kako bi istraga bila \u0161to potpunija i kako bi se Milici omogu\u0107ilo dostojanstvo u poslednjem ispra\u0107aju.<\/p>\n\n\n\n<hr class=\"wp-block-separator has-alpha-channel-opacity\"\/>\n\n\n\n<h3 class=\"wp-block-heading\">Zaklju\u010dak<\/h3>\n\n\n\n<p>Ovaj tragi\u010dan slu\u010daj podse\u0107a na va\u017enost pa\u017enje i brige za mlade ljude, posebno u ruralnim sredinama. Iako potraga nije zavr\u0161ila onako kako je porodica nadala, lokalna zajednica i nadle\u017eni organi nastavljaju istragu kako bi razjasnili sve okolnosti. Milica Asanovi\u0107 ostaje u se\u0107anju svoje porodice, a njena pri\u010da isti\u010de potrebu za podr\u0161kom i zajedni\u0161tvom u trenucima nesre\u0107e.<\/p>\n","protected":false},"excerpt":{"rendered":"<p>Nestanak i potraga Milica Asanovi\u0107, 25-godi\u0161nja devojka iz sela Balajnac kod Mero\u0161ine, nestala je 9. januara, \u0161to je izazvalo veliku zabrinutost u lokalnoj zajednici. Od trenutka njenog nestanka, porodica i lokalne vlasti organizovali su intenzivnu potragu. Milica je poslednji put vi\u0111ena kako se kre\u0107e ka ku\u0107i, a informacije o njenim kretanjima bile su oskudne, \u0161to [&hellip;]<\/p>\n","protected":false},"author":1,"featured_media":67042,"comment_status":"closed","ping_status":"closed","sticky":false,"template":"","format":"standard","meta":{"footnotes":""},"categories":[16],"tags":[],"class_list":["post-67041","post","type-post","status-publish","format-standard","has-post-thumbnail","hentry","category-crna-hronika"],"_links":{"self":[{"href":"https:\/\/vaterpolosrbija.rs\/index.php?rest_route=\/wp\/v2\/posts\/67041","targetHints":{"allow":["GET"]}}],"collection":[{"href":"https:\/\/vaterpolosrbija.rs\/index.php?rest_route=\/wp\/v2\/posts"}],"about":[{"href":"https:\/\/vaterpolosrbija.rs\/index.php?rest_route=\/wp\/v2\/types\/post"}],"author":[{"embeddable":true,"href":"https:\/\/vaterpolosrbija.rs\/index.php?rest_route=\/wp\/v2\/users\/1"}],"replies":[{"embeddable":true,"href":"https:\/\/vaterpolosrbija.rs\/index.php?rest_route=%2Fwp%2Fv2%2Fcomments&post=67041"}],"version-history":[{"count":0,"href":"https:\/\/vaterpolosrbija.rs\/index.php?rest_route=\/wp\/v2\/posts\/67041\/revisions"}],"wp:featuredmedia":[{"embeddable":true,"href":"https:\/\/vaterpolosrbija.rs\/index.php?rest_route=\/wp\/v2\/media\/67042"}],"wp:attachment":[{"href":"https:\/\/vaterpolosrbija.rs\/index.php?rest_route=%2Fwp%2Fv2%2Fmedia&parent=67041"}],"wp:term":[{"taxonomy":"category","embeddable":true,"href":"https:\/\/vaterpolosrbija.rs\/index.php?rest_route=%2Fwp%2Fv2%2Fcategories&post=67041"},{"taxonomy":"post_tag","embeddable":true,"href":"https:\/\/vaterpolosrbija.rs\/index.php?rest_route=%2Fwp%2Fv2%2Ftags&post=67041"}],"curies":[{"name":"wp","href":"https:\/\/api.w.org\/{rel}","templated":true}]}}