{"id":67038,"date":"2026-01-16T22:19:19","date_gmt":"2026-01-16T20:19:19","guid":{"rendered":"https:\/\/kvalitetvremena.com\/?p=67038"},"modified":"2026-01-16T22:19:19","modified_gmt":"2026-01-16T20:19:19","slug":"jedna-sala-previse-kako-je-svadbeni-smeh-postao-trenutak-u-kome-sam-izabrala-sebe","status":"publish","type":"post","link":"https:\/\/vaterpolosrbija.rs\/?p=67038","title":{"rendered":"Jedna \u0161ala previ\u0161e: kako je svadbeni smeh postao trenutak u kome sam izabrala sebe"},"content":{"rendered":"\n<hr class=\"wp-block-separator has-alpha-channel-opacity\"\/>\n\n\n\n<h3 class=\"wp-block-heading\">Dan koji je trebalo da bude po\u010detak<\/h3>\n\n\n\n<p>Svadba je dan koji mnoge \u017eene mesecima, pa i godinama, pa\u017eljivo grade u mislima. I ja sam bila jedna od njih. Svaki detalj bio je planiran sa posebnom pa\u017enjom, od haljine i muzike do rasporeda gostiju. U tom trudu nije bilo samo estetike, ve\u0107 i vere da \u0107e taj dan ozna\u010diti siguran po\u010detak zajedni\u010dkog \u017eivota.<\/p>\n\n\n\n<p>Ve\u010de je po\u010delo onako kako sam zami\u0161ljala. Sala je bila puna, atmosfera topla, a ja sam, makar na trenutak, poverovala da sam donela pravu odluku.<\/p>\n\n\n\n<hr class=\"wp-block-separator has-alpha-channel-opacity\"\/>\n\n\n\n<h3 class=\"wp-block-heading\">Prvi znaci nelagode koje sam ignorisala<\/h3>\n\n\n\n<p>Ve\u0107 u prvim satima primetila sam da moj partner pije vi\u0161e nego ina\u010de. Govorila sam sebi da je u pitanju uzbu\u0111enje i trema. Trudila sam se da zadr\u017eim osmeh, iako sam ose\u0107ala nelagodu. Njegovo pona\u0161anje postajalo je sve grublje, \u0161ale sve neprimerenije, a granice koje sam o\u010dekivala da po\u0161tuje polako su se brisale.<\/p>\n\n\n\n<p>U jednom trenutku do\u0161lo je i do rasprave sa \u010dlanom moje porodice. I tada sam se uveravala da je to prolazno i da \u0107e se smiriti.<\/p>\n\n\n\n<hr class=\"wp-block-separator has-alpha-channel-opacity\"\/>\n\n\n\n<h3 class=\"wp-block-heading\">Trenutak koji je sve prelomio<\/h3>\n\n\n\n<p>Kada je do\u0161ao red na tortu, atmosfera se uti\u0161ala. Pri\u0161la sam stolu, uzela no\u017e i okrenula se ka gostima. U tom trenutku osetila sam sna\u017ean potisak i izgubila ravnote\u017eu. Pala sam pravo u tortu, a zatim na pod.<\/p>\n\n\n\n<p>U sekundi su nestali haljina, frizura i \u0161minka, ali va\u017enije od toga nestao je ose\u0107aj sigurnosti. Dok sam sedela na podu, zbunjena i povre\u0111ena, o\u010dekivala sam ruku, izvinjenje, znak brige.<\/p>\n\n\n\n<p>Umesto toga, do\u010dekao me je smeh.<\/p>\n\n\n\n<hr class=\"wp-block-separator has-alpha-channel-opacity\"\/>\n\n\n\n<h3 class=\"wp-block-heading\">Kada smeh postane poni\u017eenje<\/h3>\n\n\n\n<p>Njegovo obja\u0161njenje bilo je da je to samo \u0161ala i da ne treba praviti problem. Nekolicina gostiju se slo\u017eila, govore\u0107i da ne treba kvariti slavlje. U tom trenutku shvatila sam da se moj bol umanjuje, a moje suze pretvaraju u zabavu.<\/p>\n\n\n\n<p>Nije me povredio pad. Povredilo me je to \u0161to je osoba koja je trebalo da me \u0161titi izabrala da se smeje dok sam plakala.<\/p>\n\n\n\n<hr class=\"wp-block-separator has-alpha-channel-opacity\"\/>\n\n\n\n<h3 class=\"wp-block-heading\">Odluka koja menja tok<\/h3>\n\n\n\n<p>U tom trenutku postalo mi je jasno da je granica pre\u0111ena. Ne naglo i burno, ve\u0107 tiho i nepovratno. Shvatila sam da ako neko mo\u017ee da me ponizi na dan koji simbolizuje zajedni\u0161tvo, to nije izolovan incident, ve\u0107 upozorenje.<\/p>\n\n\n\n<p>Smireno sam ustala, obratila se prisutnima i rekla da se svadba prekida. Bez obja\u0161njavanja i opravdavanja. Uzela sam svoje stvari i oti\u0161la.<\/p>\n\n\n\n<hr class=\"wp-block-separator has-alpha-channel-opacity\"\/>\n\n\n\n<h3 class=\"wp-block-heading\">Posle svega ti\u0161ina koja le\u010di<\/h3>\n\n\n\n<p>Naredni dani bili su te\u0161ki, ali i osloba\u0111aju\u0107i. Oti\u0161la sam sama na put koji je trebalo da bude na\u0161e zajedni\u010dko slavlje. Novac koji je bio namenjen zajedni\u010dkom po\u010detku iskoristila sam da sebi obezbedim novu sigurnost i nezavisnost.<\/p>\n\n\n\n<p>Nisam to uradila iz inata, ve\u0107 iz potrebe da krenem dalje bez ose\u0107aja da sam izdala samu sebe.<\/p>\n\n\n\n<hr class=\"wp-block-separator has-alpha-channel-opacity\"\/>\n\n\n\n<h3 class=\"wp-block-heading\">\u0160ira poruka iza jedne pri\u010de<\/h3>\n\n\n\n<p>\u010cesto se nepo\u0161tovanje prikriva re\u010dima da je ne\u0161to bila samo \u0161ala. Ali \u0161ala koja boli nije bezazlena. Ako se neko smeje va\u0161im suzama, to nije trenutna gre\u0161ka, ve\u0107 pokazatelj odnosa prema va\u0161im granicama.<\/p>\n\n\n\n<p>Po\u0161tovanje nije ne\u0161to \u0161to se u\u010di posle braka. Ono mora da postoji pre nego \u0161to se izgovori zajedni\u010dko da.<\/p>\n\n\n\n<hr class=\"wp-block-separator has-alpha-channel-opacity\"\/>\n\n\n\n<h3 class=\"wp-block-heading\">Zaklju\u010dak<\/h3>\n\n\n\n<p>Ovaj doga\u0111aj nije bio kraj ljubavi, ve\u0107 kraj iluzije. Nau\u010dila sam da je bolje prekinuti jednu proslavu nego zapo\u010deti \u017eivot u kome se sopstvena bol umanjuje i opravdava.<\/p>\n\n\n\n<p>Dostojanstvo ne treba braniti vikom. Ponekad je dovoljno ustati, obrisati lice i oti\u0107i. U tom odlasku ne gubi se sve. Naprotiv, tada se \u010desto prona\u0111e ono najva\u017enije. Mir sa samim sobom.<\/p>\n","protected":false},"excerpt":{"rendered":"<p>Dan koji je trebalo da bude po\u010detak Svadba je dan koji mnoge \u017eene mesecima, pa i godinama, pa\u017eljivo grade u mislima. I ja sam bila jedna od njih. Svaki detalj bio je planiran sa posebnom pa\u017enjom, od haljine i muzike do rasporeda gostiju. U tom trudu nije bilo samo estetike, ve\u0107 i vere da \u0107e [&hellip;]<\/p>\n","protected":false},"author":1,"featured_media":67039,"comment_status":"closed","ping_status":"closed","sticky":false,"template":"","format":"standard","meta":{"footnotes":""},"categories":[10],"tags":[],"class_list":["post-67038","post","type-post","status-publish","format-standard","has-post-thumbnail","hentry","category-zanimljivosti"],"_links":{"self":[{"href":"https:\/\/vaterpolosrbija.rs\/index.php?rest_route=\/wp\/v2\/posts\/67038","targetHints":{"allow":["GET"]}}],"collection":[{"href":"https:\/\/vaterpolosrbija.rs\/index.php?rest_route=\/wp\/v2\/posts"}],"about":[{"href":"https:\/\/vaterpolosrbija.rs\/index.php?rest_route=\/wp\/v2\/types\/post"}],"author":[{"embeddable":true,"href":"https:\/\/vaterpolosrbija.rs\/index.php?rest_route=\/wp\/v2\/users\/1"}],"replies":[{"embeddable":true,"href":"https:\/\/vaterpolosrbija.rs\/index.php?rest_route=%2Fwp%2Fv2%2Fcomments&post=67038"}],"version-history":[{"count":0,"href":"https:\/\/vaterpolosrbija.rs\/index.php?rest_route=\/wp\/v2\/posts\/67038\/revisions"}],"wp:featuredmedia":[{"embeddable":true,"href":"https:\/\/vaterpolosrbija.rs\/index.php?rest_route=\/wp\/v2\/media\/67039"}],"wp:attachment":[{"href":"https:\/\/vaterpolosrbija.rs\/index.php?rest_route=%2Fwp%2Fv2%2Fmedia&parent=67038"}],"wp:term":[{"taxonomy":"category","embeddable":true,"href":"https:\/\/vaterpolosrbija.rs\/index.php?rest_route=%2Fwp%2Fv2%2Fcategories&post=67038"},{"taxonomy":"post_tag","embeddable":true,"href":"https:\/\/vaterpolosrbija.rs\/index.php?rest_route=%2Fwp%2Fv2%2Ftags&post=67038"}],"curies":[{"name":"wp","href":"https:\/\/api.w.org\/{rel}","templated":true}]}}