{"id":67035,"date":"2026-01-16T22:11:39","date_gmt":"2026-01-16T20:11:39","guid":{"rendered":"https:\/\/kvalitetvremena.com\/?p=67035"},"modified":"2026-01-16T22:11:39","modified_gmt":"2026-01-16T20:11:39","slug":"pet-godina-sam-verovala-da-vracam-dug-kako-me-je-tuga-ucinila-lakom-metom-i-zasto-sam-konacno-rekla-dosta","status":"publish","type":"post","link":"https:\/\/vaterpolosrbija.rs\/?p=67035","title":{"rendered":"Pet godina sam verovala da vra\u0107am dug: kako me je tuga u\u010dinila lakom metom i za\u0161to sam kona\u010dno rekla dosta"},"content":{"rendered":"\n<hr class=\"wp-block-separator has-alpha-channel-opacity\"\/>\n\n\n\n<p>Postoje periodi u \u017eivotu kada \u010dovek ne razmi\u0161lja jasno, ve\u0107 deluje iz bola, ose\u0107aja du\u017enosti i straha da ne pogre\u0161i. Smrt voljene osobe \u010desto ostavlja prazninu koju poku\u0161avamo da popunimo poslu\u0161no\u0161\u0107u, krivicom i potrebom da budemo korektni prema svima. Upravo u tom prostoru nastaje pri\u010da o poverenju koje je trajalo pet godina i istini koja se otkrila tek kada je tuga po\u010dela da popu\u0161ta.<\/p>\n\n\n\n<hr class=\"wp-block-separator has-alpha-channel-opacity\"\/>\n\n\n\n<h3 class=\"wp-block-heading\">\u017divot posle gubitka<\/h3>\n\n\n\n<p>Nakon smrti mu\u017ea, dani su izgubili oblik. Sve se svodilo na obaveze i ti\u0161inu. U takvom stanju prihvatila sam obja\u0161njenje da je iza njega ostao dug koji treba da se vra\u0107a njegovim roditeljima. Nije bilo ugovora, papira ni jasnih brojki, ali bilo je re\u010denica koje ne ostavljaju prostor za sumnju. Govorili su o lekovima, ra\u010dunima i te\u0161kom \u017eivotu, a ja sam \u0107utala i klimala glavom.<\/p>\n\n\n\n<p>Uverila sam sebe da je to ispravno. Da je to moj na\u010din da poka\u017eem po\u0161tovanje prema \u010doveku kojeg sam izgubila.<\/p>\n\n\n\n<hr class=\"wp-block-separator has-alpha-channel-opacity\"\/>\n\n\n\n<h3 class=\"wp-block-heading\">Pet godina istog odricanja<\/h3>\n\n\n\n<p>Svaki mesec sam izdvajala isti iznos. Trideset hiljada. Bez preskakanja. Bez ka\u0161njenja. \u010cesto sam sebi uskra\u0107ivala osnovne stvari, planove i male radosti. \u017divela sam skromno, sa stalnim ose\u0107ajem da jo\u0161 nisam zavr\u0161ila ono \u0161to moram.<\/p>\n\n\n\n<p>Njihove pri\u010de su bile iste. Uvek te\u0161ko. Uvek na ivici. I ja sam verovala, jer nisam imala snage da sumnjam. Tuga \u010desto ne dozvoljava pitanja.<\/p>\n\n\n\n<hr class=\"wp-block-separator has-alpha-channel-opacity\"\/>\n\n\n\n<h3 class=\"wp-block-heading\">Trenutak koji je pokrenuo sumnju<\/h3>\n\n\n\n<p>Sve se promenilo jednim kratkim razgovorom u dvori\u0161tu. Kom\u0161inica, sa kojom nikada nisam bila bliska, zaustavila me je i rekla da obratim pa\u017enju na snimke sa kamere u ulazu. Nije ulazila u detalje. Samo je rekla da pogledam.<\/p>\n\n\n\n<p>Ta re\u010denica je bila dovoljna da se u meni pojavi nemir koji nisam mogla da ignori\u0161em.<\/p>\n\n\n\n<hr class=\"wp-block-separator has-alpha-channel-opacity\"\/>\n\n\n\n<h3 class=\"wp-block-heading\">Snimak koji je sru\u0161io pri\u010du<\/h3>\n\n\n\n<p>Kada sam pogledala snimke, videla sam prizor koji se nije uklapao u ono \u0161to sam godinama slu\u0161ala. Odmah nakon moje posete, roditelji mog pokojnog mu\u017ea izlazili su sa punim kesama iz skupih prodavnica. Kupovina nije li\u010dila na nu\u017edu, ve\u0107 na naviku.<\/p>\n\n\n\n<p>Nije bilo tragova oskudice. Nije bilo onoga o \u010demu su pri\u010dali. Tada je postalo jasno da novac koji sam davala nije bio pomo\u0107 u nu\u017edi, ve\u0107 izvor komfora.<\/p>\n\n\n\n<hr class=\"wp-block-separator has-alpha-channel-opacity\"\/>\n\n\n\n<h3 class=\"wp-block-heading\">Suo\u010davanje sa istinom<\/h3>\n\n\n\n<p>Najbolniji deo nije bio novac, ve\u0107 spoznaja da je moja tuga kori\u0161\u0107ena kao alat. Da sam godinama hranila pri\u010du koja je opstajala zahvaljuju\u0107i mom \u0107utanju i ose\u0107aju obaveze.<\/p>\n\n\n\n<p>Shvatila sam da ne postoji dug, ve\u0107 samo o\u010dekivanje da \u0107u nastaviti da dajem. I da se to ne\u0107e zavr\u0161iti samo od sebe.<\/p>\n\n\n\n<hr class=\"wp-block-separator has-alpha-channel-opacity\"\/>\n\n\n\n<h3 class=\"wp-block-heading\">Odluka koja vra\u0107a dostojanstvo<\/h3>\n\n\n\n<p>Prestanak uplate nije bio pra\u0107en raspravom ni obja\u0161njenjima. Jednostavno sam stala. Zatvorila sam vrata iza sebe i prvi put posle dugo vremena po\u010dela da slu\u0161am sopstveni ose\u0107aj.<\/p>\n\n\n\n<p>Nije bilo lako. Javile su se osude, poruke i poku\u0161aji da se probudi krivica. Ali vi\u0161e nije imalo isti efekat. Granice koje ranije nisam imala sada su bile jasne.<\/p>\n\n\n\n<hr class=\"wp-block-separator has-alpha-channel-opacity\"\/>\n\n\n\n<h3 class=\"wp-block-heading\">\u0160ta ova pri\u010da mo\u017ee da nau\u010di druge<\/h3>\n\n\n\n<p>Ova situacija nije izuzetak. Mnogi ljudi u periodu tuge i ranjivosti preuzimaju obaveze koje im ne pripadaju. \u010cesto iz straha da ne ispadnu lo\u0161i, nezahvalni ili bezose\u0107ajni.<\/p>\n\n\n\n<p>Va\u017eno je zapamtiti nekoliko stvari:<\/p>\n\n\n\n<ul class=\"wp-block-list\">\n<li>Po\u0161tovanje uspomene ne meri se novcem<\/li>\n\n\n\n<li>Pomo\u0107 ne sme da preraste u samoponi\u0161tavanje<\/li>\n\n\n\n<li>Granice nisu sebi\u010dnost, ve\u0107 nu\u017enost<\/li>\n\n\n\n<li>Istina, koliko god bila bolna, donosi olak\u0161anje<\/li>\n<\/ul>\n\n\n\n<hr class=\"wp-block-separator has-alpha-channel-opacity\"\/>\n\n\n\n<h3 class=\"wp-block-heading\">Zaklju\u010dak<\/h3>\n\n\n\n<p>Pet godina sam verovala da \u010dinim ispravnu stvar. Danas znam da sam, osim novca, davala i mir, sigurnost i deo sebe. Prekid tog kruga nije bio znak bezose\u0107ajnosti, ve\u0107 znak sazrevanja.<\/p>\n\n\n\n<p>Tuga nas mo\u017ee u\u010diniti tihim i poslu\u0161nim, ali ne sme nam oduzeti pravo na istinu. Kada sam prestala da pla\u0107am tu\u0111u pri\u010du, po\u010dela sam da gradim svoju. Sa vi\u0161e opreza, ali i sa vi\u0161e po\u0161tovanja prema sebi.<\/p>\n","protected":false},"excerpt":{"rendered":"<p>Postoje periodi u \u017eivotu kada \u010dovek ne razmi\u0161lja jasno, ve\u0107 deluje iz bola, ose\u0107aja du\u017enosti i straha da ne pogre\u0161i. Smrt voljene osobe \u010desto ostavlja prazninu koju poku\u0161avamo da popunimo poslu\u0161no\u0161\u0107u, krivicom i potrebom da budemo korektni prema svima. Upravo u tom prostoru nastaje pri\u010da o poverenju koje je trajalo pet godina i istini koja [&hellip;]<\/p>\n","protected":false},"author":1,"featured_media":67036,"comment_status":"closed","ping_status":"closed","sticky":false,"template":"","format":"standard","meta":{"footnotes":""},"categories":[10],"tags":[],"class_list":["post-67035","post","type-post","status-publish","format-standard","has-post-thumbnail","hentry","category-zanimljivosti"],"_links":{"self":[{"href":"https:\/\/vaterpolosrbija.rs\/index.php?rest_route=\/wp\/v2\/posts\/67035","targetHints":{"allow":["GET"]}}],"collection":[{"href":"https:\/\/vaterpolosrbija.rs\/index.php?rest_route=\/wp\/v2\/posts"}],"about":[{"href":"https:\/\/vaterpolosrbija.rs\/index.php?rest_route=\/wp\/v2\/types\/post"}],"author":[{"embeddable":true,"href":"https:\/\/vaterpolosrbija.rs\/index.php?rest_route=\/wp\/v2\/users\/1"}],"replies":[{"embeddable":true,"href":"https:\/\/vaterpolosrbija.rs\/index.php?rest_route=%2Fwp%2Fv2%2Fcomments&post=67035"}],"version-history":[{"count":0,"href":"https:\/\/vaterpolosrbija.rs\/index.php?rest_route=\/wp\/v2\/posts\/67035\/revisions"}],"wp:featuredmedia":[{"embeddable":true,"href":"https:\/\/vaterpolosrbija.rs\/index.php?rest_route=\/wp\/v2\/media\/67036"}],"wp:attachment":[{"href":"https:\/\/vaterpolosrbija.rs\/index.php?rest_route=%2Fwp%2Fv2%2Fmedia&parent=67035"}],"wp:term":[{"taxonomy":"category","embeddable":true,"href":"https:\/\/vaterpolosrbija.rs\/index.php?rest_route=%2Fwp%2Fv2%2Fcategories&post=67035"},{"taxonomy":"post_tag","embeddable":true,"href":"https:\/\/vaterpolosrbija.rs\/index.php?rest_route=%2Fwp%2Fv2%2Ftags&post=67035"}],"curies":[{"name":"wp","href":"https:\/\/api.w.org\/{rel}","templated":true}]}}