{"id":67016,"date":"2026-01-15T22:56:43","date_gmt":"2026-01-15T20:56:43","guid":{"rendered":"https:\/\/kvalitetvremena.com\/?p=67016"},"modified":"2026-01-15T22:56:43","modified_gmt":"2026-01-15T20:56:43","slug":"muslimani-obiljezavaju-mubarek-noc-lejletul-miradz","status":"publish","type":"post","link":"https:\/\/vaterpolosrbija.rs\/?p=67016","title":{"rendered":"Muslimani obilje\u017eavaju mubarek no\u0107 Lejletul-mirad\u017e"},"content":{"rendered":"\n<p>Prema <strong>Takvimu Rijaseta Islamske zajednice u Bosni i Hercegovini<\/strong>, muslimani ve\u010deras, <strong>15. januara<\/strong>, obilje\u017eavaju jednu od najzna\u010dajnijih mubarek no\u0107i u islamskom kalendaru \u2013 <strong>Lejletul-mirad\u017e<\/strong>, no\u0107 posebnog Bo\u017eijeg dara, duhovnog uzdignu\u0107a i sna\u017ene poruke vjere.<\/p>\n\n\n\n<h3 class=\"wp-block-heading\">No\u0107 \u010dudesnog putovanja i uznesenja<\/h3>\n\n\n\n<p>Lejletul-mirad\u017e podsje\u0107a na <strong>blagoslovljeno putovanje poslanika Muhammeda, a.s.<\/strong>, koje se sastojalo iz dva dijela. Prvi dio, poznat kao <strong>Isra<\/strong>, odnosi se na no\u0107no putovanje iz <strong>Kabe u Mekki do Mesd\u017eidul-Aksaa u Jerusalemu<\/strong>, dok se drugi dio, <strong>Mirad\u017e<\/strong>, odnosi na uznesenje Poslanika kroz <strong>sedam nebesa<\/strong>, sve do najuzvi\u0161enije ta\u010dke \u2013 <strong>Sidretul-Muntehaa<\/strong>, mjesta koje ozna\u010dava granicu ljudskog i melekskog znanja.<\/p>\n\n\n\n<p>Ovaj doga\u0111aj zauzima posebno mjesto u islamskom u\u010denju jer predstavlja <strong>vrhunac duhovnog iskustva<\/strong>, ali i jasnu potvrdu Allahove milosti, mo\u0107i i bliskosti sa Svojim odabranim poslanikom.<\/p>\n\n\n\n<h3 class=\"wp-block-heading\">Temelji vjere potvr\u0111eni na Mirad\u017eu<\/h3>\n\n\n\n<p>Tokom ovog veli\u010danstvenog doga\u0111aja, muslimanima su darovane izuzetno va\u017ene odredbe:<\/p>\n\n\n\n<ul class=\"wp-block-list\">\n<li><strong>Nare\u0111eno je obavljanje pet dnevnih namaza<\/strong>, koji predstavljaju stub islama i trajnu vezu izme\u0111u vjernika i Stvoritelja<\/li>\n\n\n\n<li>Objavljena su <strong>posljednja dva ajeta sure El-Bekare<\/strong>, koja nose sna\u017ene poruke vjere, nade i oprosta<\/li>\n\n\n\n<li>Uspostavljen je <strong>te\u0161ehud (Etehijatu)<\/strong>, koji se u\u010di u svakom namazu i ostaje kao trajni podsjetnik na razgovor vo\u0111en na Mirad\u017eu<\/li>\n<\/ul>\n\n\n\n<p>Namaz je upravo na ovoj no\u0107i potvr\u0111en kao <strong>duhovni mirad\u017e svakog vjernika<\/strong>, sredstvo pribli\u017eavanja Allahu i izvor smirenja.<\/p>\n\n\n\n<h3 class=\"wp-block-heading\">Poruka puta \u2013 horizontalno i vertikalno uzdizanje<\/h3>\n\n\n\n<p>Islamski u\u010denjaci isti\u010du simboliku \u010dinjenice da je Poslanik, a.s., najprije prenesen <strong>vodoravno \u2013 iz Mekke u Jerusalem<\/strong>, a tek potom do\u017eivio <strong>okomito uznesenje ka nebesima<\/strong>. Ovaj redoslijed ukazuje da <strong>duhovno uzdizanje mora biti pra\u0107eno odgovorno\u0161\u0107u prema ljudima, dru\u0161tvu i stvarnosti<\/strong>, \u0161to predstavlja savr\u0161eni uzor puta kojim trebaju i\u0107i sljedbenici njegovog ummeta.<\/p>\n\n\n\n<h3 class=\"wp-block-heading\">Obilje\u017eavanje u d\u017eamijama i domovima<\/h3>\n\n\n\n<p>Lejletul-mirad\u017e se u <strong>d\u017eamijama \u0161irom Bosne i Hercegovine, ali i u dijaspori<\/strong>, obilje\u017eava prigodnim vjerskim programima, u\u010denjem Kur\u2019ana, ilahija, predavanjima i zajedni\u010dkim dovama.<\/p>\n\n\n\n<p>U domovima muslimana u na\u0161oj zemlji ova mubarek no\u0107 tradicionalno se obilje\u017eava <strong>pripremanjem halve<\/strong>, simbolom slatko\u0107e vjere, zajedni\u0161tva i sje\u0107anja na blagoslovljene trenutke islamske historije.<\/p>\n\n\n\n<h3 class=\"wp-block-heading\">No\u0107 razmi\u0161ljanja i duhovne obnove<\/h3>\n\n\n\n<p>Lejletul-mirad\u017e vjernike podsje\u0107a na zna\u010daj <strong>namaza, strpljenja, vjere i nade<\/strong>, ali i na potrebu li\u010dne i zajedni\u010dke duhovne obnove. To je prilika da se zastane, preispitaju vlastiti postupci i obnovi veza sa Allahom kroz iskrenu dovu i ibadet.<\/p>\n","protected":false},"excerpt":{"rendered":"<p>Prema Takvimu Rijaseta Islamske zajednice u Bosni i Hercegovini, muslimani ve\u010deras, 15. januara, obilje\u017eavaju jednu od najzna\u010dajnijih mubarek no\u0107i u islamskom kalendaru \u2013 Lejletul-mirad\u017e, no\u0107 posebnog Bo\u017eijeg dara, duhovnog uzdignu\u0107a i sna\u017ene poruke vjere. No\u0107 \u010dudesnog putovanja i uznesenja Lejletul-mirad\u017e podsje\u0107a na blagoslovljeno putovanje poslanika Muhammeda, a.s., koje se sastojalo iz dva dijela. Prvi dio, [&hellip;]<\/p>\n","protected":false},"author":1,"featured_media":67017,"comment_status":"closed","ping_status":"closed","sticky":false,"template":"","format":"standard","meta":{"footnotes":""},"categories":[15],"tags":[],"class_list":["post-67016","post","type-post","status-publish","format-standard","has-post-thumbnail","hentry","category-svijet"],"_links":{"self":[{"href":"https:\/\/vaterpolosrbija.rs\/index.php?rest_route=\/wp\/v2\/posts\/67016","targetHints":{"allow":["GET"]}}],"collection":[{"href":"https:\/\/vaterpolosrbija.rs\/index.php?rest_route=\/wp\/v2\/posts"}],"about":[{"href":"https:\/\/vaterpolosrbija.rs\/index.php?rest_route=\/wp\/v2\/types\/post"}],"author":[{"embeddable":true,"href":"https:\/\/vaterpolosrbija.rs\/index.php?rest_route=\/wp\/v2\/users\/1"}],"replies":[{"embeddable":true,"href":"https:\/\/vaterpolosrbija.rs\/index.php?rest_route=%2Fwp%2Fv2%2Fcomments&post=67016"}],"version-history":[{"count":0,"href":"https:\/\/vaterpolosrbija.rs\/index.php?rest_route=\/wp\/v2\/posts\/67016\/revisions"}],"wp:featuredmedia":[{"embeddable":true,"href":"https:\/\/vaterpolosrbija.rs\/index.php?rest_route=\/wp\/v2\/media\/67017"}],"wp:attachment":[{"href":"https:\/\/vaterpolosrbija.rs\/index.php?rest_route=%2Fwp%2Fv2%2Fmedia&parent=67016"}],"wp:term":[{"taxonomy":"category","embeddable":true,"href":"https:\/\/vaterpolosrbija.rs\/index.php?rest_route=%2Fwp%2Fv2%2Fcategories&post=67016"},{"taxonomy":"post_tag","embeddable":true,"href":"https:\/\/vaterpolosrbija.rs\/index.php?rest_route=%2Fwp%2Fv2%2Ftags&post=67016"}],"curies":[{"name":"wp","href":"https:\/\/api.w.org\/{rel}","templated":true}]}}