{"id":67013,"date":"2026-01-15T16:37:30","date_gmt":"2026-01-15T14:37:30","guid":{"rendered":"https:\/\/kvalitetvremena.com\/?p=67013"},"modified":"2026-01-15T16:37:30","modified_gmt":"2026-01-15T14:37:30","slug":"covek-je-spasio-trudnu-ovcarku-kada-su-se-mladunci-rodili-veterinari-su-ostali-u-soku","status":"publish","type":"post","link":"https:\/\/vaterpolosrbija.rs\/?p=67013","title":{"rendered":"\u010covek je spasio trudnu ov\u010darku: kada su se mladunci rodili, veterinari su ostali u \u0161oku"},"content":{"rendered":"\n<p><\/p>\n\n\n\n<p>Tokom hladne, ki\u0161ne jesenje no\u0107i, jedan \u010dovek je prona\u0161ao napu\u0161tenu nema\u010dku ov\u010darku. Le\u017eala je pored puta, mr\u0161ava, prljava i povre\u0111ena, sa dlakom slepljenom uz kostur. Njegov prvi instinkt bio je pru\u017eiti pomo\u0107: spustio se pored nje i ne\u017eno je pozvao. Pas, drhtav i iscrpljen, nije pokazivao agresiju, ve\u0107 samo tiho cvilio, kao da moli za priliku.<\/p>\n\n\n\n<p>\u201eIzdr\u017ei, devoj\u010dice\u201c, \u0161apnuo je. \u201eOdmah te vodim kod doktora.\u201c<\/p>\n\n\n\n<h3 class=\"wp-block-heading\">Hitna pomo\u0107 kod veterinara<\/h3>\n\n\n\n<p>Odveo ju je u veterinarsku ambulantu, gde su lekari odmah primetili rane, ali i uve\u0107an stomak. Briga je odmah postala ozbiljna.<\/p>\n\n\n\n<p>\u201eNije samo povre\u0111ena\u2026 trudna je. Termin je ve\u0107 pri kraju, i ako se ne okoti ve\u010deras, mo\u017ee uginuti\u201c, objasnio je veterinar.<\/p>\n\n\n\n<p>\u010covek je ostao kraj nje, odlu\u010dan da bude svedok borbe koju vodi ova hrabra \u017eivotinja.<\/p>\n\n\n\n<h3 class=\"wp-block-heading\">No\u0107 poro\u0111aja<\/h3>\n\n\n\n<p>Dok je ki\u0161a udarala po staklu veterinarske ambulante, \u010dovek je sedeo pored boksova, posmatraju\u0107i kako osoblje priprema sve za poro\u0111aj. Pred zoru, za\u010duli su se zvuci koji nisu li\u010dili na obi\u010dne pse\u0107e jecaje.<\/p>\n\n\n\n<p>Kada su vrata boksova bila otvorena, svi su zatekli iznena\u0111enje: mladunci nisu bili obi\u010dni \u0161tenci.<\/p>\n\n\n\n<h3 class=\"wp-block-heading\">Neo\u010dekivani mladunci<\/h3>\n\n\n\n<p>Mladunci su bili krupni, sa izdu\u017eenim nju\u0161kama i o\u010dima \u017eutom poput \u0107ilibara. Njihov zvuk nije bio visok i krikljiv kao kod \u0161tenaca, ve\u0107 dubok i promukao, podse\u0107aju\u0107i na divlju prirodu. Veterinar je objasnio:<\/p>\n\n\n\n<p>\u201eOvo nisu \u010distokrvni psi. Po svemu sude\u0107i, otac je vuk. Majka je mo\u017eda neko vreme \u017eivela u \u0161umi, a ovo su hibridi psa i vuka.\u201c<\/p>\n\n\n\n<p>\u010covek je posmatrao kako ov\u010darka, iscrpljena ali uspravna, polizuje svoje mladunce. I dalje su bila njena deca \u2014 iako sa genima divljine, ona ih je prihvatila i brinula o njima.<\/p>\n\n\n\n<h3 class=\"wp-block-heading\">Briga i oporavak<\/h3>\n\n\n\n<p>Narednih dana, \u010dovek je redovno dolazio, pru\u017eaju\u0107i pasu podr\u0161ku i mir. Rane su zaceljivale, a majka je polako vra\u0107ala snagu. Nakon nedelju dana, potpisao je formular i odveo ov\u010darku ku\u0107i, pru\u017eaju\u0107i joj toplinu i sigurnost koju zaslu\u017euje.<\/p>\n\n\n\n<h3 class=\"wp-block-heading\">Posebna genetika i odgovornost<\/h3>\n\n\n\n<p>Vu\u010dje-pse\u0107i hibridi nisu samo fascinantni, ve\u0107 zahtevaju posebnu brigu. Inteligencija, snaga i o\u0161tra intuicija zahtevaju doma\u0107ina koji razume granice i zna kako pravilno odgajati mladunce. Uz pa\u017enju i strpljenje, ovi hibridi mogu postati izuzetni saputnici, ali ljubav prema njima uklju\u010duje i odgovornost.<\/p>\n\n\n\n<h3 class=\"wp-block-heading\">Poruka pri\u010de<\/h3>\n\n\n\n<p>Ova pri\u010da pokazuje mo\u0107 saose\u0107anja i hrabrosti. Jedan \u010dovek je \u010duo tihi vapaj na ki\u0161i i nije okrenuo glavu. Spasio je \u017eivot trudne ov\u010darke i postao deo ne\u010deg ve\u0107eg \u2014 mosta izme\u0111u divlje prirode i doma. Mladunci su ostali pod nadzorom stru\u010dnjaka, a majka je prona\u0161la dom i sigurnost.<\/p>\n\n\n\n<p>Na kraju, najva\u017enije ostaje: ne\u017ean dodir, poverenje i dom koji nastaje iz ljubavi i brige. Bez obzira na genetsku retkost ili neobi\u010dnost, ljubav i posve\u0107enost mogu promeniti \u017eivote \u017eivotinja i ljudi.<\/p>\n","protected":false},"excerpt":{"rendered":"<p>Tokom hladne, ki\u0161ne jesenje no\u0107i, jedan \u010dovek je prona\u0161ao napu\u0161tenu nema\u010dku ov\u010darku. Le\u017eala je pored puta, mr\u0161ava, prljava i povre\u0111ena, sa dlakom slepljenom uz kostur. Njegov prvi instinkt bio je pru\u017eiti pomo\u0107: spustio se pored nje i ne\u017eno je pozvao. Pas, drhtav i iscrpljen, nije pokazivao agresiju, ve\u0107 samo tiho cvilio, kao da moli za [&hellip;]<\/p>\n","protected":false},"author":1,"featured_media":67014,"comment_status":"closed","ping_status":"closed","sticky":false,"template":"","format":"standard","meta":{"footnotes":""},"categories":[12],"tags":[],"class_list":["post-67013","post","type-post","status-publish","format-standard","has-post-thumbnail","hentry","category-ispovijest"],"_links":{"self":[{"href":"https:\/\/vaterpolosrbija.rs\/index.php?rest_route=\/wp\/v2\/posts\/67013","targetHints":{"allow":["GET"]}}],"collection":[{"href":"https:\/\/vaterpolosrbija.rs\/index.php?rest_route=\/wp\/v2\/posts"}],"about":[{"href":"https:\/\/vaterpolosrbija.rs\/index.php?rest_route=\/wp\/v2\/types\/post"}],"author":[{"embeddable":true,"href":"https:\/\/vaterpolosrbija.rs\/index.php?rest_route=\/wp\/v2\/users\/1"}],"replies":[{"embeddable":true,"href":"https:\/\/vaterpolosrbija.rs\/index.php?rest_route=%2Fwp%2Fv2%2Fcomments&post=67013"}],"version-history":[{"count":0,"href":"https:\/\/vaterpolosrbija.rs\/index.php?rest_route=\/wp\/v2\/posts\/67013\/revisions"}],"wp:featuredmedia":[{"embeddable":true,"href":"https:\/\/vaterpolosrbija.rs\/index.php?rest_route=\/wp\/v2\/media\/67014"}],"wp:attachment":[{"href":"https:\/\/vaterpolosrbija.rs\/index.php?rest_route=%2Fwp%2Fv2%2Fmedia&parent=67013"}],"wp:term":[{"taxonomy":"category","embeddable":true,"href":"https:\/\/vaterpolosrbija.rs\/index.php?rest_route=%2Fwp%2Fv2%2Fcategories&post=67013"},{"taxonomy":"post_tag","embeddable":true,"href":"https:\/\/vaterpolosrbija.rs\/index.php?rest_route=%2Fwp%2Fv2%2Ftags&post=67013"}],"curies":[{"name":"wp","href":"https:\/\/api.w.org\/{rel}","templated":true}]}}