{"id":66995,"date":"2026-01-14T21:19:46","date_gmt":"2026-01-14T19:19:46","guid":{"rendered":"https:\/\/kvalitetvremena.com\/?p=66995"},"modified":"2026-01-14T21:19:46","modified_gmt":"2026-01-14T19:19:46","slug":"moguce-ujedinjenje-moldavije-i-rumunjske-sta-bi-znacilo-za-evropu-i-region","status":"publish","type":"post","link":"https:\/\/vaterpolosrbija.rs\/?p=66995","title":{"rendered":"Mogu\u0107e ujedinjenje Moldavije i Rumunjske: \u0160ta bi zna\u010dilo za Evropu i region"},"content":{"rendered":"\n<p>Ideja o ujedinjenju Moldavije i Rumunjske povremeno se pojavljivala u politi\u010dkim i javnim raspravama tokom posljednjih decenija, ali nikada do sada nije dobila ovako jasan i otvoren politi\u010dki signal iz samog vrha moldavske dr\u017eave. Izjava predsjednice Moldavije Maie Sandu, kojom je prvi put javno podr\u017eala mogu\u0107nost ujedinjenja, ponovo je otvorila pitanje koje bi moglo imati dalekose\u017ene posljedice po Evropu, sigurnost regiona i odnose velikih sila.<\/p>\n\n\n\n<h3 class=\"wp-block-heading\">Za\u0161to se pitanje ujedinjenja ponovo otvara<\/h3>\n\n\n\n<p>Moldavija je jedna od najsiroma\u0161nijih evropskih dr\u017eava i ve\u0107 godinama se suo\u010dava s ozbiljnim izazovima. Masovno iseljavanje, slaba administracija, nedostatak stru\u010dnog kadra i dugogodi\u0161nja borba s korupcijom ostavili su duboke posljedice na funkcionisanje dr\u017eave. Uz to, sigurnosna situacija dodatno komplikuje polo\u017eaj zemlje.<\/p>\n\n\n\n<p>Predsjednica Sandu upozorava da je malim dr\u017eavama sve te\u017ee o\u010duvati suverenitet i demokratske institucije u svijetu obilje\u017eenom rastu\u0107im geopoliti\u010dkim tenzijama. Moldavija se, kako isti\u010de, nalazi pod stalnim politi\u010dkim i ekonomskim pritiscima, a njen manevarski prostor je ograni\u010den.<\/p>\n\n\n\n<p>U takvim okolnostima, ideja ujedinjenja s Rumunjskom za dio javnosti postaje pitanje dugoro\u010dne stabilnosti, a ne samo istorijske ili emotivne povezanosti.<\/p>\n\n\n\n<h3 class=\"wp-block-heading\">Promjena politi\u010dkog konteksta u Moldaviji<\/h3>\n\n\n\n<p>Za razliku od ranijih godina, politi\u010dka situacija u Moldaviji danas je znatno stabilnija. Maia Sandu je ponovo izabrana za predsjednicu s uvjerljivom podr\u0161kom bira\u010da, a njena stranka ima ve\u0107inu u parlamentu. To joj daje ve\u0107i politi\u010dki legitimitet da otvara i osjetljive teme o budu\u0107nosti dr\u017eave.<\/p>\n\n\n\n<p>Dok je ranije nagla\u0161avala isklju\u010divo neutralan stav i potrebu da se po\u0161tuje volja gra\u0111ana, sada je jasno poru\u010dila da bi li\u010dno podr\u017eala ujedinjenje ako bi gra\u0111ani Moldavije na referendumu izrazili takvu \u017eelju. Ova izjava predstavlja zna\u010dajan zaokret i istorijski presedan u moldavskoj politici.<\/p>\n\n\n\n<h3 class=\"wp-block-heading\">\u0160ta bi ujedinjenje zna\u010dilo u praksi<\/h3>\n\n\n\n<p>Potencijalnim ujedinjenjem Moldavije i Rumunjske nastala bi dr\u017eava sa vi\u0161e od dvadeset miliona stanovnika i znatno ve\u0107im politi\u010dkim, ekonomskim i sigurnosnim kapacitetima. Rumunjska je ve\u0107 \u010dlanica Evropske unije i NATO-a, s razvijenijom ekonomijom i profesionalnom vojskom, dok Moldavija tek te\u017ei evropskim integracijama i nema ozbiljne odbrambene kapacitete.<\/p>\n\n\n\n<p>Za Moldaviju bi to zna\u010dilo br\u017ei ulazak u evropske institucije, ja\u010du sigurnosnu za\u0161titu i pristup ve\u0107im finansijskim fondovima. Za Rumunjsku bi to bio istorijski \u010din nacionalnog ujedinjenja, ali i velika odgovornost u pogledu integracije slabije razvijenog sistema.<\/p>\n\n\n\n<h3 class=\"wp-block-heading\">Klju\u010dni izazovi i otvorena pitanja<\/h3>\n\n\n\n<p>Iako ideja ujedinjenja zvu\u010di privla\u010dno dijelu javnosti, ona nosi i ozbiljne izazove. Najosjetljivije pitanje ostaje Pridnjestrovlje, separatisti\u010dka regija s prisutnim ruskim vojnim snagama. Status tog podru\u010dja predstavlja jednu od najve\u0107ih prepreka bilo kakvoj institucionalnoj promjeni.<\/p>\n\n\n\n<p>Osim toga, ujedinjenje bi otvorilo slo\u017eena ustavna, politi\u010dka i me\u0111unarodna pitanja, uklju\u010duju\u0107i odnose s Rusijom, reakcije susjednih zemalja i stavove unutar same Evropske unije. Ne treba zanemariti ni \u010dinjenicu da dio gra\u0111ana Moldavije i dalje podr\u017eava nezavisnost dr\u017eave ili ima druga\u010dije geopoliti\u010dke orijentacije.<\/p>\n\n\n\n<h3 class=\"wp-block-heading\">\u0160ira slika za Evropu<\/h3>\n\n\n\n<p>Na evropskom nivou, ovakav potez bi zna\u010dio ja\u010danje isto\u010dnog krila Evropske unije i NATO-a, ali i dodatno zao\u0161travanje odnosa sa Rusijom. Upravo zato se ovo pitanje pa\u017eljivo posmatra i izvan regiona.<\/p>\n\n\n\n<p>Iako se ne radi o odluci koja mo\u017ee biti donesena brzo, sama \u010dinjenica da je prvi put otvoreno podr\u017eana s moldavske strane ukazuje da se politi\u010dka realnost mijenja. Budu\u0107nost Moldavije, bilo kao nezavisne dr\u017eave ili kao dijela \u0161ire zajednice, zavisit \u0107e prije svega od volje njenih gra\u0111ana, ali i od globalnih okolnosti koje se ubrzano razvijaju.<\/p>\n\n\n\n<p>Jedno je sigurno: tema ujedinjenja vi\u0161e nije tabu, ve\u0107 ozbiljno politi\u010dko pitanje koje \u0107e u narednim godinama biti sve prisutnije u evropskim raspravama.<\/p>\n","protected":false},"excerpt":{"rendered":"<p>Ideja o ujedinjenju Moldavije i Rumunjske povremeno se pojavljivala u politi\u010dkim i javnim raspravama tokom posljednjih decenija, ali nikada do sada nije dobila ovako jasan i otvoren politi\u010dki signal iz samog vrha moldavske dr\u017eave. Izjava predsjednice Moldavije Maie Sandu, kojom je prvi put javno podr\u017eala mogu\u0107nost ujedinjenja, ponovo je otvorila pitanje koje bi moglo imati [&hellip;]<\/p>\n","protected":false},"author":1,"featured_media":66996,"comment_status":"closed","ping_status":"closed","sticky":false,"template":"","format":"standard","meta":{"footnotes":""},"categories":[10],"tags":[],"class_list":["post-66995","post","type-post","status-publish","format-standard","has-post-thumbnail","hentry","category-zanimljivosti"],"_links":{"self":[{"href":"https:\/\/vaterpolosrbija.rs\/index.php?rest_route=\/wp\/v2\/posts\/66995","targetHints":{"allow":["GET"]}}],"collection":[{"href":"https:\/\/vaterpolosrbija.rs\/index.php?rest_route=\/wp\/v2\/posts"}],"about":[{"href":"https:\/\/vaterpolosrbija.rs\/index.php?rest_route=\/wp\/v2\/types\/post"}],"author":[{"embeddable":true,"href":"https:\/\/vaterpolosrbija.rs\/index.php?rest_route=\/wp\/v2\/users\/1"}],"replies":[{"embeddable":true,"href":"https:\/\/vaterpolosrbija.rs\/index.php?rest_route=%2Fwp%2Fv2%2Fcomments&post=66995"}],"version-history":[{"count":0,"href":"https:\/\/vaterpolosrbija.rs\/index.php?rest_route=\/wp\/v2\/posts\/66995\/revisions"}],"wp:featuredmedia":[{"embeddable":true,"href":"https:\/\/vaterpolosrbija.rs\/index.php?rest_route=\/wp\/v2\/media\/66996"}],"wp:attachment":[{"href":"https:\/\/vaterpolosrbija.rs\/index.php?rest_route=%2Fwp%2Fv2%2Fmedia&parent=66995"}],"wp:term":[{"taxonomy":"category","embeddable":true,"href":"https:\/\/vaterpolosrbija.rs\/index.php?rest_route=%2Fwp%2Fv2%2Fcategories&post=66995"},{"taxonomy":"post_tag","embeddable":true,"href":"https:\/\/vaterpolosrbija.rs\/index.php?rest_route=%2Fwp%2Fv2%2Ftags&post=66995"}],"curies":[{"name":"wp","href":"https:\/\/api.w.org\/{rel}","templated":true}]}}