{"id":66989,"date":"2026-01-14T13:06:56","date_gmt":"2026-01-14T11:06:56","guid":{"rendered":"https:\/\/kvalitetvremena.com\/?p=66989"},"modified":"2026-01-14T13:06:56","modified_gmt":"2026-01-14T11:06:56","slug":"zivotna-borba-ermina-iz-kaknja-samohrani-otac-nakon-izdaje-supruge","status":"publish","type":"post","link":"https:\/\/vaterpolosrbija.rs\/?p=66989","title":{"rendered":"\u017divotna borba Ermina iz Kaknja: Samohrani otac nakon izdaje supruge"},"content":{"rendered":"\n<p>Pri\u010da Ermina Husike iz Kaknja, Bosne i Hercegovine, jedna je od onih koje nas podsje\u0107aju na snagu ljudskog duha. Njegov \u017eivot obilje\u017eili su te\u0161ki izazovi \u2013 od te\u0161ke nesre\u0107e u djetinjstvu, preko invaliditeta, do izdaje u braku \u2013 ali i nepokolebljiva borba za sina i vjeru u novi po\u010detak.<\/p>\n\n\n\n<hr class=\"wp-block-separator has-alpha-channel-opacity\"\/>\n\n\n\n<h3 class=\"wp-block-heading\">Te\u0161ka nesre\u0107a koja je oblikovala \u017eivot<\/h3>\n\n\n\n<p>Ermin Husika sje\u0107a se dana kada mu se \u017eivot zauvijek promijenio. Sa samo 14 godina do\u017eivio je ozbiljnu nesre\u0107u \u2013 pao je s konja, a grana mu je probila glavu. Sljede\u0107ih 24 dana proveo je u komi, priklju\u010den na infuzije.<\/p>\n\n\n\n<p>\u201ePrije toga sam bio potpuno zdrav\u201c, prisje\u0107a se Ermin. Danas, gotovo 25 godina kasnije, ima vi\u0161e od devedeset posto tjelesnog o\u0161te\u0107enja, ali to ga nije sprije\u010dilo da se bori i nastoji \u017eivjeti dostojanstveno.<\/p>\n\n\n\n<hr class=\"wp-block-separator has-alpha-channel-opacity\"\/>\n\n\n\n<h3 class=\"wp-block-heading\">Rad i upornost unato\u010d invaliditetu<\/h3>\n\n\n\n<p>Iako mu zdravstveno stanje ograni\u010dava sposobnosti, Ermin nikada nije birao lak\u0161e puteve. Radio je razli\u010dite poslove \u2013 od \u010duvara, poslova na farmi, sje\u010de drva, do brige o \u017eivotinjama. Posebno se isticala njegova inicijativa da zaposli osobe s invaliditetom, iako mu je kasnije zatvaranje farme dodatno ote\u017ealo \u017eivot.<\/p>\n\n\n\n<p>\u201eNema \u0161ta nisam radio. Moram da se borim\u201c, ka\u017ee jednostavno, bez patetike. Njegov san bio je da stvori siguran dom za sebe i sina te da izgradi malu \u0161talu kako bi olak\u0161ao svakodnevicu.<\/p>\n\n\n\n<hr class=\"wp-block-separator has-alpha-channel-opacity\"\/>\n\n\n\n<h3 class=\"wp-block-heading\">Brak i izdaja<\/h3>\n\n\n\n<p>Ermin je bio u braku deset godina, iz kojeg ima osmogodi\u0161njeg sina. Na po\u010detku je brak izgledao obe\u0107avaju\u0107e. Supruga je dijelila njegove planove i entuzijazam, radovala se novoj ku\u0107i u selu Tupkovi\u0107i i podr\u017eavala njegov trud.<\/p>\n\n\n\n<p>Na\u017ealost, sve se promijenilo. Jednog dana Ermin je zatekao ku\u0107u praznu i prona\u0161ao poruku koja mu je potpuno promijenila \u017eivot. Prema njegovim rije\u010dima, supruga ga je ostavila i oti\u0161la s mu\u017eem njegove sestre, a pritom uzela dje\u010diji dodatak u iznosu od 250 do 300 konvertibilnih maraka.<\/p>\n\n\n\n<p>\u201eDo\u0161ao sam ku\u0107i, a \u017eene nema. Kad sam vidio poruku, svijet mi se sru\u0161io. Dva mjeseca sam bez nje. \u017divim, radim, borim se, \u0161kolujem dijete\u201c, pri\u010da Ermin.<\/p>\n\n\n\n<hr class=\"wp-block-separator has-alpha-channel-opacity\"\/>\n\n\n\n<h3 class=\"wp-block-heading\">Borba sa institucijama<\/h3>\n\n\n\n<p>Ermin je odmah obavijestio policiju i obratio se centru za socijalni rad, ali je postupak bio slo\u017een i iscrpljuju\u0107i. Sudski i administrativni procesi ote\u017eali su njegovu svakodnevnicu, ali on nije odustao.<\/p>\n\n\n\n<p>\u201eSve radim za svog sina. Treba vatru lo\u017eiti, treba ma\u0161inu paliti, sve sam. Du\u0161a me boli\u201c, priznaje tiho, ali s jasnom odlu\u010dno\u0161\u0107u da svom djetetu pru\u017ei normalan \u017eivot.<\/p>\n\n\n\n<hr class=\"wp-block-separator has-alpha-channel-opacity\"\/>\n\n\n\n<h3 class=\"wp-block-heading\">Snaga, vjera i nada<\/h3>\n\n\n\n<p>U najte\u017eim trenucima Ermin se podsje\u0107a na rije\u010di svog oca: \u201eErmine, sine, dobar si du\u0161om i srcem. \u010cuvaj se, dijete, da ti se opanak ne pocepa.\u201c Za njega, \u017eivotne te\u0161ko\u0107e i izdaje ne bri\u0161u vjeru u bolje dane.<\/p>\n\n\n\n<p>Iako je sada samohrani otac, Ermin vjeruje da \u0107e prona\u0107i novu ljubav i srodnu du\u0161u koja \u0107e razumjeti njegovu pri\u010du i njegovu djecu. \u201eNapatit \u0107u se dok ne na\u0111em srodnu \u017eenu. Ako ima gdje kakva slobodna, tu sam. Prihvatit \u0107u je, \u017eivjet \u0107emo\u201c, ka\u017ee.<\/p>\n\n\n\n<hr class=\"wp-block-separator has-alpha-channel-opacity\"\/>\n\n\n\n<h3 class=\"wp-block-heading\">Pouka pri\u010de<\/h3>\n\n\n\n<p>Pri\u010da Ermina Husike podsje\u0107a nas na nekoliko klju\u010dnih \u017eivotnih istina:<\/p>\n\n\n\n<ul class=\"wp-block-list\">\n<li><strong>Otpornost je klju\u010dna<\/strong> \u2013 \u010dak i nakon te\u0161kih nesre\u0107a i izdaja, mogu\u0107e je nastaviti dalje i pru\u017eiti ljubav svojoj djeci.<\/li>\n\n\n\n<li><strong>Briga za dijete daje snagu<\/strong> \u2013 roditelji \u010desto pronalaze snagu koju nisu ni znali da posjeduju kada su u pitanju njihova djeca.<\/li>\n\n\n\n<li><strong>Vjera i nada daju smisao<\/strong> \u2013 i u najte\u017eim situacijama, odr\u017eavanje vjere i nade poma\u017ee ljudima da ne odustanu.<\/li>\n\n\n\n<li><strong>Dru\u0161tvena podr\u0161ka je va\u017ena<\/strong> \u2013 pomo\u0107 zajednice i dobrih ljudi mo\u017ee olak\u0161ati po\u010detke i pru\u017eiti podr\u0161ku kada je najpotrebnije.<\/li>\n<\/ul>\n\n\n\n<p>Erminov \u017eivot nije pri\u010da o porazu, ve\u0107 o upornosti, odgovornosti i snazi ljudskog duha. Njegov primjer mo\u017ee inspirisati mnoge da, bez obzira na prepreke, prona\u0111u snagu za novi po\u010detak.<\/p>\n","protected":false},"excerpt":{"rendered":"<p>Pri\u010da Ermina Husike iz Kaknja, Bosne i Hercegovine, jedna je od onih koje nas podsje\u0107aju na snagu ljudskog duha. Njegov \u017eivot obilje\u017eili su te\u0161ki izazovi \u2013 od te\u0161ke nesre\u0107e u djetinjstvu, preko invaliditeta, do izdaje u braku \u2013 ali i nepokolebljiva borba za sina i vjeru u novi po\u010detak. Te\u0161ka nesre\u0107a koja je oblikovala \u017eivot [&hellip;]<\/p>\n","protected":false},"author":1,"featured_media":66990,"comment_status":"closed","ping_status":"closed","sticky":false,"template":"","format":"standard","meta":{"footnotes":""},"categories":[10],"tags":[],"class_list":["post-66989","post","type-post","status-publish","format-standard","has-post-thumbnail","hentry","category-zanimljivosti"],"_links":{"self":[{"href":"https:\/\/vaterpolosrbija.rs\/index.php?rest_route=\/wp\/v2\/posts\/66989","targetHints":{"allow":["GET"]}}],"collection":[{"href":"https:\/\/vaterpolosrbija.rs\/index.php?rest_route=\/wp\/v2\/posts"}],"about":[{"href":"https:\/\/vaterpolosrbija.rs\/index.php?rest_route=\/wp\/v2\/types\/post"}],"author":[{"embeddable":true,"href":"https:\/\/vaterpolosrbija.rs\/index.php?rest_route=\/wp\/v2\/users\/1"}],"replies":[{"embeddable":true,"href":"https:\/\/vaterpolosrbija.rs\/index.php?rest_route=%2Fwp%2Fv2%2Fcomments&post=66989"}],"version-history":[{"count":0,"href":"https:\/\/vaterpolosrbija.rs\/index.php?rest_route=\/wp\/v2\/posts\/66989\/revisions"}],"wp:featuredmedia":[{"embeddable":true,"href":"https:\/\/vaterpolosrbija.rs\/index.php?rest_route=\/wp\/v2\/media\/66990"}],"wp:attachment":[{"href":"https:\/\/vaterpolosrbija.rs\/index.php?rest_route=%2Fwp%2Fv2%2Fmedia&parent=66989"}],"wp:term":[{"taxonomy":"category","embeddable":true,"href":"https:\/\/vaterpolosrbija.rs\/index.php?rest_route=%2Fwp%2Fv2%2Fcategories&post=66989"},{"taxonomy":"post_tag","embeddable":true,"href":"https:\/\/vaterpolosrbija.rs\/index.php?rest_route=%2Fwp%2Fv2%2Ftags&post=66989"}],"curies":[{"name":"wp","href":"https:\/\/api.w.org\/{rel}","templated":true}]}}