{"id":66973,"date":"2026-01-13T20:21:08","date_gmt":"2026-01-13T18:21:08","guid":{"rendered":"https:\/\/kvalitetvremena.com\/?p=66973"},"modified":"2026-01-13T20:21:08","modified_gmt":"2026-01-13T18:21:08","slug":"mali-bozic-i-narodna-vjerovanja-sta-se-prema-tradiciji-ne-radi-14-januara","status":"publish","type":"post","link":"https:\/\/vaterpolosrbija.rs\/?p=66973","title":{"rendered":"Mali Bo\u017ei\u0107 i narodna vjerovanja: \u0160ta se prema tradiciji ne radi 14. januara"},"content":{"rendered":"\n<p>Mali Bo\u017ei\u0107, koji se obilje\u017eava 14. januara, zauzima posebno mjesto u srpskoj pravoslavnoj tradiciji i narodnom pam\u0107enju. Iako se \u010desto do\u017eivljava kao zavr\u0161etak bo\u017ei\u0107nih praznika ili po\u010detak Nove godine po julijanskom kalendaru, ovaj dan nosi sna\u017enu simboliku i bogatstvo obi\u010daja koji su se prenosili generacijama. Prema vjerovanju predaka, na\u010din na koji se Mali Bo\u017ei\u0107 provede mo\u017ee uticati na tok cijele godine, zbog \u010dega se ovom datumu pristupalo s velikim po\u0161tovanjem.<\/p>\n\n\n\n<p>Srpska pravoslavna crkva tog dana proslavlja Obrezanje Isusa Hrista i Svetog Vasilija Velikog, jednog od najzna\u010dajnijih hri\u0161\u0107anskih svetitelja. U narodu se upravo zbog toga ovaj praznik do\u017eivljava kao dan novog po\u010detka, ali i kao vrijeme u kojem treba biti posebno oprezan u pona\u0161anju, rije\u010dima i postupcima.<\/p>\n\n\n\n<h3 class=\"wp-block-heading\">Za\u0161to se Mali Bo\u017ei\u0107 smatra posebnim danom<\/h3>\n\n\n\n<p>U pro\u0161losti se vjerovalo da Mali Bo\u017ei\u0107 ima gotovo istu te\u017einu kao i sam Bo\u017ei\u0107. Ljudi su obra\u0107ali pa\u017enju na svaki detalj, jer se smatralo da se sudbina godine ogleda upravo u tom danu. Zato su se njegovali mir, sloga i ti\u0161ina u ku\u0107i, a svaka sva\u0111a ili te\u0161ka rije\u010d smatrala se lo\u0161im znakom.<\/p>\n\n\n\n<p>U mnogim krajevima se priprema obredni kola\u010d poznat kao vasilica, iako nosi razli\u010dite nazive u zavisnosti od regije. Bez obzira na ime, njegova simbolika je ista \u2013 zdravlje, napredak i zajedni\u0161tvo porodice. Negdje se lomi i \u010desnica, kao i za Bo\u017ei\u0107, uz vjerovanje da taj \u010din ja\u010da porodi\u010dne veze i donosi blagostanje.<\/p>\n\n\n\n<h3 class=\"wp-block-heading\">\u0160ta se, prema narodnom vjerovanju, ne radi na Mali Bo\u017ei\u0107<\/h3>\n\n\n\n<p>Narodna tradicija sa\u010duvala je niz upozorenja o tome \u0161ta se na ovaj dan izbjegava kako se ne bi, kako se govorilo, navukla nesre\u0107a ili nemir tokom godine.<\/p>\n\n\n\n<p>Prije svega, vjerovalo se da se na Mali Bo\u017ei\u0107 nikako ne treba sva\u0111ati. Smatralo se da sva\u0111a tog dana donosi nemir, probleme i lo\u0161e odnose u narednim mjesecima. Stariji su savjetovali da se nesuglasice pre\u0107ute i ostave za kasnije, jer mir u ku\u0107i na Mali Bo\u017ei\u0107 zna\u010di mir tokom cijele godine.<\/p>\n\n\n\n<p>Tako\u0111e se izbjegavalo te\u0161ko fizi\u010dko radovanje i zapo\u010dinjanje velikih poslova. Ovaj dan je bio namijenjen odmoru, molitvi i okupljanju porodice. Smatralo se da pretjerani rad ili nervoza mogu donijeti umor i prepreke u budu\u0107nosti.<\/p>\n\n\n\n<p>U nekim krajevima se vjerovalo da ne treba iznositi stvari iz ku\u0107e, niti davati pozajmice, kako se ne bi simboli\u010dno \u201eiznijela\u201c sre\u0107a i blagostanje. Sve \u0161to se toga dana nalazi u domu trebalo je da ostane tu, kao znak stabilnosti i sigurnosti.<\/p>\n\n\n\n<h3 class=\"wp-block-heading\">Obi\u010daji koji su pratili Mali Bo\u017ei\u0107<\/h3>\n\n\n\n<p>Posebno mjesto u narodnim vjerovanjima imalo je posmatranje znakova za godinu koja dolazi. U nekim krajevima \u010duvala se glava ili ple\u0107ka bo\u017ei\u0107ne pe\u010denice, iz kojih su stariji poku\u0161avali da protuma\u010de kakva \u0107e godina biti. Nakon toga, kosti su se \u010desto odnosile na mravinjak, uz simboli\u010dnu \u017eelju za napretkom i mno\u0161tvom.<\/p>\n\n\n\n<p>Djeca su imala va\u017eno mjesto u obi\u010dajima. U nekim selima doma\u0107ice su ujutru bacale snijeg u ku\u0107u uz rije\u010di koje simboli\u010dno tjeraju bolest. Dje\u010dja odje\u0107a se iznosila i prebacivala preko grana vo\u0107aka, uz vjerovanje da \u0107e djeca tokom godine biti zdrava i za\u0161ti\u0107ena.<\/p>\n\n\n\n<p>U pojedinim krajevima dolazio je i polo\u017eajnik, gost za kojeg se vjerovalo da donosi sre\u0107u i napredak. Paljenje vatre ili spaljivanje ostataka badnjaka imalo je zna\u010denje \u010di\u0161\u0107enja i za\u0161tite doma.<\/p>\n\n\n\n<h3 class=\"wp-block-heading\">Duhovna poruka praznika<\/h3>\n\n\n\n<p>U crkvama se na Mali Bo\u017ei\u0107 vjernici mole za zdravlje, mir, rodnu godinu i snagu da se savladaju izazovi. Sveti Vasilije Veliki u narodnoj tradiciji simbolizuje mudrost, istrajnost i brigu za bli\u017enje. Njegov praznik podsje\u0107a da se nova godina zapo\u010dinje smireno, sa \u010distim mislima i bez tereta starih sukoba.<\/p>\n\n\n\n<p>Iako se danas mnogi obi\u010daji vi\u0161e ne praktikuju doslovno, njihova poruka ostaje ista. Mali Bo\u017ei\u0107 nas podsje\u0107a na vrijednosti koje \u010desto zaboravljamo u svakodnevnoj \u017eurbi \u2013 strpljenje, po\u0161tovanje, porodi\u010dnu slogu i unutra\u0161nji mir. Upravo u tome le\u017ei njegova snaga i razlog za\u0161to se ovaj praznik i dalje do\u017eivljava s posebnim po\u0161tovanjem.<\/p>\n","protected":false},"excerpt":{"rendered":"<p>Mali Bo\u017ei\u0107, koji se obilje\u017eava 14. januara, zauzima posebno mjesto u srpskoj pravoslavnoj tradiciji i narodnom pam\u0107enju. Iako se \u010desto do\u017eivljava kao zavr\u0161etak bo\u017ei\u0107nih praznika ili po\u010detak Nove godine po julijanskom kalendaru, ovaj dan nosi sna\u017enu simboliku i bogatstvo obi\u010daja koji su se prenosili generacijama. Prema vjerovanju predaka, na\u010din na koji se Mali Bo\u017ei\u0107 provede [&hellip;]<\/p>\n","protected":false},"author":1,"featured_media":66974,"comment_status":"closed","ping_status":"closed","sticky":false,"template":"","format":"standard","meta":{"footnotes":""},"categories":[10],"tags":[],"class_list":["post-66973","post","type-post","status-publish","format-standard","has-post-thumbnail","hentry","category-zanimljivosti"],"_links":{"self":[{"href":"https:\/\/vaterpolosrbija.rs\/index.php?rest_route=\/wp\/v2\/posts\/66973","targetHints":{"allow":["GET"]}}],"collection":[{"href":"https:\/\/vaterpolosrbija.rs\/index.php?rest_route=\/wp\/v2\/posts"}],"about":[{"href":"https:\/\/vaterpolosrbija.rs\/index.php?rest_route=\/wp\/v2\/types\/post"}],"author":[{"embeddable":true,"href":"https:\/\/vaterpolosrbija.rs\/index.php?rest_route=\/wp\/v2\/users\/1"}],"replies":[{"embeddable":true,"href":"https:\/\/vaterpolosrbija.rs\/index.php?rest_route=%2Fwp%2Fv2%2Fcomments&post=66973"}],"version-history":[{"count":0,"href":"https:\/\/vaterpolosrbija.rs\/index.php?rest_route=\/wp\/v2\/posts\/66973\/revisions"}],"wp:featuredmedia":[{"embeddable":true,"href":"https:\/\/vaterpolosrbija.rs\/index.php?rest_route=\/wp\/v2\/media\/66974"}],"wp:attachment":[{"href":"https:\/\/vaterpolosrbija.rs\/index.php?rest_route=%2Fwp%2Fv2%2Fmedia&parent=66973"}],"wp:term":[{"taxonomy":"category","embeddable":true,"href":"https:\/\/vaterpolosrbija.rs\/index.php?rest_route=%2Fwp%2Fv2%2Fcategories&post=66973"},{"taxonomy":"post_tag","embeddable":true,"href":"https:\/\/vaterpolosrbija.rs\/index.php?rest_route=%2Fwp%2Fv2%2Ftags&post=66973"}],"curies":[{"name":"wp","href":"https:\/\/api.w.org\/{rel}","templated":true}]}}