{"id":66961,"date":"2026-01-13T00:31:12","date_gmt":"2026-01-12T22:31:12","guid":{"rendered":"https:\/\/kvalitetvremena.com\/?p=66961"},"modified":"2026-01-13T00:31:12","modified_gmt":"2026-01-12T22:31:12","slug":"svi-su-ocekivali-zlu-macehu-a-ona-je-pred-bajram-pokazala-sta-znaci-prava-majka","status":"publish","type":"post","link":"https:\/\/vaterpolosrbija.rs\/?p=66961","title":{"rendered":"Svi su o\u010dekivali zlu ma\u0107ehu, a ona je pred Bajram pokazala \u0161ta zna\u010di prava majka"},"content":{"rendered":"\n<p>U malim sredinama ljudi \u010desto unaprijed donose sud o onima koje ne poznaju. Etikete se lijepe brzo, a istina se \u010duje tek kada bude kasno. Ova pri\u010da govori upravo o tome koliko predrasude mogu biti pogre\u0161ne i kako se istinska dobrota prepoznaje tek kroz djela.<\/p>\n\n\n\n<h3 class=\"wp-block-heading\">Porodica bez majke i ku\u0107a puna ti\u0161ine<\/h3>\n\n\n\n<p>Nakon iznenadne smrti supruge Fatime, Hasan Kova\u010d ostao je sam sa troje male djece. Ku\u0107a koja je nekada bila puna smijeha i topline pretvorila se u mjesto ti\u0161ine i tuge. Hasan se trudio koliko je mogao, ali je svakim danom osje\u0107ao da djeci nedostaje ono najva\u017enije, maj\u010dinska briga i nje\u017enost.<\/p>\n\n\n\n<p>Vrijeme je prolazilo, a pritisak okoline je rastao. Ro\u0111aci i kom\u0161ije su mu govorili da se mora ponovo o\u017eeniti, ne zbog sebe, ve\u0107 zbog djece. Nakon dugog razmi\u0161ljanja, Hasan je pristao.<\/p>\n\n\n\n<h3 class=\"wp-block-heading\">Brak koji selo nije odobrilo<\/h3>\n\n\n\n<p>Merima, djevojka iz susjednog sela, bila je ta koja je pristala da se uda za Hasana. Nije imala miraz, iza nje nisu stajali uticajni ljudi i selo ju je odavno obilje\u017eilo kao usidjelicu. Od samog po\u010detka pratili su je pogledi puni sumnje i \u0161apat iza le\u0111a.<\/p>\n\n\n\n<p>Mnogi su govorili da \u0107e biti lo\u0161a ma\u0107eha, da to radi iz koristi i da \u0107e djeca ispa\u0161tati. Merima je sve to \u010dula, ali nikada nije odgovarala. Umjesto rije\u010di, odlu\u010dila je da govori djelima.<\/p>\n\n\n\n<h3 class=\"wp-block-heading\">Te\u017eak po\u010detak i nepovjerenje djece<\/h3>\n\n\n\n<p>Najve\u0107i izazov nisu bile kom\u0161ije, ve\u0107 djeca. Oni su u ku\u0107u donijeli strah i nepovjerenje, ponavljaju\u0107i ono \u0161to su \u010duli od drugih. Merima je to razumjela. Znala je da se povjerenje ne mo\u017ee tra\u017eiti, ve\u0107 samo zaslu\u017eiti.<\/p>\n\n\n\n<p>Svaki dan je radila sve \u0161to je mogla. Ustajala je prva, lijegala posljednja, kuhala, \u010distila, \u0161ila i trudila se da dom ponovo dobije toplinu. Ipak, zid izme\u0111u nje i djece i dalje je stajao.<\/p>\n\n\n\n<h3 class=\"wp-block-heading\">Bajram bez novca i velika briga<\/h3>\n\n\n\n<p>Kako se Bajram pribli\u017eavao, Hasanova briga je postajala sve ve\u0107a. Su\u0161a je uni\u0161tila ba\u0161tu, dugovi su se nagomilali, a u ku\u0107i nije bilo novca ni za osnovno. Najvi\u0161e ga je boljelo to \u0161to djeci nije mogao priu\u0161titi novu odje\u0107u za praznik, dok su se druga djeca u selu ve\u0107 radovala novim stvarima.<\/p>\n\n\n\n<p>Hasan je \u0161utio i nosio teret u sebi, ne slute\u0107i da Merima ve\u0107 ima plan.<\/p>\n\n\n\n<h3 class=\"wp-block-heading\">No\u0107 koja je promijenila sve<\/h3>\n\n\n\n<p>Te no\u0107i, dok su svi spavali, Merima je otvorila stari sanduk u kojem je \u010duvala jedinu dragocjenost iz svoje pro\u0161losti, svadbeno odijelo. Bez razmi\u0161ljanja, odlu\u010dila je da ga \u017ertvuje.<\/p>\n\n\n\n<p>Do zore je \u0161ila. Od svile je napravila odje\u0107u za svako dijete, paze\u0107i na svaki detalj. Nije mislila na sebe, niti na to \u0161ta \u0107e obu\u0107i. Mislila je samo na dje\u010diju radost.<\/p>\n\n\n\n<h3 class=\"wp-block-heading\">Bajramsko jutro koje selo nije zaboravilo<\/h3>\n\n\n\n<p>Kada je svanulo jutro, Hasan je ugledao djecu obu\u010denu u novu, lijepu odje\u0107u. Bio je zbunjen, a zatim slomljen od emocija. Shvatio je \u0161ta je Merima u\u010dinila i koliku je \u017ertvu podnijela, a da ni\u0161ta nije tra\u017eila zauzvrat.<\/p>\n\n\n\n<p>Merima je tog jutra nosila staru, izblijedjelu suknju, ali je na njenom licu bio mir. Djeca su je prvi put gledala druga\u010dijim o\u010dima.<\/p>\n\n\n\n<h3 class=\"wp-block-heading\">Ti\u0161ina u selu i istina koja je isplivala<\/h3>\n\n\n\n<p>Tog Bajrama selo je utihnulo. Nije bilo ogovaranja, ni ru\u017enih rije\u010di. Svi su vidjeli djela koja se ne mogu osporiti. Merima, koju su unaprijed osudili, pokazala je \u0161ta zna\u010di biti majka.<\/p>\n\n\n\n<p>Najve\u0107a pobjeda nije bila u lijepoj odje\u0107i, ve\u0107 u povjerenju koje je stekla i ljubavi koju je dobila. Djeca su tog dana dobila majku, a Merima porodicu.<\/p>\n\n\n\n<h3 class=\"wp-block-heading\">Zaklju\u010dak<\/h3>\n\n\n\n<p>Ova pri\u010da podsje\u0107a da porodica ne nastaje uvijek krvlju, ve\u0107 \u017ertvom, strpljenjem i ljubavlju. Predrasude su glasne, ali djela govore ti\u0161e i trajnije. Merima je pokazala da se istinsko maj\u010dinstvo ne mjeri rije\u010dima, ve\u0107 onim \u0161to smo spremni dati kada je najte\u017ee.<\/p>\n","protected":false},"excerpt":{"rendered":"<p>U malim sredinama ljudi \u010desto unaprijed donose sud o onima koje ne poznaju. Etikete se lijepe brzo, a istina se \u010duje tek kada bude kasno. Ova pri\u010da govori upravo o tome koliko predrasude mogu biti pogre\u0161ne i kako se istinska dobrota prepoznaje tek kroz djela. Porodica bez majke i ku\u0107a puna ti\u0161ine Nakon iznenadne smrti [&hellip;]<\/p>\n","protected":false},"author":1,"featured_media":66962,"comment_status":"closed","ping_status":"closed","sticky":false,"template":"","format":"standard","meta":{"footnotes":""},"categories":[10],"tags":[],"class_list":["post-66961","post","type-post","status-publish","format-standard","has-post-thumbnail","hentry","category-zanimljivosti"],"_links":{"self":[{"href":"https:\/\/vaterpolosrbija.rs\/index.php?rest_route=\/wp\/v2\/posts\/66961","targetHints":{"allow":["GET"]}}],"collection":[{"href":"https:\/\/vaterpolosrbija.rs\/index.php?rest_route=\/wp\/v2\/posts"}],"about":[{"href":"https:\/\/vaterpolosrbija.rs\/index.php?rest_route=\/wp\/v2\/types\/post"}],"author":[{"embeddable":true,"href":"https:\/\/vaterpolosrbija.rs\/index.php?rest_route=\/wp\/v2\/users\/1"}],"replies":[{"embeddable":true,"href":"https:\/\/vaterpolosrbija.rs\/index.php?rest_route=%2Fwp%2Fv2%2Fcomments&post=66961"}],"version-history":[{"count":0,"href":"https:\/\/vaterpolosrbija.rs\/index.php?rest_route=\/wp\/v2\/posts\/66961\/revisions"}],"wp:featuredmedia":[{"embeddable":true,"href":"https:\/\/vaterpolosrbija.rs\/index.php?rest_route=\/wp\/v2\/media\/66962"}],"wp:attachment":[{"href":"https:\/\/vaterpolosrbija.rs\/index.php?rest_route=%2Fwp%2Fv2%2Fmedia&parent=66961"}],"wp:term":[{"taxonomy":"category","embeddable":true,"href":"https:\/\/vaterpolosrbija.rs\/index.php?rest_route=%2Fwp%2Fv2%2Fcategories&post=66961"},{"taxonomy":"post_tag","embeddable":true,"href":"https:\/\/vaterpolosrbija.rs\/index.php?rest_route=%2Fwp%2Fv2%2Ftags&post=66961"}],"curies":[{"name":"wp","href":"https:\/\/api.w.org\/{rel}","templated":true}]}}