{"id":66944,"date":"2026-01-12T11:28:52","date_gmt":"2026-01-12T09:28:52","guid":{"rendered":"https:\/\/kvalitetvremena.com\/?p=66944"},"modified":"2026-01-12T11:28:52","modified_gmt":"2026-01-12T09:28:52","slug":"rekao-je-da-je-pala-i-udarila-glavom-ali-su-ljekari-brzo-shvatili-da-istina-nije-tako-jednostavna","status":"publish","type":"post","link":"https:\/\/vaterpolosrbija.rs\/?p=66944","title":{"rendered":"Rekao je da je pala i udarila glavom, ali su ljekari brzo shvatili da istina nije tako jednostavna"},"content":{"rendered":"\n<hr class=\"wp-block-separator has-alpha-channel-opacity\"\/>\n\n\n\n<p>Na ulazu u hitnu slu\u017ebu jedne bolnice na Tajvanu zavladala je panika. Mu\u0161karac je u naru\u010dju nosio svoju suprugu, potpuno klonulu, dok je drhtavim glasom ponavljao da je pala i udarila glavom. Govorio je brzo, isprekidano, mole\u0107i za pomo\u0107 i tvrde\u0107i da se radi o nesre\u0107i.<\/p>\n\n\n\n<p>Medicinsko osoblje reagovalo je odmah. \u017dena je polo\u017eena na bolni\u010dki krevet, zapo\u010det je hitni pregled i standardna procedura za povrede glave. Sve je u po\u010detku izgledalo kao jo\u0161 jedan slu\u010daj ku\u0107ne nezgode. Me\u0111utim, kako je pregled odmicao, postajalo je jasno da ova pri\u010da ima dublju i ozbiljniju pozadinu.<\/p>\n\n\n\n<hr class=\"wp-block-separator has-alpha-channel-opacity\"\/>\n\n\n\n<h3 class=\"wp-block-heading\">Kada povrede ne odgovaraju obja\u0161njenju<\/h3>\n\n\n\n<p>Iskusni ljekari brzo su primijetili detalje koji nisu bili u skladu s pri\u010dom o obi\u010dnom padu. Rasekotina na glavi nije izgledala kao posljedica klizanja ili spoticanja, ve\u0107 kao udarac tvrdim predmetom. Jo\u0161 zabrinjavaju\u0107i bili su tragovi na tijelu: modrice razli\u010dite starosti, na rukama, ramenima i le\u0111ima.<\/p>\n\n\n\n<p>Takav raspored i izgled povreda rijetko nastaje u jednoj nezgodi. U medicini, upravo ovakvi obrasci \u010desto ukazuju na ponavljano nasilje, a ne na slu\u010dajnost.<\/p>\n\n\n\n<hr class=\"wp-block-separator has-alpha-channel-opacity\"\/>\n\n\n\n<h3 class=\"wp-block-heading\">Medicinska dokumentacija koja govori sama za sebe<\/h3>\n\n\n\n<p>Pregledom ranijih zdravstvenih kartona otkriveno je da ovo nije bio prvi dolazak \u017eene u bolnicu. U prethodnim mjesecima imala je povrede rebara, prsta i potres mozga. Svaki put obja\u0161njenje je bilo sli\u010dno: pad, nezgoda u ku\u0107i, nespretan trenutak.<\/p>\n\n\n\n<p>Kada se takvi incidenti ponavljaju, a povrede imaju sli\u010dan obrazac, ljekari su du\u017eni da posumnjaju i reaguju. U ovom slu\u010daju, profesionalna odgovornost bila je jasna.<\/p>\n\n\n\n<hr class=\"wp-block-separator has-alpha-channel-opacity\"\/>\n\n\n\n<h3 class=\"wp-block-heading\">Za\u0161to zdravstveni radnici moraju reagovati<\/h3>\n\n\n\n<p>Ljekari i medicinske sestre nisu tu samo da saniraju rane, ve\u0107 i da za\u0161tite pacijenta kada postoji sumnja na nasilje. U ovakvim situacijama, obaveza je da se uklju\u010de nadle\u017ene slu\u017ebe kako bi se sprije\u010dilo dalje ugro\u017eavanje \u017eivota i zdravlja.<\/p>\n\n\n\n<p>Dok je \u017eena stabilizovana, policija je obavije\u0161tena, a mu\u0161karac zadr\u017ean radi provjere okolnosti. Njegovo pona\u0161anje, nervoza i kontradiktorne izjave dodatno su poja\u010dale sumnje.<\/p>\n\n\n\n<hr class=\"wp-block-separator has-alpha-channel-opacity\"\/>\n\n\n\n<h3 class=\"wp-block-heading\">Istina izlazi na vidjelo<\/h3>\n\n\n\n<p>Kada se \u017eena kasnije osvijestila, ljekari su joj mirno i jasno dali do znanja da je na sigurnom mjestu. U tom trenutku, slomljena i upla\u0161ena, potvrdila je ono \u0161to su povrede ve\u0107 nagovje\u0161tavale. Povrede nisu bile posljedica pada, ve\u0107 nasilja koje se ponavljalo.<\/p>\n\n\n\n<p>Taj trenutak bio je te\u017eak, ali i presudan. Priznavanje istine \u010desto je prvi korak ka za\u0161titi i oporavku.<\/p>\n\n\n\n<hr class=\"wp-block-separator has-alpha-channel-opacity\"\/>\n\n\n\n<h3 class=\"wp-block-heading\">Znakovi nasilja koje ne treba zanemariti<\/h3>\n\n\n\n<p>Ovaj slu\u010daj jasno pokazuje koliko je va\u017eno prepoznati upozoravaju\u0107e signale:<\/p>\n\n\n\n<ul class=\"wp-block-list\">\n<li>\u010deste povrede sa sli\u010dnim obja\u0161njenjima<\/li>\n\n\n\n<li>modrice razli\u010dite starosti<\/li>\n\n\n\n<li>vidljiv strah ili nesigurnost<\/li>\n\n\n\n<li>partner koji govori umjesto povrije\u0111ene osobe<\/li>\n\n\n\n<li>nelagoda pri odgovaranju na pitanja<\/li>\n<\/ul>\n\n\n\n<p>Nasilje u porodici \u010desto se krije iza ti\u0161ine i izgovora. Upravo zato je va\u017eno govoriti o njemu i reagovati na vrijeme.<\/p>\n\n\n\n<hr class=\"wp-block-separator has-alpha-channel-opacity\"\/>\n\n\n\n<h3 class=\"wp-block-heading\">Zaklju\u010dak<\/h3>\n\n\n\n<p>Ova pri\u010da nije tu da \u0161okira, ve\u0107 da upozori. Nasilje rijetko po\u010dinje naglo, a \u010desto se godinama prikriva kao niz nesretnih slu\u010dajeva. Zahvaljuju\u0107i pa\u017enji ljekara i njihovoj spremnosti da postave te\u0161ka pitanja, jedan lanac nasilja je prekinut.<\/p>\n","protected":false},"excerpt":{"rendered":"<p>Na ulazu u hitnu slu\u017ebu jedne bolnice na Tajvanu zavladala je panika. Mu\u0161karac je u naru\u010dju nosio svoju suprugu, potpuno klonulu, dok je drhtavim glasom ponavljao da je pala i udarila glavom. Govorio je brzo, isprekidano, mole\u0107i za pomo\u0107 i tvrde\u0107i da se radi o nesre\u0107i. Medicinsko osoblje reagovalo je odmah. \u017dena je polo\u017eena na [&hellip;]<\/p>\n","protected":false},"author":1,"featured_media":66945,"comment_status":"closed","ping_status":"closed","sticky":false,"template":"","format":"standard","meta":{"footnotes":""},"categories":[10],"tags":[],"class_list":["post-66944","post","type-post","status-publish","format-standard","has-post-thumbnail","hentry","category-zanimljivosti"],"_links":{"self":[{"href":"https:\/\/vaterpolosrbija.rs\/index.php?rest_route=\/wp\/v2\/posts\/66944","targetHints":{"allow":["GET"]}}],"collection":[{"href":"https:\/\/vaterpolosrbija.rs\/index.php?rest_route=\/wp\/v2\/posts"}],"about":[{"href":"https:\/\/vaterpolosrbija.rs\/index.php?rest_route=\/wp\/v2\/types\/post"}],"author":[{"embeddable":true,"href":"https:\/\/vaterpolosrbija.rs\/index.php?rest_route=\/wp\/v2\/users\/1"}],"replies":[{"embeddable":true,"href":"https:\/\/vaterpolosrbija.rs\/index.php?rest_route=%2Fwp%2Fv2%2Fcomments&post=66944"}],"version-history":[{"count":0,"href":"https:\/\/vaterpolosrbija.rs\/index.php?rest_route=\/wp\/v2\/posts\/66944\/revisions"}],"wp:featuredmedia":[{"embeddable":true,"href":"https:\/\/vaterpolosrbija.rs\/index.php?rest_route=\/wp\/v2\/media\/66945"}],"wp:attachment":[{"href":"https:\/\/vaterpolosrbija.rs\/index.php?rest_route=%2Fwp%2Fv2%2Fmedia&parent=66944"}],"wp:term":[{"taxonomy":"category","embeddable":true,"href":"https:\/\/vaterpolosrbija.rs\/index.php?rest_route=%2Fwp%2Fv2%2Fcategories&post=66944"},{"taxonomy":"post_tag","embeddable":true,"href":"https:\/\/vaterpolosrbija.rs\/index.php?rest_route=%2Fwp%2Fv2%2Ftags&post=66944"}],"curies":[{"name":"wp","href":"https:\/\/api.w.org\/{rel}","templated":true}]}}