{"id":66941,"date":"2026-01-12T11:11:09","date_gmt":"2026-01-12T09:11:09","guid":{"rendered":"https:\/\/kvalitetvremena.com\/?p=66941"},"modified":"2026-01-12T11:11:09","modified_gmt":"2026-01-12T09:11:09","slug":"zasto-nijedna-spremacica-nije-mogla-izdrzati-u-domu-milijardera-dok-jedna-nije-promijenila-pravila-igre","status":"publish","type":"post","link":"https:\/\/vaterpolosrbija.rs\/?p=66941","title":{"rendered":"Za\u0161to nijedna sprema\u010dica nije mogla izdr\u017eati u domu milijardera, dok jedna nije promijenila pravila igre"},"content":{"rendered":"\n<hr class=\"wp-block-separator has-alpha-channel-opacity\"\/>\n\n\n\n<p>Iza zatvorenih vrata luksuznih vila \u010desto se kriju pri\u010de koje javnost nikada ne vidi. Na prvi pogled sve izgleda savr\u0161eno: more, privatnost, bogatstvo i mo\u0107. Me\u0111utim, svakodnevni \u017eivot zaposlenih u takvim domovima zna biti daleko od idealnog. Ova pri\u010da govori o jednoj takvoj ku\u0107i, o ljudskim odnosima, granicama i snazi tihe upornosti.<\/p>\n\n\n\n<hr class=\"wp-block-separator has-alpha-channel-opacity\"\/>\n\n\n\n<h3 class=\"wp-block-heading\">Luksuz koji skriva napetost<\/h3>\n\n\n\n<p>U rasko\u0161noj vili na obali Jadrana \u017eivio je uspje\u0161an poduzetnik Krunoslav Peri\u0107 sa svojom novom suprugom Tamarom Radi\u0107. Iako je vila bila sinonim za udobnost i bogatstvo, atmosfera me\u0111u osobljem bila je napeta. Sprema\u010dice su se \u010desto mijenjale, neke su odlazile ve\u0107 nakon nekoliko dana, druge su izdr\u017eavale tek nekoliko sedmica.<\/p>\n\n\n\n<p>Razlog nije bio obim posla, ve\u0107 na\u010din na koji se Tamara odnosila prema zaposlenima. Svaka sitnica bila je povod za kritiku, a gre\u0161ke se nisu tolerirale. Strah i nesigurnost postali su svakodnevica osoblja.<\/p>\n\n\n\n<hr class=\"wp-block-separator has-alpha-channel-opacity\"\/>\n\n\n\n<h3 class=\"wp-block-heading\">Dolazak Ivone i druga\u010diji pristup<\/h3>\n\n\n\n<p>Kada je Ivona Mari\u0107 do\u0161la raditi kao nova sprema\u010dica, niko nije o\u010dekivao da \u0107e se zadr\u017eati. Bila je tiha, povu\u010dena i nenametljiva. Ipak, iza njenog smirenog pona\u0161anja krila se izuzetna unutra\u0161nja snaga i jasna odluka da ne\u0107e reagirati impulsivno.<\/p>\n\n\n\n<p>Ve\u0107 prvih dana suo\u010dila se s te\u0161kim situacijama i neprimjerenim pona\u0161anjem. Umjesto sukoba, Ivona je birala smirenost, profesionalnost i fokus na posao. Taj pristup bio je neuobi\u010dajen u okru\u017eenju u kojem su se emocije \u010desto lomile pod pritiskom.<\/p>\n\n\n\n<hr class=\"wp-block-separator has-alpha-channel-opacity\"\/>\n\n\n\n<h3 class=\"wp-block-heading\">Snaga strpljenja i posmatranja<\/h3>\n\n\n\n<p>Dok su drugi odlazili, Ivona je ostajala. Pa\u017eljivo je u\u010dila, prilago\u0111avala se i promatrala. Nije tra\u017eila konflikte, ali nije ni dozvoljavala da je situacije slome iznutra. Njena dosljednost i urednost ubrzo su postali primjetni, \u010dak i vlasniku ku\u0107e.<\/p>\n\n\n\n<p>Krunoslav je zapazio da se po prvi put u ku\u0107i pojavila stabilnost u radu osoblja. Posao je bio obavljen besprijekorno, bez drame i bez \u017ealbi. Ivona nije poku\u0161avala impresionirati, ve\u0107 je jednostavno radila svoj posao s dostojanstvom.<\/p>\n\n\n\n<hr class=\"wp-block-separator has-alpha-channel-opacity\"\/>\n\n\n\n<h3 class=\"wp-block-heading\">Kada ti\u0161ina govori vi\u0161e od rije\u010di<\/h3>\n\n\n\n<p>S vremenom, Ivona je primijetila obrasce pona\u0161anja u ku\u0107i. Neobi\u010dne promjene raspolo\u017eenja, kasni telefonski pozivi i izbjegavanje razgovora unutar porodice ukazivali su na dublje probleme. Ivona nije donosila zaklju\u010dke, ali je shvatila da njena uloga nije samo u \u010di\u0161\u0107enju prostora, ve\u0107 i u o\u010duvanju vlastitih granica i integriteta.<\/p>\n\n\n\n<p>Njena smirenost po\u010dela je djelovati kao ogledalo. Umjesto da izaziva nove sukobe, njeno pona\u0161anje je postepeno mijenjalo dinamiku u ku\u0107i. Napetost je postajala vidljivija upravo zato \u0161to se ona nije uklapala u obrazac straha.<\/p>\n\n\n\n<hr class=\"wp-block-separator has-alpha-channel-opacity\"\/>\n\n\n\n<h3 class=\"wp-block-heading\">Lekcije koje ova pri\u010da nosi<\/h3>\n\n\n\n<p>Ova pri\u010da ne govori o osveti ili sukobu, ve\u0107 o va\u017enim \u017eivotnim poukama:<\/p>\n\n\n\n<ul class=\"wp-block-list\">\n<li>Profesionalnost i smirenost mogu biti sna\u017eniji od konflikta<\/li>\n\n\n\n<li>Zlostavljanje na radnom mjestu nikada nije prihvatljivo, bez obzira na status<\/li>\n\n\n\n<li>Strpljenje i posmatranje ponekad otkrivaju vi\u0161e nego nagle reakcije<\/li>\n\n\n\n<li>Li\u010dno dostojanstvo je vrijednost koju niko ne bi smio izgubiti zbog posla<\/li>\n<\/ul>\n\n\n\n<hr class=\"wp-block-separator has-alpha-channel-opacity\"\/>\n\n\n\n<h3 class=\"wp-block-heading\">Zaklju\u010dak<\/h3>\n\n\n\n<p>Ivona nije promijenila situaciju vikom niti sukobom. Promijenila ju je dosljedno\u0161\u0107u, tihom snagom i jasnim granicama. U okru\u017eenju gdje su mnogi odustajali, ona je pokazala da se nepravda ne mora uvijek rje\u0161avati bukom. Ponekad je dovoljno ostati smiren, svjestan sebe i vlastite vrijednosti.<\/p>\n\n\n\n<p>Ova pri\u010da podsje\u0107a da prava snaga \u010desto dolazi iznutra i da i u najte\u017eim radnim okru\u017eenjima postoji prostor za li\u010dni integritet i promjenu.<\/p>\n","protected":false},"excerpt":{"rendered":"<p>Iza zatvorenih vrata luksuznih vila \u010desto se kriju pri\u010de koje javnost nikada ne vidi. Na prvi pogled sve izgleda savr\u0161eno: more, privatnost, bogatstvo i mo\u0107. Me\u0111utim, svakodnevni \u017eivot zaposlenih u takvim domovima zna biti daleko od idealnog. Ova pri\u010da govori o jednoj takvoj ku\u0107i, o ljudskim odnosima, granicama i snazi tihe upornosti. Luksuz koji skriva [&hellip;]<\/p>\n","protected":false},"author":1,"featured_media":66942,"comment_status":"closed","ping_status":"closed","sticky":false,"template":"","format":"standard","meta":{"footnotes":""},"categories":[12],"tags":[],"class_list":["post-66941","post","type-post","status-publish","format-standard","has-post-thumbnail","hentry","category-ispovijest"],"_links":{"self":[{"href":"https:\/\/vaterpolosrbija.rs\/index.php?rest_route=\/wp\/v2\/posts\/66941","targetHints":{"allow":["GET"]}}],"collection":[{"href":"https:\/\/vaterpolosrbija.rs\/index.php?rest_route=\/wp\/v2\/posts"}],"about":[{"href":"https:\/\/vaterpolosrbija.rs\/index.php?rest_route=\/wp\/v2\/types\/post"}],"author":[{"embeddable":true,"href":"https:\/\/vaterpolosrbija.rs\/index.php?rest_route=\/wp\/v2\/users\/1"}],"replies":[{"embeddable":true,"href":"https:\/\/vaterpolosrbija.rs\/index.php?rest_route=%2Fwp%2Fv2%2Fcomments&post=66941"}],"version-history":[{"count":0,"href":"https:\/\/vaterpolosrbija.rs\/index.php?rest_route=\/wp\/v2\/posts\/66941\/revisions"}],"wp:featuredmedia":[{"embeddable":true,"href":"https:\/\/vaterpolosrbija.rs\/index.php?rest_route=\/wp\/v2\/media\/66942"}],"wp:attachment":[{"href":"https:\/\/vaterpolosrbija.rs\/index.php?rest_route=%2Fwp%2Fv2%2Fmedia&parent=66941"}],"wp:term":[{"taxonomy":"category","embeddable":true,"href":"https:\/\/vaterpolosrbija.rs\/index.php?rest_route=%2Fwp%2Fv2%2Fcategories&post=66941"},{"taxonomy":"post_tag","embeddable":true,"href":"https:\/\/vaterpolosrbija.rs\/index.php?rest_route=%2Fwp%2Fv2%2Ftags&post=66941"}],"curies":[{"name":"wp","href":"https:\/\/api.w.org\/{rel}","templated":true}]}}