{"id":66938,"date":"2026-01-11T23:39:27","date_gmt":"2026-01-11T21:39:27","guid":{"rendered":"https:\/\/kvalitetvremena.com\/?p=66938"},"modified":"2026-01-11T23:39:27","modified_gmt":"2026-01-11T21:39:27","slug":"produzen-zimski-raspust-u-zenici-drugo-polugodiste-pocinje-19-januara","status":"publish","type":"post","link":"https:\/\/vaterpolosrbija.rs\/?p=66938","title":{"rendered":"Produ\u017een zimski raspust u Zenici: Drugo polugodi\u0161te po\u010dinje 19. januara"},"content":{"rendered":"\n<hr class=\"wp-block-separator has-alpha-channel-opacity\"\/>\n\n\n\n<p>Uprava Katoli\u010dkog \u0161kolskog centra Sveti Pavao u Zenici donijela je odluku o produ\u017eenju zimskog raspusta za u\u010denike osnovne \u0161kole i gimnazije ovog centra za dodatnih sedam dana, odnosno do 19. januara 2026. godine.<\/p>\n\n\n\n<p>Odluka je donesena zbog vremenskih neprilika koje ote\u017eavaju dolazak u\u010denika u \u0161kolu i organizaciju nastave. Raspust je prvobitno zapo\u010deo 23. decembra 2025. godine povodom katoli\u010dkog Bo\u017ei\u0107a, a u\u010denici su se trebali vratiti u \u0161kolske klupe 12. januara.<\/p>\n\n\n\n<hr class=\"wp-block-separator has-alpha-channel-opacity\"\/>\n\n\n\n<h3 class=\"wp-block-heading\">Razlozi za odgodu po\u010detka drugog polugodi\u0161ta<\/h3>\n\n\n\n<p>Uprava \u0161kole navodi da je odluka donesena iz vi\u0161e razloga:<\/p>\n\n\n\n<ul class=\"wp-block-list\">\n<li>Neizvjesne vremenske prilike koje ote\u017eavaju siguran dolazak u\u010denika u \u0161kolu<\/li>\n\n\n\n<li>Potreba za organizacijom prijevoza u\u010denika<\/li>\n\n\n\n<li>Tehni\u010dko odr\u017eavanje \u0161kolskog objekta i dvori\u0161ta, koje je u vlasni\u0161tvu Vrhbosanske nadbiskupije<\/li>\n<\/ul>\n\n\n\n<p>\u0160kola je poduzela sve potrebne mjere za osiguranje objekta i pripremu nastave, ali su ote\u017eani vremenski i sigurnosni uvjeti uticali na odluku o produ\u017eenju raspusta. Nadle\u017ene slu\u017ebe su o situaciji obavije\u0161tene putem slu\u017ebenog dopisa.<\/p>\n\n\n\n<hr class=\"wp-block-separator has-alpha-channel-opacity\"\/>\n\n\n\n<h3 class=\"wp-block-heading\">Kada po\u010dinje drugo polugodi\u0161te<\/h3>\n\n\n\n<p>Prema odluci Katoli\u010dkog \u0161kolskog centra Sveti Pavao, drugo polugodi\u0161te po\u010dinje 19. januara 2026. godine, ukoliko se stabilizuju vremenske prilike. Nastavni fond i predvi\u0111eni sadr\u017eaji bit \u0107e realizirani i nadokna\u0111eni tokom \u0161kolske godine, u skladu sa Nastavnim planom i programom Sustava katoli\u010dkih \u0161kola za Evropu.<\/p>\n\n\n\n<p>Va\u017eno je napomenuti da u\u010denici u Zeni\u010dko-dobojskom kantonu koji se obrazuju prema Nastavnom planu i programu na bosanskom i srpskom jeziku nastavu po\u010dinju 26. januara 2026. godine.<\/p>\n\n\n\n<hr class=\"wp-block-separator has-alpha-channel-opacity\"\/>\n\n\n\n<h3 class=\"wp-block-heading\">Savjeti za roditelje i u\u010denike tokom produ\u017eenog raspusta<\/h3>\n\n\n\n<p>Produ\u017eeni raspust mo\u017ee biti prilika za u\u010denike da se odmore i pripreme za drugo polugodi\u0161te, ali je va\u017eno iskoristiti vrijeme i za organizaciju i u\u010denje:<\/p>\n\n\n\n<ul class=\"wp-block-list\">\n<li><strong>Planiranje vremena:<\/strong> Pripremite raspored za ponavljanje gradiva koje je bilo obra\u0111eno u prvom polugodi\u0161tu<\/li>\n\n\n\n<li><strong>Sigurnost i zdravlje:<\/strong> Ograni\u010dite izlazak po te\u0161kim vremenskim uvjetima i obratite pa\u017enju na adekvatnu odje\u0107u i obu\u0107u<\/li>\n\n\n\n<li><strong>Organizacija prijevoza:<\/strong> Roditelji i staratelji trebaju planirati sigurni dolazak u \u0161kolu i povratak ku\u0107i kada nastava po\u010dne<\/li>\n<\/ul>\n\n\n\n<p>Produ\u017een zimski raspust pru\u017ea priliku za dodatno u\u010denje, ali i odmor, te omogu\u0107ava sigurniji po\u010detak drugog polugodi\u0161ta u uslovima nepovoljnih vremenskih prilika.<\/p>\n","protected":false},"excerpt":{"rendered":"<p>Uprava Katoli\u010dkog \u0161kolskog centra Sveti Pavao u Zenici donijela je odluku o produ\u017eenju zimskog raspusta za u\u010denike osnovne \u0161kole i gimnazije ovog centra za dodatnih sedam dana, odnosno do 19. januara 2026. godine. Odluka je donesena zbog vremenskih neprilika koje ote\u017eavaju dolazak u\u010denika u \u0161kolu i organizaciju nastave. Raspust je prvobitno zapo\u010deo 23. decembra 2025. [&hellip;]<\/p>\n","protected":false},"author":1,"featured_media":66939,"comment_status":"closed","ping_status":"closed","sticky":false,"template":"","format":"standard","meta":{"footnotes":""},"categories":[10],"tags":[],"class_list":["post-66938","post","type-post","status-publish","format-standard","has-post-thumbnail","hentry","category-zanimljivosti"],"_links":{"self":[{"href":"https:\/\/vaterpolosrbija.rs\/index.php?rest_route=\/wp\/v2\/posts\/66938","targetHints":{"allow":["GET"]}}],"collection":[{"href":"https:\/\/vaterpolosrbija.rs\/index.php?rest_route=\/wp\/v2\/posts"}],"about":[{"href":"https:\/\/vaterpolosrbija.rs\/index.php?rest_route=\/wp\/v2\/types\/post"}],"author":[{"embeddable":true,"href":"https:\/\/vaterpolosrbija.rs\/index.php?rest_route=\/wp\/v2\/users\/1"}],"replies":[{"embeddable":true,"href":"https:\/\/vaterpolosrbija.rs\/index.php?rest_route=%2Fwp%2Fv2%2Fcomments&post=66938"}],"version-history":[{"count":0,"href":"https:\/\/vaterpolosrbija.rs\/index.php?rest_route=\/wp\/v2\/posts\/66938\/revisions"}],"wp:featuredmedia":[{"embeddable":true,"href":"https:\/\/vaterpolosrbija.rs\/index.php?rest_route=\/wp\/v2\/media\/66939"}],"wp:attachment":[{"href":"https:\/\/vaterpolosrbija.rs\/index.php?rest_route=%2Fwp%2Fv2%2Fmedia&parent=66938"}],"wp:term":[{"taxonomy":"category","embeddable":true,"href":"https:\/\/vaterpolosrbija.rs\/index.php?rest_route=%2Fwp%2Fv2%2Fcategories&post=66938"},{"taxonomy":"post_tag","embeddable":true,"href":"https:\/\/vaterpolosrbija.rs\/index.php?rest_route=%2Fwp%2Fv2%2Ftags&post=66938"}],"curies":[{"name":"wp","href":"https:\/\/api.w.org\/{rel}","templated":true}]}}