{"id":66929,"date":"2026-01-11T22:54:28","date_gmt":"2026-01-11T20:54:28","guid":{"rendered":"https:\/\/kvalitetvremena.com\/?p=66929"},"modified":"2026-01-11T22:54:28","modified_gmt":"2026-01-11T20:54:28","slug":"veliko-zahladenje-u-srbiji-sta-ocekivati-od-dolaska-ledene-mase-i-kako-se-pripremiti","status":"publish","type":"post","link":"https:\/\/vaterpolosrbija.rs\/?p=66929","title":{"rendered":"Veliko zahla\u0111enje u Srbiji: \u0160ta o\u010dekivati od dolaska ledene mase i kako se pripremiti"},"content":{"rendered":"\n<hr class=\"wp-block-separator has-alpha-channel-opacity\"\/>\n\n\n\n<p>U Srbiji nas o\u010dekuje zna\u010dajno zahla\u0111enje koje \u0107e uticati na svakodnevni \u017eivot i pove\u0107ati potrebu za adekvatnom pripremom doma, automobila i odje\u0107e. Meteorolo\u0161ke prognoze najavljuju pad temperature ispod nule, a kasnije i intenzivniji ulazak hladnog vazduha sa severa Evrope.<\/p>\n\n\n\n<p>Prema najavama meteorologa i Republi\u010dkog hidrometeorolo\u0161kog zavoda, cijela zemlja bi\u0107e zahva\u0107ena nizom hladnih dana, sa mogu\u0107no\u0161\u0107u ekstremno niskih temperatura tokom no\u0107i.<\/p>\n\n\n\n<h3 class=\"wp-block-heading\">Trenutna situacija i meteoalarm<\/h3>\n\n\n\n<p>Republi\u010dki hidrometeorolo\u0161ki zavod izdao je \u017euti meteoalarm za cijelu teritoriju Srbije zbog o\u010dekivanog hladnog vremena. Tokom dana bi\u0107e obla\u010dno, na sjeveru uglavnom suvo, dok se u planinskim i centralnim predjelima o\u010dekuju slabi snije\u017eni oblaci. Najvi\u0161e dnevne temperature kretat \u0107e se od oko minus \u010detiri do nule.<\/p>\n\n\n\n<p>Vjetar \u0107e biti slab do umjeren, sa povremenim jakim udarima na istoku zemlje. Tokom ve\u010deri i no\u0107i u ve\u0107em dijelu zemlje o\u010dekuje se razvedravanje, \u0161to dodatno doprinosi no\u0107nim mrazevima.<\/p>\n\n\n\n<h3 class=\"wp-block-heading\">Najhladnije no\u0107i oko ponedjeljka<\/h3>\n\n\n\n<p>Meteorolog Ivan Risti\u0107 istakao je da je nova koli\u010dina hladnog arkti\u010dkog vazduha ve\u0107 stigla u Srbiju i da je izazvala naglo zahla\u0111enje. Prema njegovoj prognozi, najhladnije \u0107e biti tokom no\u0107i ka ponedjeljku:<\/p>\n\n\n\n<ul class=\"wp-block-list\">\n<li>U zapadnim predjelima, gdje se prognozira vedro nebo, mrazevi mogu dosti\u0107i i do minus osamnaest stepeni.<\/li>\n\n\n\n<li>U ostalim djelovima zemlje registrova\u0107e se temperature u rasponu od minus sedam do minus trinaest stepeni.<\/li>\n<\/ul>\n\n\n\n<p>Takvi uslovi zahtijevaju pa\u017enju, posebno kod starijih osoba, djece i hroni\u010dnih bolesnika, kao i pravovremenu za\u0161titu vodovodnih instalacija, sistema grijanja i automobila.<\/p>\n\n\n\n<h3 class=\"wp-block-heading\">Kratkotrajno otopljenje sredinom januara<\/h3>\n\n\n\n<p>Prema prognozi, od sredine januara, ta\u010dnije oko 14. januara, o\u010dekuje se kratkotrajno otopljenje. Ovaj period toplijeg vremena mogao bi da traje sedam do deset dana, uz vi\u0161e dnevnih temperatura iznad nule i manje izra\u017eene mrazeve no\u0107u.<\/p>\n\n\n\n<p>Takve promjene \u010desto olak\u0161avaju svakodnevne aktivnosti, ali su i prilika da se provjere zimske gume, greja\u010di u automobilima, kao i izolacija stambenog prostora prije nego \u0161to ponovo stigne hladniji talas.<\/p>\n\n\n\n<h3 class=\"wp-block-heading\">Povratak zimskih uslova od 24. januara<\/h3>\n\n\n\n<p>Meteorolozi upozoravaju da se 24. januar smatra prelomnim datumom kada bi zima mogla da se vrati sa jo\u0161 ja\u010dim udarom sa istoka. Ovaj novi prodor hladnog vazduha, \u010desto nazivan sibirskom hladnom masom, mo\u017ee donijeti ponovo ekstremno niske temperature i novi talas mraza.<\/p>\n\n\n\n<p>Takvi sistemski uticaji ponekad traju du\u017ee vremena i zahtijevaju ozbiljniju pripremu od strane gra\u0111ana i slu\u017ebi zadu\u017eenih za komunalnu infrastrukturu.<\/p>\n\n\n\n<h3 class=\"wp-block-heading\">Vrijeme tokom narednih dana<\/h3>\n\n\n\n<p>Prema prognozi RHMZ:<\/p>\n\n\n\n<ul class=\"wp-block-list\">\n<li><strong>Ponedjeljak ujutru<\/strong> o\u010dekuje se umjeren i jak mraz, sa temperaturama od oko minus dvanaest do minus pet stepeni. U isto\u010dnim predjelima, usljed poja\u010danog sjeverozapadnog vjetra, temperature se o\u010dekuju oko minus tri stepena. Tokom dana vrijeme \u0107e biti suho i uglavnom sun\u010dano, ali i dalje vrlo hladno.<\/li>\n\n\n\n<li><strong>Utorak ujutru<\/strong> tako\u0111e donosi umjeren i jak mraz. Tokom dana bi\u0107e prete\u017eno obla\u010dno, uz malo vi\u0161u temperaturu od prethodnih dana. Slab snijeg mogu\u0107 je na sjeveru i istoku Srbije u jutarnjim satima, a tokom dana se o\u010dekuje i slaba ki\u0161a koja mo\u017ee ponovo formirati led pri tlu, pa je oprez potreban prilikom kretanja.<\/li>\n<\/ul>\n\n\n\n<h3 class=\"wp-block-heading\">Kako se pripremiti<\/h3>\n\n\n\n<p>Kada su najavljeni ovako niski temperaturni uslovi, korisno je razmotriti nekoliko prakti\u010dnih preporuka:<\/p>\n\n\n\n<ul class=\"wp-block-list\">\n<li>Provjerite stanje grejnih sistema u stanu ili ku\u0107i i pripremite dodatne izvore grijanja ako su potrebni.<\/li>\n\n\n\n<li>Za\u0161titite cijevi od smrzavanja, naro\u010dito ako \u017eivite u starijim objektima ili na periferiji.<\/li>\n\n\n\n<li>Ako koristite automobil dnevno, osigurajte da su zimske gume dobro napumpane i da ima odgovaraju\u0107e te\u010dnosti u sistemu.<\/li>\n\n\n\n<li>Obucite se slojevito kada izlazite napolje i izbjegavajte dulje izlaganje hladno\u0107i bez adekvatne odje\u0107e.<\/li>\n<\/ul>\n\n\n\n<h3 class=\"wp-block-heading\">Zaklju\u010dak<\/h3>\n\n\n\n<p>Pred nama je period hladnih i promjenljivih vremenskih uslova. Od trenutnih niskih temperatura i mogu\u0107ih ekstremnih mrazeva, preko kratkotrajnog otopljenja sredinom januara, pa sve do ponovnog zahla\u0111enja krajem mjeseca, va\u017eno je biti informisan i spreman.<\/p>\n\n\n\n<p>Pravovremena priprema poma\u017ee da o\u010duvamo zdravlje, sigurnost i udobnost u zimskim danima koji su pred nama. Hladno\u0107a je nezaobilazan dio zime, ali uz dobru organizaciju mo\u017ee postati izazov koji \u0107emo prebroditi pa\u017eljivo i odgovorno.<\/p>\n","protected":false},"excerpt":{"rendered":"<p>U Srbiji nas o\u010dekuje zna\u010dajno zahla\u0111enje koje \u0107e uticati na svakodnevni \u017eivot i pove\u0107ati potrebu za adekvatnom pripremom doma, automobila i odje\u0107e. Meteorolo\u0161ke prognoze najavljuju pad temperature ispod nule, a kasnije i intenzivniji ulazak hladnog vazduha sa severa Evrope. Prema najavama meteorologa i Republi\u010dkog hidrometeorolo\u0161kog zavoda, cijela zemlja bi\u0107e zahva\u0107ena nizom hladnih dana, sa mogu\u0107no\u0161\u0107u [&hellip;]<\/p>\n","protected":false},"author":1,"featured_media":66930,"comment_status":"closed","ping_status":"closed","sticky":false,"template":"","format":"standard","meta":{"footnotes":""},"categories":[10],"tags":[],"class_list":["post-66929","post","type-post","status-publish","format-standard","has-post-thumbnail","hentry","category-zanimljivosti"],"_links":{"self":[{"href":"https:\/\/vaterpolosrbija.rs\/index.php?rest_route=\/wp\/v2\/posts\/66929","targetHints":{"allow":["GET"]}}],"collection":[{"href":"https:\/\/vaterpolosrbija.rs\/index.php?rest_route=\/wp\/v2\/posts"}],"about":[{"href":"https:\/\/vaterpolosrbija.rs\/index.php?rest_route=\/wp\/v2\/types\/post"}],"author":[{"embeddable":true,"href":"https:\/\/vaterpolosrbija.rs\/index.php?rest_route=\/wp\/v2\/users\/1"}],"replies":[{"embeddable":true,"href":"https:\/\/vaterpolosrbija.rs\/index.php?rest_route=%2Fwp%2Fv2%2Fcomments&post=66929"}],"version-history":[{"count":0,"href":"https:\/\/vaterpolosrbija.rs\/index.php?rest_route=\/wp\/v2\/posts\/66929\/revisions"}],"wp:featuredmedia":[{"embeddable":true,"href":"https:\/\/vaterpolosrbija.rs\/index.php?rest_route=\/wp\/v2\/media\/66930"}],"wp:attachment":[{"href":"https:\/\/vaterpolosrbija.rs\/index.php?rest_route=%2Fwp%2Fv2%2Fmedia&parent=66929"}],"wp:term":[{"taxonomy":"category","embeddable":true,"href":"https:\/\/vaterpolosrbija.rs\/index.php?rest_route=%2Fwp%2Fv2%2Fcategories&post=66929"},{"taxonomy":"post_tag","embeddable":true,"href":"https:\/\/vaterpolosrbija.rs\/index.php?rest_route=%2Fwp%2Fv2%2Ftags&post=66929"}],"curies":[{"name":"wp","href":"https:\/\/api.w.org\/{rel}","templated":true}]}}