{"id":66916,"date":"2026-01-09T22:44:25","date_gmt":"2026-01-09T20:44:25","guid":{"rendered":"https:\/\/kvalitetvremena.com\/?p=66916"},"modified":"2026-01-09T22:44:25","modified_gmt":"2026-01-09T20:44:25","slug":"tiha-svetlost-prica-o-sestri-koja-mi-je-vratila-nadu","status":"publish","type":"post","link":"https:\/\/vaterpolosrbija.rs\/?p=66916","title":{"rendered":"Tiha svetlost: pri\u010da o sestri koja mi je vratila nadu"},"content":{"rendered":"\n<p>Najbli\u017ee smrti u svom \u017eivotu bila sam one no\u0107i kada se rodio moj sin. Porod je bio te\u017eak, a oporavak jo\u0161 gori. Deset dana le\u017eala sam u bolni\u010dkom krevetu \u2013 iscrpljena, upla\u0161ena i potpuno sama. Porodica je \u017eivela satima daleko, mu\u017e je bio u inostranstvu, a ose\u0107aj napu\u0161tenosti bio je dublji od svakog fizi\u010dkog bola.<\/p>\n\n\n\n<p>Ali svake no\u0107i, kada bi hodnici utihnuli, za\u010dulo bi se tiho kucanje na vratima.<\/p>\n\n\n\n<p>Medicinska sestra bi u\u0161la \u2013 laganim koracima, sa toplim osmehom i blagim pogledom. Sedela bi pored mene. Nekad bi govorila, nekad bi samo bila tu dok bih plakala. Uvek mi je donosila vesti o mom sinu u intenzivnoj nezi: male pobede, sitne pomake. Svaka informacija tada je delovala kao slamka spasa.<\/p>\n\n\n\n<p>Nikada nisam saznala njeno ime. Nikada se nije zadr\u017eavala dovoljno dugo da pitam. Ali kad je bila tu, ose\u0107ala sam se sigurno \u2013 kao da me dr\u017ei na okupu tiha snaga koju je nosila u sebi.<\/p>\n\n\n\n<hr class=\"wp-block-separator has-alpha-channel-opacity\"\/>\n\n\n\n<h3 class=\"wp-block-heading\"><strong>Neo\u010dekivani susret<\/strong><\/h3>\n\n\n\n<p>Dve godine kasnije, dok sam slagala ve\u0161, primetila sam poznat glas na televiziji. Podigla sam pogled i videla je \u2013 istu sestru, isti blag osmeh, isti smiren pogled.<\/p>\n\n\n\n<p>Reporta\u017ea ju je predstavila kao volonterku koja no\u0107u poma\u017ee porodicama sa bebama u intenzivnoj nezi \u2013 \u017eene koje dane provode u napornim smenama, a no\u0107i poma\u017eu\u0107i potpunim strancima.<\/p>\n\n\n\n<p>Otkriveno je ne\u0161to \u0161to nisam znala: i ona je nekada izgubila bebu ubrzo nakon ro\u0111enja. Umesto da se povu\u010de iz sveta, odlu\u010dila je da poma\u017ee onima koji prolaze kroz istu bol i strah.<\/p>\n\n\n\n<p>Steglo me je u grlu. Sve je imalo smisla \u2013 na\u010din na koji bi ostajala du\u017ee nego \u0161to je morala, ruka na mom ramenu, tiha podr\u0161ka \u2013 bila je uteha koju je nekada i sama \u017eelela.<\/p>\n\n\n\n<hr class=\"wp-block-separator has-alpha-channel-opacity\"\/>\n\n\n\n<h3 class=\"wp-block-heading\"><strong>Zahvalnost koja sti\u017ee kasno, ali iskreno<\/strong><\/h3>\n\n\n\n<p>Kada se prilog zavr\u0161io, sedela sam nepomi\u010dno, suze su mi padale na ve\u0161. Nikada joj nisam jasno zahvalila \u2013 ne onako kako se zahvaljuje kada se osvrne\u0161 iz mesta sigurnosti.<\/p>\n\n\n\n<p>Kontaktirala sam bolnicu, ne znaju\u0107i da li \u0107e moja poruka sti\u0107i do nje.<\/p>\n\n\n\n<p>Nekoliko dana kasnije, stigla je mala koverta. Moje ime ispisano rukom koju sam odmah prepoznala. Unutra \u2013 kratko pismo: se\u0107ala se mene, se\u0107ala se mog sina, i napisala da je gledati kako roditelji pronalaze snagu najve\u0107a nagrada koju mo\u017ee zamisliti.<\/p>\n\n\n\n<hr class=\"wp-block-separator has-alpha-channel-opacity\"\/>\n\n\n\n<h3 class=\"wp-block-heading\"><strong>Tiha svetlost u mraku<\/strong><\/h3>\n\n\n\n<p>Shvatila sam tada: neki an\u0111eli nemaju krila.<br>Neki nose uniforme.<br>Neki tiho pokucaju na vrata usred no\u0107i.<br>Neki te izle\u010de na na\u010dine koje razume\u0161 tek godinama kasnije.<\/p>\n\n\n\n<p>Danas, kada mi \u017eivot postane te\u017eak, pomislim na nju. Na te no\u0107i kada je nada delovala nedosti\u017eno, a ona ju je tiho vra\u0107ala nadohvat ruke.<\/p>\n\n\n\n<p>Zbog nje sam nau\u010dila ne\u0161to va\u017eno: svetlost ne dolazi uvek glasno. Ponekad samo sedne pored tebe u mraku \u2013 ne tra\u017ee\u0107i ni\u0161ta, daju\u0107i sve.<\/p>\n","protected":false},"excerpt":{"rendered":"<p>Najbli\u017ee smrti u svom \u017eivotu bila sam one no\u0107i kada se rodio moj sin. Porod je bio te\u017eak, a oporavak jo\u0161 gori. Deset dana le\u017eala sam u bolni\u010dkom krevetu \u2013 iscrpljena, upla\u0161ena i potpuno sama. Porodica je \u017eivela satima daleko, mu\u017e je bio u inostranstvu, a ose\u0107aj napu\u0161tenosti bio je dublji od svakog fizi\u010dkog bola. [&hellip;]<\/p>\n","protected":false},"author":1,"featured_media":66917,"comment_status":"closed","ping_status":"closed","sticky":false,"template":"","format":"standard","meta":{"footnotes":""},"categories":[12],"tags":[],"class_list":["post-66916","post","type-post","status-publish","format-standard","has-post-thumbnail","hentry","category-ispovijest"],"_links":{"self":[{"href":"https:\/\/vaterpolosrbija.rs\/index.php?rest_route=\/wp\/v2\/posts\/66916","targetHints":{"allow":["GET"]}}],"collection":[{"href":"https:\/\/vaterpolosrbija.rs\/index.php?rest_route=\/wp\/v2\/posts"}],"about":[{"href":"https:\/\/vaterpolosrbija.rs\/index.php?rest_route=\/wp\/v2\/types\/post"}],"author":[{"embeddable":true,"href":"https:\/\/vaterpolosrbija.rs\/index.php?rest_route=\/wp\/v2\/users\/1"}],"replies":[{"embeddable":true,"href":"https:\/\/vaterpolosrbija.rs\/index.php?rest_route=%2Fwp%2Fv2%2Fcomments&post=66916"}],"version-history":[{"count":0,"href":"https:\/\/vaterpolosrbija.rs\/index.php?rest_route=\/wp\/v2\/posts\/66916\/revisions"}],"wp:featuredmedia":[{"embeddable":true,"href":"https:\/\/vaterpolosrbija.rs\/index.php?rest_route=\/wp\/v2\/media\/66917"}],"wp:attachment":[{"href":"https:\/\/vaterpolosrbija.rs\/index.php?rest_route=%2Fwp%2Fv2%2Fmedia&parent=66916"}],"wp:term":[{"taxonomy":"category","embeddable":true,"href":"https:\/\/vaterpolosrbija.rs\/index.php?rest_route=%2Fwp%2Fv2%2Fcategories&post=66916"},{"taxonomy":"post_tag","embeddable":true,"href":"https:\/\/vaterpolosrbija.rs\/index.php?rest_route=%2Fwp%2Fv2%2Ftags&post=66916"}],"curies":[{"name":"wp","href":"https:\/\/api.w.org\/{rel}","templated":true}]}}