{"id":66898,"date":"2026-01-09T21:35:15","date_gmt":"2026-01-09T19:35:15","guid":{"rendered":"https:\/\/kvalitetvremena.com\/?p=66898"},"modified":"2026-01-09T21:35:15","modified_gmt":"2026-01-09T19:35:15","slug":"kada-granice-postanu-neophodne-porodicna-prica-o-dostojanstvu-i-odgovornosti","status":"publish","type":"post","link":"https:\/\/vaterpolosrbija.rs\/?p=66898","title":{"rendered":"Kada granice postanu neophodne: Porodi\u010dna pri\u010da o dostojanstvu i odgovornosti"},"content":{"rendered":"\n<p>Kada mi je sin rekao da nisam dobrodo\u0161ao u njegov dom za Bo\u017ei\u0107, nisam raspravljao. Nisam podigao glas. Samo sam se nasme\u0161io, seo u kamionet i oti\u0161ao.<\/p>\n\n\n\n<p>Ponekad, ti\u0161ina govori vi\u0161e od bilo kakve rasprave.<\/p>\n\n\n\n<p>Do Nove godine, njihove finansijske obaveze vi\u0161e nisu bile moja odgovornost. Bio je to trenutak u kojem sam shvatio da je vreme da postavim granice koje sam godinama odlagao.<\/p>\n\n\n\n<p>Sve je po\u010delo ranije tog decembra, dok sam sedeo u njihovoj dnevnoj sobi, okru\u017een pa\u017eljivo biranim name\u0161tajem i prazni\u010dnom dekoracijom. Poku\u0161ao sam da razgovor zadr\u017eim laganim, \u010dak sam predlo\u017eio da ove godine ja pripremim bo\u017ei\u0107ni ru\u010dak \u2014 isti onaj koji je njegova majka nekada volela.<\/p>\n\n\n\n<p>Moj sin je tada zastao. Njegov govor tela se promenio.<\/p>\n\n\n\n<p>Tiho mi je rekao da ove godine ne\u0107u mo\u0107i da provedem Bo\u017ei\u0107 kod njih, jer dolaze roditelji njegove supruge i \u201etako je jednostavnije\u201c.<\/p>\n\n\n\n<p>Nisam tra\u017eio obja\u0161njenja. Samo sam pogledao oko sebe \u2014 u ku\u0107u u koju sam godinama ulagao, poma\u017eu\u0107i koliko sam mogao, veruju\u0107i da to radim iz ljubavi i podr\u0161ke.<\/p>\n\n\n\n<p>Pitao sam ga gde bih onda trebalo da budem za praznike.<\/p>\n\n\n\n<p>Predlo\u017eio je \u201eneki drugi vikend\u201c.<\/p>\n\n\n\n<p>Tada sam shvatio da nisam izostavljen zbog okolnosti, ve\u0107 zbog izbora.<\/p>\n\n\n\n<p>Bez rasprave sam oti\u0161ao.<\/p>\n\n\n\n<p>Kasnije tog dana usledio je telefonski razgovor sa njegovom suprugom. Poku\u0161ala je da situaciju objasni kao \u201enesporazum\u201c, pozivaju\u0107i se na razli\u010dite navike, o\u010dekivanja i \u201eatmosferu\u201c. Razgovor je bio miran, ali je potvrdio ono \u0161to sam ve\u0107 znao \u2014 vi\u0161e se nije radilo o porodici, ve\u0107 o slici koju su \u017eeleli da odr\u017ee.<\/p>\n\n\n\n<p>Te ve\u010deri sam doneo odluku da prekinem finansijsku podr\u0161ku koja je trajala godinama. Ne iz osvete, ve\u0107 iz potrebe da za\u0161titim sebe.<\/p>\n\n\n\n<p>U danima koji su sledili, postao sam tema razli\u010ditih pri\u010da i naga\u0111anja. Me\u0111utim, istina je bila jednostavna \u2014 predugo sam zanemarivao sopstvene granice, veruju\u0107i da je davanje bez mere isto \u0161to i ljubav.<\/p>\n\n\n\n<p>Mesecima kasnije, moj sin je do\u0161ao da razgovaramo. Bio je iskren. I ja sam bio.<\/p>\n\n\n\n<p>Nisam mu okrenuo le\u0111a, ali mu vi\u0161e nisam nosio teret koji nije bio moj.<\/p>\n\n\n\n<p>Prole\u0107e je donelo mir.<\/p>\n\n\n\n<p>Shvatio sam da porodica nisu samo krvne veze, ve\u0107 ljudi koji vas po\u0161tuju, prihvataju i ne tra\u017ee da se izgubite kako biste pripadali.<\/p>\n\n\n\n<p>I prvi put posle dugo vremena, prestao sam da pla\u0107am cenu mesta na kojem nisam bio vi\u0111en.<\/p>\n","protected":false},"excerpt":{"rendered":"<p>Kada mi je sin rekao da nisam dobrodo\u0161ao u njegov dom za Bo\u017ei\u0107, nisam raspravljao. Nisam podigao glas. Samo sam se nasme\u0161io, seo u kamionet i oti\u0161ao. Ponekad, ti\u0161ina govori vi\u0161e od bilo kakve rasprave. Do Nove godine, njihove finansijske obaveze vi\u0161e nisu bile moja odgovornost. Bio je to trenutak u kojem sam shvatio da [&hellip;]<\/p>\n","protected":false},"author":1,"featured_media":66899,"comment_status":"closed","ping_status":"closed","sticky":false,"template":"","format":"standard","meta":{"footnotes":""},"categories":[12],"tags":[],"class_list":["post-66898","post","type-post","status-publish","format-standard","has-post-thumbnail","hentry","category-ispovijest"],"_links":{"self":[{"href":"https:\/\/vaterpolosrbija.rs\/index.php?rest_route=\/wp\/v2\/posts\/66898","targetHints":{"allow":["GET"]}}],"collection":[{"href":"https:\/\/vaterpolosrbija.rs\/index.php?rest_route=\/wp\/v2\/posts"}],"about":[{"href":"https:\/\/vaterpolosrbija.rs\/index.php?rest_route=\/wp\/v2\/types\/post"}],"author":[{"embeddable":true,"href":"https:\/\/vaterpolosrbija.rs\/index.php?rest_route=\/wp\/v2\/users\/1"}],"replies":[{"embeddable":true,"href":"https:\/\/vaterpolosrbija.rs\/index.php?rest_route=%2Fwp%2Fv2%2Fcomments&post=66898"}],"version-history":[{"count":0,"href":"https:\/\/vaterpolosrbija.rs\/index.php?rest_route=\/wp\/v2\/posts\/66898\/revisions"}],"wp:featuredmedia":[{"embeddable":true,"href":"https:\/\/vaterpolosrbija.rs\/index.php?rest_route=\/wp\/v2\/media\/66899"}],"wp:attachment":[{"href":"https:\/\/vaterpolosrbija.rs\/index.php?rest_route=%2Fwp%2Fv2%2Fmedia&parent=66898"}],"wp:term":[{"taxonomy":"category","embeddable":true,"href":"https:\/\/vaterpolosrbija.rs\/index.php?rest_route=%2Fwp%2Fv2%2Fcategories&post=66898"},{"taxonomy":"post_tag","embeddable":true,"href":"https:\/\/vaterpolosrbija.rs\/index.php?rest_route=%2Fwp%2Fv2%2Ftags&post=66898"}],"curies":[{"name":"wp","href":"https:\/\/api.w.org\/{rel}","templated":true}]}}