{"id":66862,"date":"2026-01-09T01:33:43","date_gmt":"2026-01-08T23:33:43","guid":{"rendered":"https:\/\/kvalitetvremena.com\/?p=66862"},"modified":"2026-01-09T01:33:43","modified_gmt":"2026-01-08T23:33:43","slug":"godinama-su-mrzeli-macehu-a-onda-je-jedan-dnevnik-promenio-sve","status":"publish","type":"post","link":"https:\/\/vaterpolosrbija.rs\/?p=66862","title":{"rendered":"Godinama su mrzeli ma\u0107ehu, a onda je jedan dnevnik promenio sve"},"content":{"rendered":"\n<p>U dana\u0161njem tekstu bavimo se porodi\u010dnim odnosima, predrasudama i istinama koje ponekad ostaju skrivene decenijama. Ovo je pri\u010da o tome kako ti\u0161ina mo\u017ee izgledati kao hladno\u0107a, kako \u017ertva mo\u017ee biti pogre\u0161no protuma\u010dena i kako istina, iako bolna, ima mo\u0107 da izle\u010di ono \u0161to je godinama bilo slomljeno.<\/p>\n\n\n\n<p>Nakon smrti oca, Igor i Vesna su ostali sami sa svojim uverenjima i ogor\u010deno\u0161\u0107u. \u017dena koja je godinama \u017eivela sa njihovim ocem, Nada, za njih je bila simbol svega \u0161to im je \u017eivot oduzeo. U njihovim o\u010dima, ona nije bila deo porodice, ve\u0107 uljez koji je do\u0161ao kasnije i, kako su verovali, uzeo ono \u0161to njima pripada. Njihova majka je umrla rano, a Nada je u\u0161la u njihov dom u periodu kada su jo\u0161 bili deca i nisu imali snage da razumeju slo\u017eene odnose odraslih.<\/p>\n\n\n\n<p>Tokom godina, nisu poku\u0161avali da je upoznaju. Njena \u0107utnja tuma\u010dena je kao hladno\u0107a, njena skromnost kao prora\u010dunatost, a njena briga kao gluma. Verovali su da je \u017eivela na ra\u010dun njihovog oca i da je \u010duvala novac za sebe. Kada je sahrana zavr\u0161ena, nisu imali dilemu. Rekli su joj da napusti ku\u0107u, jer su smatrali da tu nema vi\u0161e \u0161ta da tra\u017ei.<\/p>\n\n\n\n<p>Nada nije protestovala. Spakovala je nekoliko stvari, bez rasprave i bez obja\u0161njenja. Nije poku\u0161ala da se opravda, niti da se bori. Ta ti\u0161ina im je tada delovala kao potvrda krivice.<\/p>\n\n\n\n<p>Me\u0111utim, nakon njenog odlaska, Igor i Vesna su odlu\u010dili da pretra\u017ee ku\u0107u. Vodila ih je ideja da postoji ne\u0161to skriveno, neka u\u0161te\u0111evina ili vrednost koju je njihov otac ostavio. Umesto novca, prona\u0161li su dokumenta, stare ugovore, ra\u010dune i jedan dnevnik.<\/p>\n\n\n\n<p>Dnevnik je pripadao Nadi.<\/p>\n\n\n\n<p>Isprva su ga otvorili bez mnogo emocija, ali kako su stranice odmicale, njihova slika pro\u0161losti po\u010dela je da se raspada. U zapisima je stajala istina koju nikada nisu znali. Njihov otac je imao ozbiljan problem sa kockanjem. Dugovi su se gomilali, ku\u0107a je bila pred oduzimanjem, a njihovo \u0161kolovanje dovedeno u pitanje. Nada je bila ta koja je preuzela teret. Radila je dodatne poslove, prodala nasledstvo koje je imala, pozajmljivala novac i \u0161tedela na sebi kako bi njih dvoje imali stabilan \u017eivot.<\/p>\n\n\n\n<p>Nikada im to nije rekla. Smatrala je da deca ne treba da nose teret odraslih problema. Umesto obja\u0161njenja, birala je ti\u0161inu.<\/p>\n\n\n\n<p>U tom trenutku, sve ono \u0161to su godinama ose\u0107ali pretvorilo se u stid. Shvatili su da su pogre\u0161no protuma\u010dili njenu ulogu, da su mrzeli osobu koja ih je zapravo \u0161titila. Bez razmi\u0161ljanja, potr\u010dali su za njom.<\/p>\n\n\n\n<p>Na\u0161li su je na putu ka autobuskoj stanici, sa nekoliko kesa i umornim pogledom. Igor se prvi obratio, tra\u017ee\u0107i opro\u0161taj. Vesna je zaplakala, govore\u0107i da tek sada razume ko je Nada bila. U tom susretu nije bilo velikih re\u010di, ali je bilo iskrenosti. Nada je prvi put zaplakala pred njima, ne od tuge, ve\u0107 od olak\u0161anja.<\/p>\n\n\n\n<p>Vratili su se ku\u0107i zajedno.<\/p>\n\n\n\n<p>Naredni dani nisu bili savr\u0161eni, ali su bili iskreni. Razgovarali su o pro\u0161losti, priznavali gre\u0161ke i u\u010dili kako da budu porodica bez iluzija. Nada vi\u0161e nije bila ma\u0107eha u njihovim mislima, ve\u0107 \u017eena koja je, bez obzira na sve, ostala uz njih kada je bilo najte\u017ee.<\/p>\n\n\n\n<p>Ova pri\u010da podse\u0107a da istina \u010desto dolazi kasno, ali nikada nije beskorisna. Ljudi koje najlak\u0161e osu\u0111ujemo ponekad su oni koji su najvi\u0161e dali. Pre nego \u0161to nekoga zauvek odbacimo, va\u017eno je zapitati se \u0161ta ne znamo i \u0161ta nikada nismo pitali.<\/p>\n\n\n\n<p>Razumevanje ne bri\u0161e pro\u0161lost, ali mo\u017ee da promeni budu\u0107nost.<\/p>\n","protected":false},"excerpt":{"rendered":"<p>U dana\u0161njem tekstu bavimo se porodi\u010dnim odnosima, predrasudama i istinama koje ponekad ostaju skrivene decenijama. Ovo je pri\u010da o tome kako ti\u0161ina mo\u017ee izgledati kao hladno\u0107a, kako \u017ertva mo\u017ee biti pogre\u0161no protuma\u010dena i kako istina, iako bolna, ima mo\u0107 da izle\u010di ono \u0161to je godinama bilo slomljeno. Nakon smrti oca, Igor i Vesna su ostali [&hellip;]<\/p>\n","protected":false},"author":1,"featured_media":66863,"comment_status":"closed","ping_status":"closed","sticky":false,"template":"","format":"standard","meta":{"footnotes":""},"categories":[10],"tags":[],"class_list":["post-66862","post","type-post","status-publish","format-standard","has-post-thumbnail","hentry","category-zanimljivosti"],"_links":{"self":[{"href":"https:\/\/vaterpolosrbija.rs\/index.php?rest_route=\/wp\/v2\/posts\/66862","targetHints":{"allow":["GET"]}}],"collection":[{"href":"https:\/\/vaterpolosrbija.rs\/index.php?rest_route=\/wp\/v2\/posts"}],"about":[{"href":"https:\/\/vaterpolosrbija.rs\/index.php?rest_route=\/wp\/v2\/types\/post"}],"author":[{"embeddable":true,"href":"https:\/\/vaterpolosrbija.rs\/index.php?rest_route=\/wp\/v2\/users\/1"}],"replies":[{"embeddable":true,"href":"https:\/\/vaterpolosrbija.rs\/index.php?rest_route=%2Fwp%2Fv2%2Fcomments&post=66862"}],"version-history":[{"count":0,"href":"https:\/\/vaterpolosrbija.rs\/index.php?rest_route=\/wp\/v2\/posts\/66862\/revisions"}],"wp:featuredmedia":[{"embeddable":true,"href":"https:\/\/vaterpolosrbija.rs\/index.php?rest_route=\/wp\/v2\/media\/66863"}],"wp:attachment":[{"href":"https:\/\/vaterpolosrbija.rs\/index.php?rest_route=%2Fwp%2Fv2%2Fmedia&parent=66862"}],"wp:term":[{"taxonomy":"category","embeddable":true,"href":"https:\/\/vaterpolosrbija.rs\/index.php?rest_route=%2Fwp%2Fv2%2Fcategories&post=66862"},{"taxonomy":"post_tag","embeddable":true,"href":"https:\/\/vaterpolosrbija.rs\/index.php?rest_route=%2Fwp%2Fv2%2Ftags&post=66862"}],"curies":[{"name":"wp","href":"https:\/\/api.w.org\/{rel}","templated":true}]}}