{"id":66854,"date":"2026-01-08T21:35:51","date_gmt":"2026-01-08T19:35:51","guid":{"rendered":"https:\/\/kvalitetvremena.com\/?p=66854"},"modified":"2026-01-08T21:35:51","modified_gmt":"2026-01-08T19:35:51","slug":"vratio-sam-se-iz-zatvora-pravo-u-ocevu-kucu-maceha-mi-je-rekla-da-je-mrtav-istinu-sam-saznao-tek-na-groblju","status":"publish","type":"post","link":"https:\/\/vaterpolosrbija.rs\/?p=66854","title":{"rendered":"Vratio sam se iz zatvora pravo u o\u010devu ku\u0107u \u2014 ma\u0107eha mi je rekla da je mrtav. Istinu sam saznao tek na groblju."},"content":{"rendered":"\n<p>Kada sam pu\u0161ten iz zatvora, nisam stao da razmislim niti da uhvatim dah.<\/p>\n\n\n\n<p>Uhvatio sam prvi autobus i potr\u010dao posljednje ulice do o\u010deve ku\u0107e \u2014 mjesta koje je \u017eivjelo u mojim mislima svake no\u0107i dok sam bio iza re\u0161etaka.<\/p>\n\n\n\n<p>Ku\u0107a je na prvi pogled bila ista, ali vrata su imala novu boju, a dvori\u0161te su ispunjavala nepoznata vozila. Ipak, zakucao sam. Ruke su mi drhtale.<\/p>\n\n\n\n<p>Vrata je otvorila moja ma\u0107eha Linda. Nije pokazala ni trunku topline. Pogledala me je preko ramena, kao da procjenjuje opasnost, i ravnodu\u0161no rekla:<\/p>\n\n\n\n<p>\u201eTvoj otac je umro prije godinu dana. Mi sada \u017eivimo ovdje.\u201c<\/p>\n\n\n\n<p>Nije bilo saosje\u0107anja. Niti poziva da u\u0111em. Prije nego \u0161to sam stigao da izgovorim njegovo ime, zatvorila je vrata.<\/p>\n\n\n\n<p>Slomljen i dezorijentisan, lutao sam satima dok nisam stigao do groblja na kojem sam vjerovao da je sahranjen. Trebalo mi je mjesto gdje \u0107u stati i oprostiti se.<\/p>\n\n\n\n<p>Na ulazu me je zaustavio stariji \u010duvar.<\/p>\n\n\n\n<p>\u201eNe tra\u017ei ga\u201c, rekao je tiho. \u201eNije ovdje. Zamolio me je da ti dam ovo.\u201c<\/p>\n\n\n\n<p>Pru\u017eio mi je mali, izlizani koverat. Unutra su bila presavijena pisma i klju\u010d, pri\u010dvr\u0161\u0107en za karticu sa brojem skladi\u0161nog prostora \u2014 o\u010dev rukopis, nepogre\u0161iv.<\/p>\n\n\n\n<p>Pismo je bilo napisano tri mjeseca prije mog izlaska iz zatvora.<\/p>\n\n\n\n<p>Otac je znao da mu se bli\u017ei kraj. Pisao je da nikome ne vjeruje dovoljno da ispri\u010da istinu \u2014 osim meni. Organizovao je privatnu, nenajavljenu sahranu kako Linda i njena odrasla djeca ne bi preuzeli kontrolu nad onim \u0161to je ostavio. Izvinio se \u0161to me nikada nije posjetio u zatvoru i priznao da su ga bolest i strah paralizovali.<\/p>\n\n\n\n<p>U posljednjem dijelu napisao je da su odgovori na sva moja pitanja \u2014 o ku\u0107i, o njegovoj \u0161utnji i o mojoj osudi \u2014 zaklju\u010dani u skladi\u0161tu. Zamolio me je da prvo odem tamo.<\/p>\n\n\n\n<p>Skladi\u0161te je bilo na rubu grada. R\u0111a na vratima pekla se na popodnevnom suncu.<\/p>\n\n\n\n<p>Ruke su mi se tresle dok sam poku\u0161avao da otklju\u010dam bravu. Unutra su bile uredno slo\u017eene kutije, ozna\u010dene njegovim preciznim rukopisom.<\/p>\n\n\n\n<p>Fotografije. Bankovni izvodi. Poreski dokumenti. I metalna fioka pod klju\u010dem.<\/p>\n\n\n\n<p>Sjede\u0107i satima na hladnom betonu, slagao sam istinu koju mi nikada nije rekao.<\/p>\n\n\n\n<p>Godinama ranije, otac je vodio malu gra\u0111evinsku firmu. Kada sam osu\u0111en za zlo\u010din koji nisam po\u010dinio, firma je cvjetala. Dok sam bio u zatvoru, Linda je preuzela finansije.<\/p>\n\n\n\n<p>Dokumenti su pokazali neovla\u0161tena povla\u010denja novca, prodaje nekretnina bez o\u010devog pristanka i kredite podignute u njegovo ime dok je bio te\u0161ko bolestan.<\/p>\n\n\n\n<p>Jedan koverat sadr\u017eavao je priznanje Lindinog starijeg sina \u2014 priznao je da je falsifikovao dokumente kako bi me okrivio za kra\u0111u povezanu s firmom.<\/p>\n\n\n\n<p>Otac je istinu otkrio prekasno. U posljednjim mjesecima poku\u0161avao je da tiho sanira \u0161tetu, boje\u0107i se da \u0107e ga Linda, ako se suprotstavi, ostaviti samog dok umire.<\/p>\n\n\n\n<p>Preostalu imovinu prebacio je u trust na moje ime i sakrio dokaze tako da ih samo ja mogu prona\u0107i.<\/p>\n\n\n\n<p>Sve sam odnio advokatu. Nakon nekoliko sedmica, pokrenuta je zvani\u010dna istraga. Ku\u0107a je zamrznuta sudskim nalogom. Linda vi\u0161e nije mogla da se skriva.<\/p>\n\n\n\n<p>Na privatnoj sahrani mog oca \u2014 kojoj smo prisustvovali samo \u010duvar, advokat i ja \u2014 kona\u010dno sam shvatio njegov izostanak.<\/p>\n\n\n\n<p>Nije me napustio.<\/p>\n\n\n\n<p>\u0160titio me je.<\/p>\n\n\n\n<p>Proces je trajao skoro godinu dana. Linda i njena djeca su optu\u017eeni za prevaru i zavjeru. Moja presuda je poni\u0161tena. Dosije o\u010di\u0161\u0107en.<\/p>\n\n\n\n<p>Nisam slavio. Po\u010deo sam ispo\u010detka \u2014 radio danju, u\u010dio no\u0107u. Prodao sam ku\u0107u. Previ\u0161e bola je \u017eivjelo u njenim zidovima.<\/p>\n\n\n\n<p>Obnovio sam o\u010devu firmu pod novim imenom i dio novca usmjerio u fond za porodice pogo\u0111ene pogre\u0161nim osudama \u2014 njegovu posljednju \u017eelju.<\/p>\n\n\n\n<p>Ovo nije pri\u010da o osveti.<\/p>\n\n\n\n<p>Ovo je pri\u010da o istini, strpljenju i o tome koliko \u0107utanje mo\u017ee da uni\u0161ti \u2014 ali i koliko iskrenost, \u010dak i zaka\u0161njela, mo\u017ee da spasi.<\/p>\n","protected":false},"excerpt":{"rendered":"<p>Kada sam pu\u0161ten iz zatvora, nisam stao da razmislim niti da uhvatim dah. Uhvatio sam prvi autobus i potr\u010dao posljednje ulice do o\u010deve ku\u0107e \u2014 mjesta koje je \u017eivjelo u mojim mislima svake no\u0107i dok sam bio iza re\u0161etaka. Ku\u0107a je na prvi pogled bila ista, ali vrata su imala novu boju, a dvori\u0161te su [&hellip;]<\/p>\n","protected":false},"author":1,"featured_media":66855,"comment_status":"closed","ping_status":"closed","sticky":false,"template":"","format":"standard","meta":{"footnotes":""},"categories":[12],"tags":[],"class_list":["post-66854","post","type-post","status-publish","format-standard","has-post-thumbnail","hentry","category-ispovijest"],"_links":{"self":[{"href":"https:\/\/vaterpolosrbija.rs\/index.php?rest_route=\/wp\/v2\/posts\/66854","targetHints":{"allow":["GET"]}}],"collection":[{"href":"https:\/\/vaterpolosrbija.rs\/index.php?rest_route=\/wp\/v2\/posts"}],"about":[{"href":"https:\/\/vaterpolosrbija.rs\/index.php?rest_route=\/wp\/v2\/types\/post"}],"author":[{"embeddable":true,"href":"https:\/\/vaterpolosrbija.rs\/index.php?rest_route=\/wp\/v2\/users\/1"}],"replies":[{"embeddable":true,"href":"https:\/\/vaterpolosrbija.rs\/index.php?rest_route=%2Fwp%2Fv2%2Fcomments&post=66854"}],"version-history":[{"count":0,"href":"https:\/\/vaterpolosrbija.rs\/index.php?rest_route=\/wp\/v2\/posts\/66854\/revisions"}],"wp:featuredmedia":[{"embeddable":true,"href":"https:\/\/vaterpolosrbija.rs\/index.php?rest_route=\/wp\/v2\/media\/66855"}],"wp:attachment":[{"href":"https:\/\/vaterpolosrbija.rs\/index.php?rest_route=%2Fwp%2Fv2%2Fmedia&parent=66854"}],"wp:term":[{"taxonomy":"category","embeddable":true,"href":"https:\/\/vaterpolosrbija.rs\/index.php?rest_route=%2Fwp%2Fv2%2Fcategories&post=66854"},{"taxonomy":"post_tag","embeddable":true,"href":"https:\/\/vaterpolosrbija.rs\/index.php?rest_route=%2Fwp%2Fv2%2Ftags&post=66854"}],"curies":[{"name":"wp","href":"https:\/\/api.w.org\/{rel}","templated":true}]}}