{"id":66848,"date":"2026-01-08T21:03:34","date_gmt":"2026-01-08T19:03:34","guid":{"rendered":"https:\/\/kvalitetvremena.com\/?p=66848"},"modified":"2026-01-08T21:03:34","modified_gmt":"2026-01-08T19:03:34","slug":"tragican-dogadaj-u-cvijicevoj-ulici-dve-osobe-stradale-istraga-u-toku","status":"publish","type":"post","link":"https:\/\/vaterpolosrbija.rs\/?p=66848","title":{"rendered":"Tragi\u010dan doga\u0111aj u Cviji\u0107evoj ulici: Dve osobe stradale, istraga u toku"},"content":{"rendered":"\n<p>U stanu u Cviji\u0107evoj ulici u Beogradu danas je do\u0161lo do tragi\u010dnog doga\u0111aja u kojem su stradale dve osobe. Na licu mesta nalaze se pripadnici policije i tu\u017eilac Vi\u0161eg javnog tu\u017eila\u0161tva u Beogradu, koji obavljaju uvi\u0111aj i utvr\u0111uju sve okolnosti slu\u010daja.<\/p>\n\n\n\n<p>Prema nezvani\u010dnim informacijama, ekipa Hitne pomo\u0107i u stanu je zatekla telo mlade \u017eene <strong>M. P. (28)<\/strong>. Mu\u0161karac <strong>M. M. (30)<\/strong>, koji je u tom trenutku bio prisutan, ubrzo nakon dolaska medicinske ekipe izgubio je \u017eivot nakon pada sa zgrade.<\/p>\n\n\n\n<p>Za sada nije poznato \u0161ta je dovelo do smrti \u017eene, niti da li postoji direktna povezanost izme\u0111u dva tragi\u010dna ishoda. Nadle\u017eni organi nastavljaju istragu kako bi se utvrdile sve \u010dinjenice i okolnosti ovog doga\u0111aja.<\/p>\n\n\n\n<p>Policija se za sada nije zvani\u010dno ogla\u0161avala, a vi\u0161e informacija o\u010dekuje se nakon zavr\u0161etka uvi\u0111aja i sprovo\u0111enja svih potrebnih radnji.<\/p>\n\n\n\n<hr class=\"wp-block-separator has-alpha-channel-opacity\"\/>\n\n\n\n<h3 class=\"wp-block-heading\">Va\u017ena napomena<\/h3>\n\n\n\n<p>Ako se vi ili neko vama blizak suo\u010dava sa te\u0161kim mislima, emocionalnom krizom ili osje\u0107ajem bespomo\u0107nosti, va\u017eno je znati da pomo\u0107 postoji i da niste sami.<\/p>\n\n\n\n<p><strong>SOS telefon za psiholo\u0161ku podr\u0161ku:<\/strong><br>\ud83d\udcde <strong>0800\/309-309 (opcija 1)<\/strong> \u2013 dostupno 24 sata dnevno<br>Stru\u010dnjaci Klinike za psihijatrijske bolesti \u201eDr Laza Lazarevi\u0107\u201c<\/p>\n\n\n\n<p>Pomo\u0107 je dostupna i kroz slu\u017ebe urgentne psihijatrije i centre za mentalno zdravlje.<\/p>\n","protected":false},"excerpt":{"rendered":"<p>U stanu u Cviji\u0107evoj ulici u Beogradu danas je do\u0161lo do tragi\u010dnog doga\u0111aja u kojem su stradale dve osobe. Na licu mesta nalaze se pripadnici policije i tu\u017eilac Vi\u0161eg javnog tu\u017eila\u0161tva u Beogradu, koji obavljaju uvi\u0111aj i utvr\u0111uju sve okolnosti slu\u010daja. Prema nezvani\u010dnim informacijama, ekipa Hitne pomo\u0107i u stanu je zatekla telo mlade \u017eene M. [&hellip;]<\/p>\n","protected":false},"author":1,"featured_media":66849,"comment_status":"closed","ping_status":"closed","sticky":false,"template":"","format":"standard","meta":{"footnotes":""},"categories":[12],"tags":[],"class_list":["post-66848","post","type-post","status-publish","format-standard","has-post-thumbnail","hentry","category-ispovijest"],"_links":{"self":[{"href":"https:\/\/vaterpolosrbija.rs\/index.php?rest_route=\/wp\/v2\/posts\/66848","targetHints":{"allow":["GET"]}}],"collection":[{"href":"https:\/\/vaterpolosrbija.rs\/index.php?rest_route=\/wp\/v2\/posts"}],"about":[{"href":"https:\/\/vaterpolosrbija.rs\/index.php?rest_route=\/wp\/v2\/types\/post"}],"author":[{"embeddable":true,"href":"https:\/\/vaterpolosrbija.rs\/index.php?rest_route=\/wp\/v2\/users\/1"}],"replies":[{"embeddable":true,"href":"https:\/\/vaterpolosrbija.rs\/index.php?rest_route=%2Fwp%2Fv2%2Fcomments&post=66848"}],"version-history":[{"count":0,"href":"https:\/\/vaterpolosrbija.rs\/index.php?rest_route=\/wp\/v2\/posts\/66848\/revisions"}],"wp:featuredmedia":[{"embeddable":true,"href":"https:\/\/vaterpolosrbija.rs\/index.php?rest_route=\/wp\/v2\/media\/66849"}],"wp:attachment":[{"href":"https:\/\/vaterpolosrbija.rs\/index.php?rest_route=%2Fwp%2Fv2%2Fmedia&parent=66848"}],"wp:term":[{"taxonomy":"category","embeddable":true,"href":"https:\/\/vaterpolosrbija.rs\/index.php?rest_route=%2Fwp%2Fv2%2Fcategories&post=66848"},{"taxonomy":"post_tag","embeddable":true,"href":"https:\/\/vaterpolosrbija.rs\/index.php?rest_route=%2Fwp%2Fv2%2Ftags&post=66848"}],"curies":[{"name":"wp","href":"https:\/\/api.w.org\/{rel}","templated":true}]}}