{"id":66845,"date":"2026-01-08T20:47:00","date_gmt":"2026-01-08T18:47:00","guid":{"rendered":"https:\/\/kvalitetvremena.com\/?p=66845"},"modified":"2026-01-08T20:47:00","modified_gmt":"2026-01-08T18:47:00","slug":"ostavila-sam-jabukovo-sirce-na-kosi-preko-noci-evo-sta-se-zaista-dogodilo","status":"publish","type":"post","link":"https:\/\/vaterpolosrbija.rs\/?p=66845","title":{"rendered":"Ostavila sam jabukovo sir\u0107e na kosi preko no\u0107i: Evo \u0161ta se zaista dogodilo"},"content":{"rendered":"\n<p>Ponekad najbolje beauty tajne nisu u skupim preparatima ili salonima. \u010cesto se kriju u na\u0161im kuhinjama, potpuno jednostavne i zaboravljene. Jedna od njih je <strong>jabukovo sir\u0107e (ACV)<\/strong>.<\/p>\n\n\n\n<p>Ve\u0107 vjekovima koristi se u doma\u0107instvu, a posljednjih godina sve \u010de\u0161\u0107e se spominje i u njezi kose. Mnoge \u017eene ga koriste kao dodatak rutini kako bi kosa izgledala sjajnije i vlasi\u0161te svje\u017eije. Ipak, jedno pitanje se stalno ponavlja: <strong>\u0161ta se zapravo de\u0161ava ako se ACV ostavi na kosi preko no\u0107i?<\/strong><\/p>\n\n\n\n<p>Odlu\u010dila sam da isprobam \u2013 uz oprez i pravilnu pripremu.<\/p>\n\n\n\n<hr class=\"wp-block-separator has-alpha-channel-opacity\"\/>\n\n\n\n<h3 class=\"wp-block-heading\">Za\u0161to se jabukovo sir\u0107e koristi u njezi kose?<\/h3>\n\n\n\n<p>Jabukovo sir\u0107e se \u010desto spominje zbog svojih svojstava koja mogu doprinijeti zdravijem izgledu kose i vlasi\u0161ta:<\/p>\n\n\n\n<ul class=\"wp-block-list\">\n<li><strong>Balans pH vrijednosti<\/strong> \u2013 mo\u017ee pomo\u0107i u vra\u0107anju prirodne ravnote\u017ee vlasi\u0161ta<\/li>\n\n\n\n<li><strong>Uklanjanje naslaga proizvoda<\/strong> \u2013 ostaci lakova, gelova i \u0161ampona mogu u\u010diniti kosu be\u017eivotnom<\/li>\n\n\n\n<li><strong>Njegovan izgled vlasi\u0161ta<\/strong> \u2013 mnogi ga koriste kada \u017eele osje\u0107aj svje\u017eine<\/li>\n\n\n\n<li><strong>Vizuelni sjaj kose<\/strong> \u2013 zagla\u0111uje povr\u0161inu vlasi, pa kosa izgleda sjajnije i mek\u0161e<\/li>\n<\/ul>\n\n\n\n<p>Va\u017eno je naglasiti da se radi o <strong>prirodnom dodatku njezi<\/strong>, a ne zamjeni za medicinske ili profesionalne tretmane.<\/p>\n\n\n\n<hr class=\"wp-block-separator has-alpha-channel-opacity\"\/>\n\n\n\n<h3 class=\"wp-block-heading\">Kako sam pripremila tretman<\/h3>\n\n\n\n<p>Da bih bila sigurna, slijedila sam osnovna pravila:<\/p>\n\n\n\n<ul class=\"wp-block-list\">\n<li>koristila sam <strong>sirovo, nefiltrirano jabukovo sir\u0107e<\/strong><\/li>\n\n\n\n<li>pomije\u0161ala sam <strong>jednake dijelove sir\u0107eta i vode<\/strong><\/li>\n\n\n\n<li>napravila <strong>patch test<\/strong> (bez iritacije)<\/li>\n\n\n\n<li>pripremila kapu za tu\u0161iranje i stari pe\u0161kir<\/li>\n<\/ul>\n\n\n\n<p>Razbla\u017eivanje je klju\u010dno \u2013 nerazrije\u0111eno sir\u0107e se ne preporu\u010duje za direktnu upotrebu.<\/p>\n\n\n\n<hr class=\"wp-block-separator has-alpha-channel-opacity\"\/>\n\n\n\n<h3 class=\"wp-block-heading\">Kako sam ga nanijela<\/h3>\n\n\n\n<p>Smjesu sam poprskala po vlasi\u0161tu i lagano umasirala prstima. Kosa je bila vla\u017ena, ali ne natopljena. Miris je bio izra\u017een, ali podno\u0161ljiv. Nakon toga sam stavila kapu za tu\u0161iranje i za\u0161titila jastuk.<\/p>\n\n\n\n<hr class=\"wp-block-separator has-alpha-channel-opacity\"\/>\n\n\n\n<h3 class=\"wp-block-heading\">Jutro poslije \u2013 utisci<\/h3>\n\n\n\n<p>Nakon ispiranja mlakom vodom i blagim \u0161amponom, kosa:<\/p>\n\n\n\n<ul class=\"wp-block-list\">\n<li>je izgledala <strong>svje\u017eije i sjajnije<\/strong><\/li>\n\n\n\n<li>bila je <strong>mek\u0161a na dodir<\/strong><\/li>\n\n\n\n<li>imala je manje frizza<\/li>\n\n\n\n<li>vlasi\u0161te je djelovalo <strong>\u010disto i umireno<\/strong><\/li>\n<\/ul>\n\n\n\n<p>Nisam primijetila iritaciju, suvo\u0107u ili neprijatan osje\u0107aj.<\/p>\n\n\n\n<hr class=\"wp-block-separator has-alpha-channel-opacity\"\/>\n\n\n\n<h3 class=\"wp-block-heading\">Na \u0161ta treba obratiti pa\u017enju<\/h3>\n\n\n\n<ul class=\"wp-block-list\">\n<li>uvijek <strong>razbla\u017eite jabukovo sir\u0107e<\/strong><\/li>\n\n\n\n<li>ne koristite \u010de\u0161\u0107e od <strong>1\u20132 puta sedmi\u010dno<\/strong><\/li>\n\n\n\n<li>izbjegavajte ako imate osjetljivo ili o\u0161te\u0107eno vlasi\u0161te<\/li>\n\n\n\n<li>nakon tretmana koristite <strong>regenerator ili masku<\/strong><\/li>\n\n\n\n<li>slu\u0161ajte svoju kosu i ko\u017eu \u2013 svaka reaguje druga\u010dije<\/li>\n<\/ul>\n\n\n\n<hr class=\"wp-block-separator has-alpha-channel-opacity\"\/>\n\n\n\n<h3 class=\"wp-block-heading\">Da li vrijedi probati?<\/h3>\n\n\n\n<p>Ako tra\u017eite <strong>jednostavan i prirodan dodatak rutini njege kose<\/strong>, jabukovo sir\u0107e mo\u017ee biti zanimljiv izbor. Ne radi \u010duda preko no\u0107i, ali mo\u017ee doprinijeti urednijem izgledu kose i osje\u0107aju svje\u017eine vlasi\u0161ta.<\/p>\n\n\n\n<p>Ponekad najjednostavnija rje\u0161enja nisu trend \u2013 ve\u0107 povratak onome \u0161to su generacije koristile prije nas.<\/p>\n","protected":false},"excerpt":{"rendered":"<p>Ponekad najbolje beauty tajne nisu u skupim preparatima ili salonima. \u010cesto se kriju u na\u0161im kuhinjama, potpuno jednostavne i zaboravljene. Jedna od njih je jabukovo sir\u0107e (ACV). Ve\u0107 vjekovima koristi se u doma\u0107instvu, a posljednjih godina sve \u010de\u0161\u0107e se spominje i u njezi kose. Mnoge \u017eene ga koriste kao dodatak rutini kako bi kosa izgledala [&hellip;]<\/p>\n","protected":false},"author":1,"featured_media":66846,"comment_status":"closed","ping_status":"closed","sticky":false,"template":"","format":"standard","meta":{"footnotes":""},"categories":[13],"tags":[],"class_list":["post-66845","post","type-post","status-publish","format-standard","has-post-thumbnail","hentry","category-ljepota-i-zdravlje"],"_links":{"self":[{"href":"https:\/\/vaterpolosrbija.rs\/index.php?rest_route=\/wp\/v2\/posts\/66845","targetHints":{"allow":["GET"]}}],"collection":[{"href":"https:\/\/vaterpolosrbija.rs\/index.php?rest_route=\/wp\/v2\/posts"}],"about":[{"href":"https:\/\/vaterpolosrbija.rs\/index.php?rest_route=\/wp\/v2\/types\/post"}],"author":[{"embeddable":true,"href":"https:\/\/vaterpolosrbija.rs\/index.php?rest_route=\/wp\/v2\/users\/1"}],"replies":[{"embeddable":true,"href":"https:\/\/vaterpolosrbija.rs\/index.php?rest_route=%2Fwp%2Fv2%2Fcomments&post=66845"}],"version-history":[{"count":0,"href":"https:\/\/vaterpolosrbija.rs\/index.php?rest_route=\/wp\/v2\/posts\/66845\/revisions"}],"wp:featuredmedia":[{"embeddable":true,"href":"https:\/\/vaterpolosrbija.rs\/index.php?rest_route=\/wp\/v2\/media\/66846"}],"wp:attachment":[{"href":"https:\/\/vaterpolosrbija.rs\/index.php?rest_route=%2Fwp%2Fv2%2Fmedia&parent=66845"}],"wp:term":[{"taxonomy":"category","embeddable":true,"href":"https:\/\/vaterpolosrbija.rs\/index.php?rest_route=%2Fwp%2Fv2%2Fcategories&post=66845"},{"taxonomy":"post_tag","embeddable":true,"href":"https:\/\/vaterpolosrbija.rs\/index.php?rest_route=%2Fwp%2Fv2%2Ftags&post=66845"}],"curies":[{"name":"wp","href":"https:\/\/api.w.org\/{rel}","templated":true}]}}