{"id":66835,"date":"2026-01-08T15:30:38","date_gmt":"2026-01-08T13:30:38","guid":{"rendered":"https:\/\/kvalitetvremena.com\/?p=66835"},"modified":"2026-01-08T15:30:38","modified_gmt":"2026-01-08T13:30:38","slug":"teska-tragedija-u-beogradu-dvoje-mladih-izgubilo-zivot","status":"publish","type":"post","link":"https:\/\/vaterpolosrbija.rs\/?p=66835","title":{"rendered":"Te\u0161ka tragedija u Beogradu: Dvoje mladih izgubilo \u017eivot"},"content":{"rendered":"\n<p><strong>Beograd, 1. januar 2026.<\/strong> \u2013 Te\u0161ka tragedija potresla je javnost 1. januara oko 15 sati, kada su hitna pomo\u0107 i policija intervenirali u jednom stanu u Cviji\u0107evoj ulici nakon dojave o osobi bez svijesti.<\/p>\n\n\n\n<h4 class=\"wp-block-heading\">Detalji doga\u0111aja<\/h4>\n\n\n\n<p>Prema informacijama, <strong>M. P. (28)<\/strong> preminula je, a sumnja se da je uzrok predoziranje narkoticima. Poziv hitnoj pomo\u0107i uputio je <strong>M. M. (30)<\/strong>, koji je naveo da djevojka ne daje znakove \u017eivota. On je poku\u0161ao pru\u017eiti prvu pomo\u0107 dok nije stigla medicinska ekipa.<\/p>\n\n\n\n<p>Na licu mjesta, tro\u010dlana ekipa hitne pomo\u0107i odmah je zapo\u010dela reanimaciju, ali na\u017ealost, bez uspjeha. Ljekar je konstatovao smrt djevojke.<\/p>\n\n\n\n<p>Tragi\u010dno, u trenutku nakon toga mladi\u0107 je pri\u0161ao prozoru stana na devetom spratu i, uprkos intervenciji medicinskog tehni\u010dara, sko\u010dio je i preminuo na licu mjesta.<\/p>\n\n\n\n<h4 class=\"wp-block-heading\">Reakcija slu\u017ebi<\/h4>\n\n\n\n<p>Na teren su brzo stigli policija i de\u017eurni tu\u017eilac koji su obavili uvi\u0111aj i pokrenuli istragu kako bi se utvrdile sve okolnosti nesre\u0107e.<\/p>\n\n\n\n<h4 class=\"wp-block-heading\">Apel stru\u010dnjaka<\/h4>\n\n\n\n<p>Stru\u010dnjaci ponovo nagla\u0161avaju va\u017enost <strong>brige o mentalnom zdravlju<\/strong> i pru\u017eanja podr\u0161ke osobama koje se nalaze u krizi. Dostupne su i specijalizovane slu\u017ebe koje pru\u017eaju savjetovanje i podr\u0161ku <strong>24 sata dnevno<\/strong>.<\/p>\n","protected":false},"excerpt":{"rendered":"<p>Beograd, 1. januar 2026. \u2013 Te\u0161ka tragedija potresla je javnost 1. januara oko 15 sati, kada su hitna pomo\u0107 i policija intervenirali u jednom stanu u Cviji\u0107evoj ulici nakon dojave o osobi bez svijesti. Detalji doga\u0111aja Prema informacijama, M. P. (28) preminula je, a sumnja se da je uzrok predoziranje narkoticima. Poziv hitnoj pomo\u0107i uputio [&hellip;]<\/p>\n","protected":false},"author":1,"featured_media":66836,"comment_status":"closed","ping_status":"closed","sticky":false,"template":"","format":"standard","meta":{"footnotes":""},"categories":[12],"tags":[],"class_list":["post-66835","post","type-post","status-publish","format-standard","has-post-thumbnail","hentry","category-ispovijest"],"_links":{"self":[{"href":"https:\/\/vaterpolosrbija.rs\/index.php?rest_route=\/wp\/v2\/posts\/66835","targetHints":{"allow":["GET"]}}],"collection":[{"href":"https:\/\/vaterpolosrbija.rs\/index.php?rest_route=\/wp\/v2\/posts"}],"about":[{"href":"https:\/\/vaterpolosrbija.rs\/index.php?rest_route=\/wp\/v2\/types\/post"}],"author":[{"embeddable":true,"href":"https:\/\/vaterpolosrbija.rs\/index.php?rest_route=\/wp\/v2\/users\/1"}],"replies":[{"embeddable":true,"href":"https:\/\/vaterpolosrbija.rs\/index.php?rest_route=%2Fwp%2Fv2%2Fcomments&post=66835"}],"version-history":[{"count":0,"href":"https:\/\/vaterpolosrbija.rs\/index.php?rest_route=\/wp\/v2\/posts\/66835\/revisions"}],"wp:featuredmedia":[{"embeddable":true,"href":"https:\/\/vaterpolosrbija.rs\/index.php?rest_route=\/wp\/v2\/media\/66836"}],"wp:attachment":[{"href":"https:\/\/vaterpolosrbija.rs\/index.php?rest_route=%2Fwp%2Fv2%2Fmedia&parent=66835"}],"wp:term":[{"taxonomy":"category","embeddable":true,"href":"https:\/\/vaterpolosrbija.rs\/index.php?rest_route=%2Fwp%2Fv2%2Fcategories&post=66835"},{"taxonomy":"post_tag","embeddable":true,"href":"https:\/\/vaterpolosrbija.rs\/index.php?rest_route=%2Fwp%2Fv2%2Ftags&post=66835"}],"curies":[{"name":"wp","href":"https:\/\/api.w.org\/{rel}","templated":true}]}}