{"id":66832,"date":"2026-01-08T15:22:45","date_gmt":"2026-01-08T13:22:45","guid":{"rendered":"https:\/\/kvalitetvremena.com\/?p=66832"},"modified":"2026-01-08T15:22:45","modified_gmt":"2026-01-08T13:22:45","slug":"fotografija-koja-je-promenila-sve-kada-porodicna-lojalnost-postane-pitanje-casti","status":"publish","type":"post","link":"https:\/\/vaterpolosrbija.rs\/?p=66832","title":{"rendered":"Fotografija koja je promenila sve: Kada porodi\u010dna lojalnost postane pitanje \u010dasti"},"content":{"rendered":"\n<p>Kada je moja sestra <strong>Elena<\/strong> hladno, gotovo usput, objavila da moja sedamnaestogodi\u0161nja \u0107erka <strong>Sof\u00eda<\/strong> ne\u0107e biti pozvana na njeno ven\u010danje jer je \u201epremlada za tako formalnu priliku\u201c, ne\u0161to se u meni slomilo.<\/p>\n\n\n\n<p>Sedeli smo u njenoj dnevnoj sobi, okru\u017eeni uzorcima tkanina, ve\u0161ta\u010dkim cve\u0107em i svadbenim katalozima, kada je to izgovorila, ne gledaju\u0107i me ni na trenutak. Godinama sam izbegavala sukobe i trudila se da odr\u017eim porodicu na okupu. Zato sam progutala ponos, duboko udahnula i odgovorila smireno:<\/p>\n\n\n\n<p>\u201eOnda\u2026 ne\u0107emo prisustvovati.\u201c<\/p>\n\n\n\n<p>Ti\u0161ina koja je usledila bila je te\u0161ka. Elena nije reagovala. Majka je poku\u0161ala da ubla\u017ei trenutak, predla\u017eu\u0107i razgovor, ali Elena je prekinula:<\/p>\n\n\n\n<p>\u201eTo je moje ven\u010danje. Ako neko ne mo\u017ee da po\u0161tuje moja pravila, ne dolazi.\u201c<\/p>\n\n\n\n<p>Oti\u0161la sam sa Sof\u00edjom pored sebe, pognute glave.<br>\u201eU redu je, mama\u201c, \u0161apnula je. Ali nije bilo u redu. Moja \u0107erka je bila poni\u017eena, tretirana kao da nije va\u017ena, i \u010dinilo se da Elena u\u017eiva u svojoj mo\u0107i nad svima nama.<\/p>\n\n\n\n<p>Tokom narednih dana, porodi\u010dna grupa za poruke bila je puna pasivno-agresivnih komentara. Neki su branili Elenu, drugi su \u0107utali. Ja nisam odstupala: ako moja \u0107erka nije dobrodo\u0161la, nisam ni ja.<\/p>\n\n\n\n<h4 class=\"wp-block-heading\">Neo\u010dekivani obrt<\/h4>\n\n\n\n<p>Decembar je do\u0161ao sa bo\u017ei\u0107nim svetlima, iznu\u0111enim osmesima i u\u010dtivim zagrljajima. Uprkos svemu, prisustvovali smo porodi\u010dnoj bo\u017ei\u0107noj ve\u010deri \u201ezbog tradicije\u201c. Ali ja sam pripremila ne\u0161to \u2014 malo, ali sna\u017eno.<\/p>\n\n\n\n<p>Tokom prazni\u010dne zdravice spustila sam <strong>beli koverat na sto<\/strong>. Unutra je bila <strong>fotografija<\/strong>.<\/p>\n\n\n\n<p>Elena je lice pobledelo dok je otvarala koverat.<br>\u201e\u0160ta si uradila?\u201c povikala je, drhte\u0107i.<\/p>\n\n\n\n<p>Na slici je bio njen verenik <strong>Marko<\/strong>, kako dr\u017ei drugu \u017eenu blizu sebe i ljubi joj vrat, fotografisana samo dve nedelje ranije. Prijateljica koja radi u tom baru poslala mi je fotografiju: \u201eTreba ovo da vidi\u0161.\u201c<\/p>\n\n\n\n<p>Nikada nisam planirala da je iskoristim \u2014 dok Elena nije povredila moju \u0107erku.<\/p>\n\n\n\n<p>\u201eTo nije istina\u201c, promrmljao je Marko, ali Elena je znala da je fotografija stvarna.<\/p>\n\n\n\n<p>Sof\u00eda, koja je do tada \u0107utala, tiho je rekla:<br>\u201eTetka Elena\u2026 ja ti nikada ne bih uradila ovako ne\u0161to.\u201c<\/p>\n\n\n\n<p>To ju je slomilo. Elena je po\u010dela da pla\u010de, Marko je poku\u0161ao da je zagrli, ali ga je odgurnula. Ku\u0107a je odjekivala od rasprava i optu\u017ebi. Marko je izleteo napolje, Elena je potr\u010dala uz stepenice, a ostatak porodice posmatrao je \u0161okiran.<\/p>\n\n\n\n<p>Nisam se ose\u0107ala pobedni\u010dki. Znala sam samo da istina ima cenu \u2014 i da se pre ili kasnije pla\u0107a.<\/p>\n\n\n\n<h4 class=\"wp-block-heading\">Suo\u010davanje i izvinjenje<\/h4>\n\n\n\n<p>Nekoliko dana kasnije, Elena se pojavila na mojim vratima, bez \u0161minke i nakita.<br>\u201eMoram da razgovaram\u201c, rekla je.<\/p>\n\n\n\n<p>Sedele smo u kuhinji. Prvo iskreno izvinjenje u godinama:<br>\u201eTrebalo je da pozovem Sof\u00edju. Bila sam arogantna.\u201c<\/p>\n\n\n\n<p>\u201eAli ono \u0161to si ti uradila\u2026\u201c upitala je.<br>\u201eZato \u0161to ti moju \u0107erku nisi povredila nasamo. Ponizila si je pred svima.\u201c<\/p>\n\n\n\n<p>Elena je progutala knedlu.<br>\u201eSada ne znam da li uop\u0161te treba da se udam.\u201c<br>\u201eMo\u017eda je to i najbolje\u201c, rekoh blago. \u201eNe zbog fotografije, ve\u0107 zato \u0161to, ako sada vara, \u0161ta \u0107e raditi kasnije?\u201c<\/p>\n\n\n\n<p>Nije rekla ni\u0161ta. Njena ti\u0161ina rekla je dovoljno.<br>Dok je odlazila, tiho je \u0161apnula:<br>\u201eHvala ti\u2026 iako boli.\u201c<\/p>\n\n\n\n<p>Osetila sam olak\u0161anje i tugu. Znam da \u0107e ovoj rani trebati vreme da zaraste. Znam da neki \u010dlanovi porodice mo\u017eda nikada ne\u0107e oprostiti. Ali znam i da sam uradila ono \u0161to sam morala \u2014 <strong>za\u0161titila sam svoju \u0107erku<\/strong>.<\/p>\n","protected":false},"excerpt":{"rendered":"<p>Kada je moja sestra Elena hladno, gotovo usput, objavila da moja sedamnaestogodi\u0161nja \u0107erka Sof\u00eda ne\u0107e biti pozvana na njeno ven\u010danje jer je \u201epremlada za tako formalnu priliku\u201c, ne\u0161to se u meni slomilo. Sedeli smo u njenoj dnevnoj sobi, okru\u017eeni uzorcima tkanina, ve\u0161ta\u010dkim cve\u0107em i svadbenim katalozima, kada je to izgovorila, ne gledaju\u0107i me ni na [&hellip;]<\/p>\n","protected":false},"author":1,"featured_media":66833,"comment_status":"closed","ping_status":"closed","sticky":false,"template":"","format":"standard","meta":{"footnotes":""},"categories":[12],"tags":[],"class_list":["post-66832","post","type-post","status-publish","format-standard","has-post-thumbnail","hentry","category-ispovijest"],"_links":{"self":[{"href":"https:\/\/vaterpolosrbija.rs\/index.php?rest_route=\/wp\/v2\/posts\/66832","targetHints":{"allow":["GET"]}}],"collection":[{"href":"https:\/\/vaterpolosrbija.rs\/index.php?rest_route=\/wp\/v2\/posts"}],"about":[{"href":"https:\/\/vaterpolosrbija.rs\/index.php?rest_route=\/wp\/v2\/types\/post"}],"author":[{"embeddable":true,"href":"https:\/\/vaterpolosrbija.rs\/index.php?rest_route=\/wp\/v2\/users\/1"}],"replies":[{"embeddable":true,"href":"https:\/\/vaterpolosrbija.rs\/index.php?rest_route=%2Fwp%2Fv2%2Fcomments&post=66832"}],"version-history":[{"count":0,"href":"https:\/\/vaterpolosrbija.rs\/index.php?rest_route=\/wp\/v2\/posts\/66832\/revisions"}],"wp:featuredmedia":[{"embeddable":true,"href":"https:\/\/vaterpolosrbija.rs\/index.php?rest_route=\/wp\/v2\/media\/66833"}],"wp:attachment":[{"href":"https:\/\/vaterpolosrbija.rs\/index.php?rest_route=%2Fwp%2Fv2%2Fmedia&parent=66832"}],"wp:term":[{"taxonomy":"category","embeddable":true,"href":"https:\/\/vaterpolosrbija.rs\/index.php?rest_route=%2Fwp%2Fv2%2Fcategories&post=66832"},{"taxonomy":"post_tag","embeddable":true,"href":"https:\/\/vaterpolosrbija.rs\/index.php?rest_route=%2Fwp%2Fv2%2Ftags&post=66832"}],"curies":[{"name":"wp","href":"https:\/\/api.w.org\/{rel}","templated":true}]}}