{"id":66827,"date":"2026-01-08T15:00:18","date_gmt":"2026-01-08T13:00:18","guid":{"rendered":"https:\/\/kvalitetvremena.com\/?p=66827"},"modified":"2026-01-08T15:00:18","modified_gmt":"2026-01-08T13:00:18","slug":"drugi-dan-bozica-u-narodnoj-tradiciji-sta-se-ne-radi-i-kako-se-praznik-obiljezava","status":"publish","type":"post","link":"https:\/\/vaterpolosrbija.rs\/?p=66827","title":{"rendered":"Drugi dan Bo\u017ei\u0107a u narodnoj tradiciji: \u0161ta se ne radi i kako se praznik obilje\u017eava"},"content":{"rendered":"\n<p>Bo\u017ei\u0107 je jedan od najva\u017enijih hri\u0161\u0107anskih praznika i u pravoslavnoj tradiciji ne traje samo jedan dan, ve\u0107 tri dana. Iako mnogi toga nisu svjesni, drugi dan Bo\u017ei\u0107a ima posebno zna\u010denje i posve\u0107en je Presvetoj Bogorodici, majci Isusa Hrista. Upravo zbog toga ovaj dan nosi sna\u017enu duhovnu poruku i prati ga niz obi\u010daja i vjerovanja koja se po\u0161tuju vijekovima.<\/p>\n\n\n\n<p>Drugi dan Bo\u017ei\u0107a u crkvenom kalendaru poznat je kao Sabor Presvete Bogorodice. Naziv sabor dolazi od sabiranja vjernika koji se toga dana okupljaju u molitvi i zahvalnosti. Smisao praznika je podsje\u0107anje na ulogu Bogorodice u hri\u0161\u0107anstvu, ali i na va\u017enost zajedni\u0161tva, mira i ljubavi me\u0111u ljudima.<\/p>\n\n\n\n<p>Iako je za mnoge ovo radni dan, prema narodnom vjerovanju praznik i dalje traje. Smatra se da bi drugi dan Bo\u017ei\u0107a trebalo provesti smireno, u krugu porodice, uz molitvu i dobre misli. Ne preporu\u010duje se zapo\u010dinjanje te\u0161kih i iscrpljuju\u0107ih poslova, naro\u010dito onih koji nisu nu\u017eni. Vjeruje se da bi sve \u0161to se radi na ovaj dan trebalo biti pra\u0107eno dobrim namjerama i vjerom.<\/p>\n\n\n\n<p>Prema obi\u010dajima, tokom sva tri dana Bo\u017ei\u0107a ku\u0107a se ne \u010disti niti se obavljaju ve\u0107i ku\u0107ni poslovi. Izuzetak su domovi koji tre\u0107eg dana slave krsnu slavu Svetog Stefana, kada su pripreme neizbje\u017ene. U nekim krajevima sa\u010duvani su i posebni lokalni obi\u010daji vezani za bo\u017ei\u0107nu pe\u010denicu i na\u010din njenog \u010duvanja, koji simbolizuju po\u0161tovanje praznika i blagostanja u domu.<\/p>\n\n\n\n<p>Drugi dan Bo\u017ei\u0107a je, prema tradiciji, namijenjen posjetama. Obilaze se rodbina, prijatelji i kom\u0161ije, a vrata doma ostaju otvorena za goste. Ovakvi susreti imaju za cilj ja\u010danje odnosa, pra\u0161tanje i njegovanje dobrih me\u0111uljudskih veza.<\/p>\n\n\n\n<p>U narodu postoji i vjerovanje da izgovaranje molitve ili blagoslova na ovaj dan donosi mir, zdravlje i spokoj tokom cijele godine. Bez obzira na li\u010dna uvjerenja, su\u0161tina ovog dana le\u017ei u smirenosti, zahvalnosti i okretanju onome \u0161to povezuje ljude.<\/p>\n\n\n\n<p>Tre\u0107eg dana Bo\u017ei\u0107a obilje\u017eava se praznik Svetog arhi\u0111akona Stefana, koji za mnoge porodice predstavlja i krsnu slavu. Time se zavr\u0161ava bo\u017ei\u0107ni ciklus praznika, ali poruke mira, ljubavi i zajedni\u0161tva ostaju kao podsjetnik za cijelu godinu.<\/p>\n\n\n\n<p>Ovakvi obi\u010daji i vjerovanja dio su kulturnog i duhovnog naslje\u0111a i podsje\u0107aju da praznici nisu samo datumi u kalendaru, ve\u0107 prilika da usporimo, okrenemo se jedni drugima i unesemo vi\u0161e mira u svakodnevni \u017eivot.<\/p>\n","protected":false},"excerpt":{"rendered":"<p>Bo\u017ei\u0107 je jedan od najva\u017enijih hri\u0161\u0107anskih praznika i u pravoslavnoj tradiciji ne traje samo jedan dan, ve\u0107 tri dana. Iako mnogi toga nisu svjesni, drugi dan Bo\u017ei\u0107a ima posebno zna\u010denje i posve\u0107en je Presvetoj Bogorodici, majci Isusa Hrista. Upravo zbog toga ovaj dan nosi sna\u017enu duhovnu poruku i prati ga niz obi\u010daja i vjerovanja koja [&hellip;]<\/p>\n","protected":false},"author":1,"featured_media":66828,"comment_status":"closed","ping_status":"closed","sticky":false,"template":"","format":"standard","meta":{"footnotes":""},"categories":[10],"tags":[],"class_list":["post-66827","post","type-post","status-publish","format-standard","has-post-thumbnail","hentry","category-zanimljivosti"],"_links":{"self":[{"href":"https:\/\/vaterpolosrbija.rs\/index.php?rest_route=\/wp\/v2\/posts\/66827","targetHints":{"allow":["GET"]}}],"collection":[{"href":"https:\/\/vaterpolosrbija.rs\/index.php?rest_route=\/wp\/v2\/posts"}],"about":[{"href":"https:\/\/vaterpolosrbija.rs\/index.php?rest_route=\/wp\/v2\/types\/post"}],"author":[{"embeddable":true,"href":"https:\/\/vaterpolosrbija.rs\/index.php?rest_route=\/wp\/v2\/users\/1"}],"replies":[{"embeddable":true,"href":"https:\/\/vaterpolosrbija.rs\/index.php?rest_route=%2Fwp%2Fv2%2Fcomments&post=66827"}],"version-history":[{"count":0,"href":"https:\/\/vaterpolosrbija.rs\/index.php?rest_route=\/wp\/v2\/posts\/66827\/revisions"}],"wp:featuredmedia":[{"embeddable":true,"href":"https:\/\/vaterpolosrbija.rs\/index.php?rest_route=\/wp\/v2\/media\/66828"}],"wp:attachment":[{"href":"https:\/\/vaterpolosrbija.rs\/index.php?rest_route=%2Fwp%2Fv2%2Fmedia&parent=66827"}],"wp:term":[{"taxonomy":"category","embeddable":true,"href":"https:\/\/vaterpolosrbija.rs\/index.php?rest_route=%2Fwp%2Fv2%2Fcategories&post=66827"},{"taxonomy":"post_tag","embeddable":true,"href":"https:\/\/vaterpolosrbija.rs\/index.php?rest_route=%2Fwp%2Fv2%2Ftags&post=66827"}],"curies":[{"name":"wp","href":"https:\/\/api.w.org\/{rel}","templated":true}]}}