{"id":66819,"date":"2026-01-08T14:15:23","date_gmt":"2026-01-08T12:15:23","guid":{"rendered":"https:\/\/kvalitetvremena.com\/?p=66819"},"modified":"2026-01-08T14:15:23","modified_gmt":"2026-01-08T12:15:23","slug":"pravi-test-mog-braka-dosao-je-u-trenutku-kada-sam-bila-najranjivija","status":"publish","type":"post","link":"https:\/\/vaterpolosrbija.rs\/?p=66819","title":{"rendered":"Pravi test mog braka do\u0161ao je u trenutku kada sam bila najranjivija"},"content":{"rendered":"\n<p>Nekada sam verovala da \u0107e najte\u017ei deo mog \u017eivota biti postati majka nakon godina \u010dekanja, gubitaka i razo\u010daranja. Ispostavilo se da sam gre\u0161ila. Pravi test do\u0161ao je mnogo kasnije \u2014 kasno jedne no\u0107i, samo nekoliko nedelja pre termina \u2014 kada se stabilnost mog braka po\u010dela menjati na na\u010din koji nisam mogla da ignori\u0161em.<\/p>\n\n\n\n<p>Moj suprug Majkl i ja odrasli smo zajedno, grade\u0107i miran i predvidiv \u017eivot zasnovan na poverenju i zajedni\u010dkim uspomenama. Nakon dugotrajne borbe sa neplodno\u0161\u0107u, trudno\u0107a je delovala kao nagrada za svu istrajnost. Verovala sam da \u0107e nas sama radost roditeljstva nositi napred.<\/p>\n\n\n\n<p>U po\u010detku nisam prime\u0107ivala promene. Kako se trudno\u0107a pribli\u017eavala kraju, Majkl je postajao povu\u010den i odsutan. Ube\u0111ivala sam sebe da je to samo strah od nove \u017eivotne uloge.<\/p>\n\n\n\n<p>A onda je do\u0161la no\u0107 koja je promenila sve.<\/p>\n\n\n\n<p>Uprkos tome \u0161to je znao koliko sam fizi\u010dki i emotivno iscrpljena, pozvao je prijatelje kod nas. Kasnije, u trenutku koji me je duboko pogodio, zatra\u017eio je da doka\u017eem da je dete koje nosim zaista njegovo.<\/p>\n\n\n\n<p>U tom trenutku poverenje je nestalo. Godine zajedni\u010dke borbe \u2014 pregledi, terapije, nade i razo\u010daranja \u2014 svedene su na sumnju. Te no\u0107i sam shvatila da ne mogu ostati na mestu gde se moja istina dovodi u pitanje.<\/p>\n\n\n\n<p>Slede\u0107eg jutra spakovala sam malu torbu, ostavila burmu i oti\u0161la kod sestre. Izabrala sam mir i samopo\u0161tovanje.<\/p>\n\n\n\n<p>Tri nedelje kasnije rodila sam \u0107erku okru\u017eena ti\u0161inom i podr\u0161kom. Dr\u017eanje deteta u naru\u010dju donelo mi je jasno\u0107u kakvu nisam ranije poznavala. Znala sam da sam donela ispravnu odluku.<\/p>\n\n\n\n<p>Tada se Majkl pojavio u bolnici.<\/p>\n\n\n\n<p>Bio je uznemiren i iskren. Priznao je da su strah i tu\u0111i uticaji poljuljali njegov razum. Priznao je da me je izneverio u trenutku kada mi je bio najpotrebniji. Nisam \u017eurila da oprostim, ali sam bila spremna da saslu\u0161am \u2014 pod uslovom da odgovornost zameni prazna izvinjenja.<\/p>\n\n\n\n<p>Ono \u0161to je usledilo nije bila brza pomirba, ve\u0107 spor i promi\u0161ljen proces. Majkl je pokazivao doslednost, preuzimao odgovornost bez opravdanja i posvetio se razgovorima i savetovanju. Nismo se vratili starom braku \u2014 izgradili smo novi, utemeljen na zrelosti i svesnim izborima.<\/p>\n\n\n\n<p>Nau\u010dila sam da ljubav ne zna\u010di odsustvo gre\u0161aka, ve\u0107 spremnost da se suo\u010dimo s njima. Taj kasnono\u0107ni trenutak nije uni\u0161tio moj brak \u2014 naterao nas je da ga sagledamo iskreno.<\/p>\n\n\n\n<p>Ono \u0161to danas imamo nije savr\u0161eno, ali je stvarno, pa\u017eljivo izgra\u0111eno i sna\u017enije jer po\u010diva na istini.<\/p>\n","protected":false},"excerpt":{"rendered":"<p>Nekada sam verovala da \u0107e najte\u017ei deo mog \u017eivota biti postati majka nakon godina \u010dekanja, gubitaka i razo\u010daranja. Ispostavilo se da sam gre\u0161ila. Pravi test do\u0161ao je mnogo kasnije \u2014 kasno jedne no\u0107i, samo nekoliko nedelja pre termina \u2014 kada se stabilnost mog braka po\u010dela menjati na na\u010din koji nisam mogla da ignori\u0161em. Moj suprug [&hellip;]<\/p>\n","protected":false},"author":1,"featured_media":66820,"comment_status":"closed","ping_status":"closed","sticky":false,"template":"","format":"standard","meta":{"footnotes":""},"categories":[12],"tags":[],"class_list":["post-66819","post","type-post","status-publish","format-standard","has-post-thumbnail","hentry","category-ispovijest"],"_links":{"self":[{"href":"https:\/\/vaterpolosrbija.rs\/index.php?rest_route=\/wp\/v2\/posts\/66819","targetHints":{"allow":["GET"]}}],"collection":[{"href":"https:\/\/vaterpolosrbija.rs\/index.php?rest_route=\/wp\/v2\/posts"}],"about":[{"href":"https:\/\/vaterpolosrbija.rs\/index.php?rest_route=\/wp\/v2\/types\/post"}],"author":[{"embeddable":true,"href":"https:\/\/vaterpolosrbija.rs\/index.php?rest_route=\/wp\/v2\/users\/1"}],"replies":[{"embeddable":true,"href":"https:\/\/vaterpolosrbija.rs\/index.php?rest_route=%2Fwp%2Fv2%2Fcomments&post=66819"}],"version-history":[{"count":0,"href":"https:\/\/vaterpolosrbija.rs\/index.php?rest_route=\/wp\/v2\/posts\/66819\/revisions"}],"wp:featuredmedia":[{"embeddable":true,"href":"https:\/\/vaterpolosrbija.rs\/index.php?rest_route=\/wp\/v2\/media\/66820"}],"wp:attachment":[{"href":"https:\/\/vaterpolosrbija.rs\/index.php?rest_route=%2Fwp%2Fv2%2Fmedia&parent=66819"}],"wp:term":[{"taxonomy":"category","embeddable":true,"href":"https:\/\/vaterpolosrbija.rs\/index.php?rest_route=%2Fwp%2Fv2%2Fcategories&post=66819"},{"taxonomy":"post_tag","embeddable":true,"href":"https:\/\/vaterpolosrbija.rs\/index.php?rest_route=%2Fwp%2Fv2%2Ftags&post=66819"}],"curies":[{"name":"wp","href":"https:\/\/api.w.org\/{rel}","templated":true}]}}