{"id":66813,"date":"2026-01-08T13:45:07","date_gmt":"2026-01-08T11:45:07","guid":{"rendered":"https:\/\/kvalitetvremena.com\/?p=66813"},"modified":"2026-01-08T13:45:07","modified_gmt":"2026-01-08T11:45:07","slug":"ostala-sam-kod-kuce-dok-su-oni-otisli-na-put-ali-sam-se-vratila-sebi","status":"publish","type":"post","link":"https:\/\/vaterpolosrbija.rs\/?p=66813","title":{"rendered":"Ostala sam kod ku\u0107e dok su oni oti\u0161li na put \u2014 ali sam se vratila sebi"},"content":{"rendered":"\n<p>Zatim se ukrcao na avion za Fernando de Noronju sa svojom porodicom\u2026 i \u017eenom koju je nazivao \u201eprijateljicom\u201c.<\/p>\n\n\n\n<p>Kada su se vratili i videli \u0161ta sam uradila, po\u010detni \u0161ok na njihovim licima polako je nestajao.<\/p>\n\n\n\n<p>Tog dana vadila sam iz rerne tavu sa piletinom i ruzmarinom \u2014 jelo za koje je Markelo uvek govorio da mu je omiljeno \u2014 kada je zazvonio telefon. Njegov glas bio je miran i distanciran, onaj koji koristi kada je odluku ve\u0107 doneo sam.<\/p>\n\n\n\n<p>Objasnio je da na put idu njegovi roditelji, brat, snaja i jedna porodi\u010dna poznanica. Usput je dodao da u iznajmljenoj ku\u0107i, navodno, \u201enema mesta za jo\u0161 jednu osobu\u201c.<\/p>\n\n\n\n<p>Ostala sam smirena. \u010cak i kada je predlo\u017eio da mogu da zalivam biljke dok njega nema \u2014 kao da ostajem po sopstvenom izboru, a ne zato \u0161to sam svesno izostavljena.<\/p>\n\n\n\n<p>Nakon poziva po\u010dela sam da spremam sto. Ruke su mi drhtale toliko da mi je jedan tanjir ispao i razbio se o pod. Krhotine su me podsetile na na\u0161 brak: spolja uredan, iznutra lomljiv.<\/p>\n\n\n\n<p>Nedugo zatim stigla je poruka u porodi\u010dnoj grupi:<br>\u201ePutovanje zavr\u0161eno! Svi zajedno! \ud83d\udc99\u2708\ufe0f\u201c<\/p>\n\n\n\n<p>Mog imena nije bilo. Opet.<\/p>\n\n\n\n<p>Tada se u meni ne\u0161to smirilo i razjasnilo. Pogledala sam oko ku\u0107e koju sam godinama odr\u017eavala, planove koje sam uvek prilago\u0111avala drugima, i shvatila da vi\u0161e ne \u017eelim da \u010dekam.<\/p>\n\n\n\n<p>Slede\u0107eg jutra krenula sam napred.<\/p>\n\n\n\n<p>Dok su oni delili fotografije mora i odmora, ja sam donosila va\u017ene odluke. Kontaktirala sam advokata, prikupila dokumenta i otvorila ra\u010dun na svoje ime. Prvi put posle dugo vremena, osetila sam mir.<\/p>\n\n\n\n<p>Ubrzo se potvrdilo ono \u0161to sam dugo naslu\u0107ivala: \u201eporodi\u010dna prijateljica\u201c bila je osoba sa kojom je Markelo ve\u0107 du\u017ee vreme imao paralelni odnos. Njegova porodica je za to znala.<\/p>\n\n\n\n<p>U \u010detvrtak sam potpisala papire.<br>U petak sam promenila brave.<br>U subotu sam prolazila kroz ku\u0107u \u2014 ne iz osvete, ve\u0107 zbog sebe. Uklonila sam sve \u0161to vi\u0161e nije imalo mesto u mom \u017eivotu.<\/p>\n\n\n\n<p>Na stolu u dnevnoj sobi ostavila sam samo jednu fasciklu.<\/p>\n\n\n\n<p>Kada su se vratili, sigurni da ih \u010deka ista svakodnevica, vrata se nisu otvorila. Markelo je poku\u0161ao klju\u010d, zatim pokucao. Tada je primetio kovertu zalepljenu na vratima, sa njegovim imenom.<\/p>\n\n\n\n<p>Unutra su bili papiri za razvod, dokumentacija o ku\u0107i registrovanoj na moje ime i kratka poruka:<\/p>\n\n\n\n<p>\u201eBrinula sam o biljkama.<br>Brinula sam o domu.<br>Sada brinem o sebi.\u201c<\/p>\n\n\n\n<p>Njegovo lice je prebledelo. Njegova majka je \u0107utala. \u017dena pored njega napravila je korak unazad.<\/p>\n\n\n\n<p>Posmatrala sam sve iz automobila preko puta i osetila ne\u0161to \u0161to u tom braku nikada nisam: slobodu.<\/p>\n\n\n\n<p>Oni su oti\u0161li veruju\u0107i da nekoga ostavljaju iza sebe.<br>Na kraju, jedina osoba koja je zaista oti\u0161la \u2014 bila sam ja.<\/p>\n","protected":false},"excerpt":{"rendered":"<p>Zatim se ukrcao na avion za Fernando de Noronju sa svojom porodicom\u2026 i \u017eenom koju je nazivao \u201eprijateljicom\u201c. Kada su se vratili i videli \u0161ta sam uradila, po\u010detni \u0161ok na njihovim licima polako je nestajao. Tog dana vadila sam iz rerne tavu sa piletinom i ruzmarinom \u2014 jelo za koje je Markelo uvek govorio da [&hellip;]<\/p>\n","protected":false},"author":1,"featured_media":66814,"comment_status":"closed","ping_status":"closed","sticky":false,"template":"","format":"standard","meta":{"footnotes":""},"categories":[12],"tags":[],"class_list":["post-66813","post","type-post","status-publish","format-standard","has-post-thumbnail","hentry","category-ispovijest"],"_links":{"self":[{"href":"https:\/\/vaterpolosrbija.rs\/index.php?rest_route=\/wp\/v2\/posts\/66813","targetHints":{"allow":["GET"]}}],"collection":[{"href":"https:\/\/vaterpolosrbija.rs\/index.php?rest_route=\/wp\/v2\/posts"}],"about":[{"href":"https:\/\/vaterpolosrbija.rs\/index.php?rest_route=\/wp\/v2\/types\/post"}],"author":[{"embeddable":true,"href":"https:\/\/vaterpolosrbija.rs\/index.php?rest_route=\/wp\/v2\/users\/1"}],"replies":[{"embeddable":true,"href":"https:\/\/vaterpolosrbija.rs\/index.php?rest_route=%2Fwp%2Fv2%2Fcomments&post=66813"}],"version-history":[{"count":0,"href":"https:\/\/vaterpolosrbija.rs\/index.php?rest_route=\/wp\/v2\/posts\/66813\/revisions"}],"wp:featuredmedia":[{"embeddable":true,"href":"https:\/\/vaterpolosrbija.rs\/index.php?rest_route=\/wp\/v2\/media\/66814"}],"wp:attachment":[{"href":"https:\/\/vaterpolosrbija.rs\/index.php?rest_route=%2Fwp%2Fv2%2Fmedia&parent=66813"}],"wp:term":[{"taxonomy":"category","embeddable":true,"href":"https:\/\/vaterpolosrbija.rs\/index.php?rest_route=%2Fwp%2Fv2%2Fcategories&post=66813"},{"taxonomy":"post_tag","embeddable":true,"href":"https:\/\/vaterpolosrbija.rs\/index.php?rest_route=%2Fwp%2Fv2%2Ftags&post=66813"}],"curies":[{"name":"wp","href":"https:\/\/api.w.org\/{rel}","templated":true}]}}