{"id":66809,"date":"2026-01-08T11:32:00","date_gmt":"2026-01-08T09:32:00","guid":{"rendered":"https:\/\/kvalitetvremena.com\/?p=66809"},"modified":"2026-01-08T11:32:00","modified_gmt":"2026-01-08T09:32:00","slug":"kada-dobrota-pobijedi-prosle-uvrede-prica-o-brizi-oprostu-i-pravim-vrijednostima","status":"publish","type":"post","link":"https:\/\/vaterpolosrbija.rs\/?p=66809","title":{"rendered":"Kada dobrota pobijedi pro\u0161le uvrede: Pri\u010da o brizi, oprostu i pravim vrijednostima"},"content":{"rendered":"\n<p>U porodi\u010dnim odnosima \u010desto se gomilaju rije\u010di i postupci koji ostavljaju duboke tragove. Nekada pro\u0111u godine prije nego \u0161to shvatimo koliko su emocije, povjerenje i spremnost na \u017ertvu va\u017eniji od ponosa i materijalnih stvari. Ova pri\u010da govori upravo o tome. O sukobu, ali i o oprostu. O hladno\u0107i i o tihoj dobroti koja se ne dokazuje rije\u010dima, ve\u0107 djelima.<\/p>\n\n\n\n<p>Jelica je godinama bila sna\u017ena i dominantna figura u porodici. Navikla da upravlja i odlu\u010duje, \u010desto je bez mnogo obzira komentarisala \u017eivote drugih. Posebno je bila gruba prema svojoj snahi Dragani, koju je omalova\u017eavala i nazivala pogrdnim imenima zbog porijekla i skromnog \u017eivota iz kojeg je potekla. Dragana je sve to godinama trpjela u ti\u0161ini, poku\u0161avaju\u0107i da sa\u010duva mir u porodici.<\/p>\n\n\n\n<p>Kada se Jelicino zdravstveno stanje naglo pogor\u0161alo i kada je pala u postelju, porodi\u010dni odnosi su se na\u0161li na velikom ispitu. Njena k\u0107erka Goca, koja je uvijek bila Jelicina mezimica, tada se povukla. Govorila je da ima posao, obaveze i da ne mo\u017ee da preuzme brigu. Smatrala je da bi majka trebala biti smje\u0161tena u dom, jer je to za nju najlak\u0161e rje\u0161enje.<\/p>\n\n\n\n<p>Dragana se tome usprotivila. Iako je upravo Jelica bila ta koja joj je nanosila bol i uvrede, Dragana nije mogla da okrene le\u0111a nemo\u0107noj starici. Donijela je odluku da ostane i preuzme brigu, bez rasprave i bez o\u010dekivanja zahvalnosti. Bila je to odluka vo\u0111ena savje\u0161\u0107u, a ne pro\u0161lim ranama.<\/p>\n\n\n\n<p>Mjeseci koji su uslijedili bili su te\u0161ki. Dragana je svakodnevno brinula o Jelici, hranila je, kupala i bila uz nju u trenucima slabosti. Umor i iscrpljenost su bili stalni, ali nije odustajala. Jelica je sve to posmatrala. Polako, bez velikih rije\u010di, po\u010dela je shvatati ko je zaista ostao uz nju.<\/p>\n\n\n\n<p>Jednog dana, kada je snaga gotovo potpuno napustila, Jelica je skupila posljednje rije\u010di i izgovorila oprosti \u0107erko. Bio je to trenutak koji je zauvijek promijenio odnos izme\u0111u njih. Dragana je zaplakala, ne zbog svega \u0161to je pretrpjela, ve\u0107 zbog toga \u0161to je oprost kona\u010dno prona\u0161ao put. Jelica je ubrzo nakon toga preminula mirno, dok je Dragana dr\u017eala njenu ruku.<\/p>\n\n\n\n<p>Nakon sahrane uslijedilo je novo iznena\u0111enje. Na ostavinskoj raspravi ispostavilo se da je Jelica svoju ku\u0107u i u\u0161te\u0111evinu ostavila Dragani. Goci je pripao samo jedan zlatni lan\u010di\u0107. Ta odluka nije bila kazna, ve\u0107 poruka. Poruka o tome ko je bio tu kada je bilo najte\u017ee.<\/p>\n\n\n\n<p>Goca nije mogla prihvatiti tu istinu. Napustila je ku\u0107u i vi\u0161e se nije vra\u0107ala. Dragana i njen suprug Milan nastavili su \u017eivot u domu koji je sada nosio druga\u010dije zna\u010denje. Ne kao simbol imovine, ve\u0107 kao mjesto gdje je dobrota pobijedila gor\u010dinu.<\/p>\n\n\n\n<p>Ova pri\u010da podsje\u0107a da se prava vrijednost \u010dovjeka ne mjeri rije\u010dima koje izgovara, niti onim \u0161to posjeduje. Ona se vidi u trenucima kada biramo da ostanemo, da pomognemo i da oprostimo, \u010dak i onda kada imamo mnogo razloga da odemo. U takvim trenucima otkriva se snaga koja mijenja sudbine i ostavlja najdublji trag.<\/p>\n","protected":false},"excerpt":{"rendered":"<p>U porodi\u010dnim odnosima \u010desto se gomilaju rije\u010di i postupci koji ostavljaju duboke tragove. Nekada pro\u0111u godine prije nego \u0161to shvatimo koliko su emocije, povjerenje i spremnost na \u017ertvu va\u017eniji od ponosa i materijalnih stvari. Ova pri\u010da govori upravo o tome. O sukobu, ali i o oprostu. O hladno\u0107i i o tihoj dobroti koja se ne [&hellip;]<\/p>\n","protected":false},"author":1,"featured_media":66810,"comment_status":"closed","ping_status":"closed","sticky":false,"template":"","format":"standard","meta":{"footnotes":""},"categories":[10],"tags":[],"class_list":["post-66809","post","type-post","status-publish","format-standard","has-post-thumbnail","hentry","category-zanimljivosti"],"_links":{"self":[{"href":"https:\/\/vaterpolosrbija.rs\/index.php?rest_route=\/wp\/v2\/posts\/66809","targetHints":{"allow":["GET"]}}],"collection":[{"href":"https:\/\/vaterpolosrbija.rs\/index.php?rest_route=\/wp\/v2\/posts"}],"about":[{"href":"https:\/\/vaterpolosrbija.rs\/index.php?rest_route=\/wp\/v2\/types\/post"}],"author":[{"embeddable":true,"href":"https:\/\/vaterpolosrbija.rs\/index.php?rest_route=\/wp\/v2\/users\/1"}],"replies":[{"embeddable":true,"href":"https:\/\/vaterpolosrbija.rs\/index.php?rest_route=%2Fwp%2Fv2%2Fcomments&post=66809"}],"version-history":[{"count":0,"href":"https:\/\/vaterpolosrbija.rs\/index.php?rest_route=\/wp\/v2\/posts\/66809\/revisions"}],"wp:featuredmedia":[{"embeddable":true,"href":"https:\/\/vaterpolosrbija.rs\/index.php?rest_route=\/wp\/v2\/media\/66810"}],"wp:attachment":[{"href":"https:\/\/vaterpolosrbija.rs\/index.php?rest_route=%2Fwp%2Fv2%2Fmedia&parent=66809"}],"wp:term":[{"taxonomy":"category","embeddable":true,"href":"https:\/\/vaterpolosrbija.rs\/index.php?rest_route=%2Fwp%2Fv2%2Fcategories&post=66809"},{"taxonomy":"post_tag","embeddable":true,"href":"https:\/\/vaterpolosrbija.rs\/index.php?rest_route=%2Fwp%2Fv2%2Ftags&post=66809"}],"curies":[{"name":"wp","href":"https:\/\/api.w.org\/{rel}","templated":true}]}}