{"id":66803,"date":"2026-01-07T17:41:46","date_gmt":"2026-01-07T15:41:46","guid":{"rendered":"https:\/\/kvalitetvremena.com\/?p=66803"},"modified":"2026-01-07T17:41:46","modified_gmt":"2026-01-07T15:41:46","slug":"sta-znaci-vrijeme-na-bozic-staro-narodno-vjerovanje-koje-se-i-danas-prepricava","status":"publish","type":"post","link":"https:\/\/vaterpolosrbija.rs\/?p=66803","title":{"rendered":"\u0160ta zna\u010di vrijeme na Bo\u017ei\u0107? Staro narodno vjerovanje koje se i danas prepri\u010dava"},"content":{"rendered":"\n<p>U narodnoj tradiciji, Bo\u017ei\u0107 nije bio samo vjerski praznik, ve\u0107 i dan posebne simbolike, trenutak kada se, prema vjerovanjima predaka, \u201e\u010ditaju znakovi\u201c za godinu koja dolazi. Me\u0111u tim znakovima posebno mjesto zauzimale su vremenske prilike na sam Bo\u017ei\u0107.<\/p>\n\n\n\n<p>Za na\u0161e pretke, vrijeme tog dana nije bilo puka meteorolo\u0161ka pojava, ve\u0107 poruka prirode. Smatralo se da Bo\u017ei\u0107 ozna\u010dava po\u010detak novog ciklusa, a ono \u0161to priroda poka\u017ee tog dana moglo je nagovijestiti kakva \u0107e biti cijela naredna godina.<\/p>\n\n\n\n<h3 class=\"wp-block-heading\">Snje\u017ean Bo\u017ei\u0107 \u2013 znak rodne i plodne godine<\/h3>\n\n\n\n<p>Prema starim narodnim vjerovanjima, Bo\u017ei\u0107 prekriven snijegom bio je izuzetno dobar znak. Snijeg se smatrao simbolom \u010disto\u0107e, za\u0161tite i odmora zemlje. Vjerovalo se da bijeli pokriva\u010d \u010duva vlagu u tlu, \u0161titi usjeve od smrzavanja i omogu\u0107ava zemlji da \u201eodmori\u201c i sakupi snagu za prolje\u0107e.<\/p>\n\n\n\n<p>U takvim godinama o\u010dekivala se dobra \u017eetva, rodna polja i blagostanje u doma\u0107instvima. Snje\u017ean Bo\u017ei\u0107 bio je, prema narodnim pri\u010dama, nagovje\u0161taj stabilnosti, obilja i napretka.<\/p>\n\n\n\n<h3 class=\"wp-block-heading\">Sun\u010dan i topao Bo\u017ei\u0107 \u2013 upozorenje na su\u0161u<\/h3>\n\n\n\n<p>Suprotno tome, Bo\u017ei\u0107 bez snijega, uz sun\u010dano i toplo vrijeme, u narodu se do\u017eivljavao kao lo\u0161 predznak. Vjerovalo se da takav \u201ezeleni Bo\u017ei\u0107\u201c najavljuje su\u0161nu godinu, slabiju \u017eetvu i prazna polja.<\/p>\n\n\n\n<p>Prema ovom tuma\u010denju, zemlja bez snje\u017enog pokriva\u010da nije imala priliku da se odmori i za\u0161titi, \u0161to bi moglo negativno uticati na poljoprivredu i op\u0161ti napredak tokom godine.<\/p>\n\n\n\n<h3 class=\"wp-block-heading\">Ki\u0161a, vjetar i magla \u2013 znakovi nestabilnosti<\/h3>\n\n\n\n<p>Narodna vjerovanja pridavala su zna\u010denje i drugim vremenskim pojavama. Ki\u0161ovit Bo\u017ei\u0107 tuma\u010dio se kao nagovje\u0161taj ki\u0161ne godine, dok su jak vjetar i magla simbolizirali nemir, promjene i nestabilnost.<\/p>\n\n\n\n<p>Jak vjetar na Bo\u017ei\u0107 \u010desto se povezivao s nemirnom godinom punom preokreta, dok je mirno, tiho i stabilno vrijeme smatrano znakom blagostanja, sloge i sigurnosti u domu.<\/p>\n\n\n\n<h3 class=\"wp-block-heading\">Tradicija koja podsje\u0107a na vezu \u010dovjeka i prirode<\/h3>\n\n\n\n<p>Iako ova vjerovanja nemaju nau\u010dnu osnovu, ona predstavljaju dragocjen dio kulturnog naslije\u0111a. Ona svjedo\u010de o vremenu kada su ljudi \u017eivjeli u sna\u017enoj povezanosti s prirodom, oslanjaju\u0107i se na njene znakove u dono\u0161enju va\u017enih \u017eivotnih odluka, posebno u poljoprivredi.<\/p>\n\n\n\n<p>Danas, iako se vi\u0161e oslanjamo na prognoze i nauku, ova narodna tuma\u010denja i dalje se prepri\u010davaju, podsje\u0107aju\u0107i nas na mudrost predaka i na neraskidivu vezu izme\u0111u \u010dovjeka, praznika i prirodnog ritma \u017eivota.<\/p>\n","protected":false},"excerpt":{"rendered":"<p>U narodnoj tradiciji, Bo\u017ei\u0107 nije bio samo vjerski praznik, ve\u0107 i dan posebne simbolike, trenutak kada se, prema vjerovanjima predaka, \u201e\u010ditaju znakovi\u201c za godinu koja dolazi. Me\u0111u tim znakovima posebno mjesto zauzimale su vremenske prilike na sam Bo\u017ei\u0107. Za na\u0161e pretke, vrijeme tog dana nije bilo puka meteorolo\u0161ka pojava, ve\u0107 poruka prirode. Smatralo se da [&hellip;]<\/p>\n","protected":false},"author":1,"featured_media":66804,"comment_status":"closed","ping_status":"closed","sticky":false,"template":"","format":"standard","meta":{"footnotes":""},"categories":[14],"tags":[],"class_list":["post-66803","post","type-post","status-publish","format-standard","has-post-thumbnail","hentry","category-region"],"_links":{"self":[{"href":"https:\/\/vaterpolosrbija.rs\/index.php?rest_route=\/wp\/v2\/posts\/66803","targetHints":{"allow":["GET"]}}],"collection":[{"href":"https:\/\/vaterpolosrbija.rs\/index.php?rest_route=\/wp\/v2\/posts"}],"about":[{"href":"https:\/\/vaterpolosrbija.rs\/index.php?rest_route=\/wp\/v2\/types\/post"}],"author":[{"embeddable":true,"href":"https:\/\/vaterpolosrbija.rs\/index.php?rest_route=\/wp\/v2\/users\/1"}],"replies":[{"embeddable":true,"href":"https:\/\/vaterpolosrbija.rs\/index.php?rest_route=%2Fwp%2Fv2%2Fcomments&post=66803"}],"version-history":[{"count":0,"href":"https:\/\/vaterpolosrbija.rs\/index.php?rest_route=\/wp\/v2\/posts\/66803\/revisions"}],"wp:featuredmedia":[{"embeddable":true,"href":"https:\/\/vaterpolosrbija.rs\/index.php?rest_route=\/wp\/v2\/media\/66804"}],"wp:attachment":[{"href":"https:\/\/vaterpolosrbija.rs\/index.php?rest_route=%2Fwp%2Fv2%2Fmedia&parent=66803"}],"wp:term":[{"taxonomy":"category","embeddable":true,"href":"https:\/\/vaterpolosrbija.rs\/index.php?rest_route=%2Fwp%2Fv2%2Fcategories&post=66803"},{"taxonomy":"post_tag","embeddable":true,"href":"https:\/\/vaterpolosrbija.rs\/index.php?rest_route=%2Fwp%2Fv2%2Ftags&post=66803"}],"curies":[{"name":"wp","href":"https:\/\/api.w.org\/{rel}","templated":true}]}}