{"id":66797,"date":"2026-01-07T11:33:04","date_gmt":"2026-01-07T09:33:04","guid":{"rendered":"https:\/\/kvalitetvremena.com\/?p=66797"},"modified":"2026-01-07T11:33:04","modified_gmt":"2026-01-07T09:33:04","slug":"bozic-u-srpskoj-tradiciji-obicaji-koji-okupljaju-porodicu-i-cuvaju-duh-zajednistva","status":"publish","type":"post","link":"https:\/\/vaterpolosrbija.rs\/?p=66797","title":{"rendered":"Bo\u017ei\u0107 u srpskoj tradiciji: Obi\u010daji koji okupljaju porodicu i \u010duvaju duh zajedni\u0161tva"},"content":{"rendered":"\n<p>Bo\u017ei\u0107 je za pravoslavne vernike jedan od najradosnijih i najzna\u010dajnijih praznika u godini. To je dan koji se ne do\u017eivljava samo kao crkveni praznik, ve\u0107 kao duboko porodi\u010dni trenutak, pro\u017eet toplinom, simbolikom i obi\u010dajima koji se vekovima prenose s kolena na koleno. U srpskoj tradiciji, Bo\u017ei\u0107 predstavlja po\u010detak novog ciklusa, vreme mira, nade i obnove vere.<\/p>\n\n\n\n<p>Za razliku od mnogih savremenih praznika, Bo\u017ei\u0107 se ne meri rasko\u0161om, ve\u0107 zajedni\u0161tvom. Su\u0161tina ovog dana nalazi se u porodici, skromnosti i po\u0161tovanju obi\u010daja koji nose sna\u017enu poruku o ljubavi i povezanosti.<\/p>\n\n\n\n<h3 class=\"wp-block-heading\">\u010cesnica \u2013 hleb koji nosi simbol sre\u0107e<\/h3>\n\n\n\n<p>Jedan od najprepoznatljivijih bo\u017ei\u0107nih obi\u010daja jeste priprema \u010desnice. Ovaj tradicionalni hleb zauzima centralno mesto na bo\u017ei\u0107noj trpezi i ima duboko simboli\u010dno zna\u010denje. \u010cesnica mo\u017ee biti slana ili slatka, a u njenu unutra\u0161njost obavezno se stavlja nov\u010di\u0107.<\/p>\n\n\n\n<p>Prema narodnom verovanju, onaj ko u svom par\u010detu prona\u0111e nov\u010di\u0107 ima\u0107e sre\u0107e, zdravlja i blagostanja tokom cele godine. Posebnu radost u domu izaziva trenutak kada nov\u010di\u0107 pripadne detetu, jer se veruje da to donosi napredak i sre\u0107u celoj porodici. Lomljenje \u010desnice je zajedni\u010dki \u010din koji simbolizuje jedinstvo, ravnopravnost i deljenje dobra me\u0111u uku\u0107anima.<\/p>\n\n\n\n<h3 class=\"wp-block-heading\">Jutarnja slu\u017eba i zna\u010daj porodi\u010dnog okupljanja<\/h3>\n\n\n\n<p>Nakon lomljenja \u010desnice, vernici tradicionalno odlaze na jutarnju bo\u017ei\u0107nu liturgiju. Prisustvo bogoslu\u017eenju i pri\u010dest imaju poseban zna\u010daj, jer predstavljaju duhovni temelj praznika. Po povratku ku\u0107i, porodica se okuplja za prvi mrsni obrok nakon dugog posta.<\/p>\n\n\n\n<p>Bo\u017ei\u0107 je dan kada se, prema obi\u010dajima, ne ide u goste. Smatra se da je ovaj praznik namenjen isklju\u010divo porodici i najbli\u017eima. Izuzetak je polo\u017eajnik \u2013 prva osoba koja na Bo\u017ei\u0107 ulazi u dom.<\/p>\n\n\n\n<h3 class=\"wp-block-heading\">Polo\u017eajnik \u2013 simbol sre\u0107e i napretka<\/h3>\n\n\n\n<p>Polo\u017eajnik ima posebno mesto u bo\u017ei\u0107nim obi\u010dajima. To je osoba za koju se veruje da donosi sre\u0107u ku\u0107i u koju ulazi. On doma\u0107inima \u010destita praznik re\u010dima \u201eHristos se rodi\u201c, na \u0161ta se odgovara \u201eVaistinu se rodi\u201c. Nakon toga, polo\u017eajnik simboli\u010dno pali gran\u010dicu badnjaka i upu\u0107uju se \u017eelje za zdravlje, mir i napredak u godini koja dolazi.<\/p>\n\n\n\n<p>Ovaj obi\u010daj ima sna\u017enu poruku \u2013 nagla\u0161ava va\u017enost dobrih misli, lepih re\u010di i pozitivnog po\u010detka.<\/p>\n\n\n\n<h3 class=\"wp-block-heading\">Verovanja vezana za Bo\u017ei\u0107ni dan<\/h3>\n\n\n\n<p>U narodnoj tradiciji postoji verovanje da se na Bo\u017ei\u0107 zapo\u010dinju dobri poslovi. Smatra se da ono \u0161to se tog dana zapo\u010dne ima ve\u0107u \u0161ansu da tokom godine te\u010de lak\u0161e i uspe\u0161nije. Posebno se preporu\u010duje zapo\u010dinjanje onih poslova koji su prethodne godine bili te\u0161ki ili su nailazili na prepreke.<\/p>\n\n\n\n<p>Ova verovanja simbolizuju novi po\u010detak, optimizam i veru u bolje sutra, \u0161to je jedna od klju\u010dnih poruka Bo\u017ei\u0107a.<\/p>\n\n\n\n<h3 class=\"wp-block-heading\">Bo\u017ei\u0107 kao praznik nade i ljubavi<\/h3>\n\n\n\n<p>Bo\u017ei\u0107 nije samo skup obi\u010daja, ve\u0107 prilika da se porodica okupi, da se zastane i podseti na ono \u0161to je zaista va\u017eno. U mnogim doma\u0107instvima tog dana nestaju razlike, problemi se ostavljaju po strani, a u prvi plan dolaze mir, ljubav i me\u0111usobno razumevanje.<\/p>\n\n\n\n<p>Ovaj praznik nas u\u010di skromnosti, strpljenju i zahvalnosti. Obi\u010daji poput \u010desnice, polo\u017eajnika i porodi\u010dnog ru\u010dka nisu samo rituali, ve\u0107 podsetnici na vrednosti koje bi trebalo negovati tokom cele godine.<\/p>\n\n\n\n<h3 class=\"wp-block-heading\">Zaklju\u010dak<\/h3>\n\n\n\n<p>Bo\u017ei\u0107 u srpskoj tradiciji predstavlja spoj vere, porodi\u010dnog zajedni\u0161tva i duboko ukorenjenih obi\u010daja. On nas vra\u0107a osnovnim ljudskim vrednostima i podse\u0107a da su ljubav, porodica i me\u0111usobna briga temelj svakog zdravog dru\u0161tva.<\/p>\n\n\n\n<p>\u010cuvaju\u0107i bo\u017ei\u0107ne obi\u010daje, ne \u010duvamo samo tradiciju \u2013 \u010duvamo identitet, povezanost i duh zajedni\u0161tva koji Bo\u017ei\u0107 \u010dini posebnim i nezamenjivim.<\/p>\n\n\n\n<p>Mir Bo\u017eji, Hristos se rodi!<\/p>\n","protected":false},"excerpt":{"rendered":"<p>Bo\u017ei\u0107 je za pravoslavne vernike jedan od najradosnijih i najzna\u010dajnijih praznika u godini. To je dan koji se ne do\u017eivljava samo kao crkveni praznik, ve\u0107 kao duboko porodi\u010dni trenutak, pro\u017eet toplinom, simbolikom i obi\u010dajima koji se vekovima prenose s kolena na koleno. U srpskoj tradiciji, Bo\u017ei\u0107 predstavlja po\u010detak novog ciklusa, vreme mira, nade i obnove [&hellip;]<\/p>\n","protected":false},"author":1,"featured_media":66798,"comment_status":"closed","ping_status":"closed","sticky":false,"template":"","format":"standard","meta":{"footnotes":""},"categories":[14,15],"tags":[],"class_list":["post-66797","post","type-post","status-publish","format-standard","has-post-thumbnail","hentry","category-region","category-svijet"],"_links":{"self":[{"href":"https:\/\/vaterpolosrbija.rs\/index.php?rest_route=\/wp\/v2\/posts\/66797","targetHints":{"allow":["GET"]}}],"collection":[{"href":"https:\/\/vaterpolosrbija.rs\/index.php?rest_route=\/wp\/v2\/posts"}],"about":[{"href":"https:\/\/vaterpolosrbija.rs\/index.php?rest_route=\/wp\/v2\/types\/post"}],"author":[{"embeddable":true,"href":"https:\/\/vaterpolosrbija.rs\/index.php?rest_route=\/wp\/v2\/users\/1"}],"replies":[{"embeddable":true,"href":"https:\/\/vaterpolosrbija.rs\/index.php?rest_route=%2Fwp%2Fv2%2Fcomments&post=66797"}],"version-history":[{"count":0,"href":"https:\/\/vaterpolosrbija.rs\/index.php?rest_route=\/wp\/v2\/posts\/66797\/revisions"}],"wp:featuredmedia":[{"embeddable":true,"href":"https:\/\/vaterpolosrbija.rs\/index.php?rest_route=\/wp\/v2\/media\/66798"}],"wp:attachment":[{"href":"https:\/\/vaterpolosrbija.rs\/index.php?rest_route=%2Fwp%2Fv2%2Fmedia&parent=66797"}],"wp:term":[{"taxonomy":"category","embeddable":true,"href":"https:\/\/vaterpolosrbija.rs\/index.php?rest_route=%2Fwp%2Fv2%2Fcategories&post=66797"},{"taxonomy":"post_tag","embeddable":true,"href":"https:\/\/vaterpolosrbija.rs\/index.php?rest_route=%2Fwp%2Fv2%2Ftags&post=66797"}],"curies":[{"name":"wp","href":"https:\/\/api.w.org\/{rel}","templated":true}]}}