{"id":66794,"date":"2026-01-07T02:52:16","date_gmt":"2026-01-07T00:52:16","guid":{"rendered":"https:\/\/kvalitetvremena.com\/?p=66794"},"modified":"2026-01-07T02:52:16","modified_gmt":"2026-01-07T00:52:16","slug":"dacu-ti-sto-miliona-ako-otvoris-sef-nasmijao-se-milijarder-dok-odgovor-djecaka-nije-utisao-cijelu-prostoriju","status":"publish","type":"post","link":"https:\/\/vaterpolosrbija.rs\/?p=66794","title":{"rendered":"\u201eDa\u0107u ti sto miliona ako otvori\u0161 sef\u201c, nasmijao se milijarder \u2014 dok odgovor dje\u010daka nije uti\u0161ao cijelu prostoriju"},"content":{"rendered":"\n<h3 class=\"wp-block-heading\">Igra koja je trebala da ponizi<\/h3>\n\n\n\n<p>Ponuda je izre\u010dena nehajno, gotovo \u0161aljivo, kao da je rije\u010d o bezazlenoj \u0161ali.<\/p>\n\n\n\n<p>Ali nije bila.<\/p>\n\n\n\n<p>U izvr\u0161noj kancelariji na \u010detrdeset prvom spratu staklenog tornja u centru \u010cikaga, milijarder Artur Kaldvel zavalio se u ko\u017enu fotelju i jednom glasno pljesnuo rukama.<\/p>\n\n\n\n<p>\u201eSto miliona dolara\u201c, rekao je uz osmijeh. \u201eTvoje su ako mo\u017ee\u0161 da otvori\u0161 taj sef.\u201c<\/p>\n\n\n\n<p>Prostorijom je odjeknuo smijeh.<\/p>\n\n\n\n<p>Petorica mu\u0161karaca u skupim odijelima smijala su se preglasno i predugo. Jedan je brisao suze s o\u010diju, drugi je odmahivao glavom u nevjerici.<\/p>\n\n\n\n<p>Ispred njih je stajao jedanaestogodi\u0161nji dje\u010dak.<\/p>\n\n\n\n<p>Patike su mu bile istro\u0161ene, jakna prevelika, s pohabanim rukavima. Stajao je pored majke koja je u drhtavim rukama dr\u017eala mop.<\/p>\n\n\n\n<p>Bila je sprema\u010dica. Nije trebalo da bude primije\u0107ena.<\/p>\n\n\n\n<h3 class=\"wp-block-heading\">Oni koji nikada nisu morali da mare<\/h3>\n\n\n\n<p>\u201eDa li on uop\u0161te zna \u0161ta taj iznos zna\u010di?\u201c rekao je Majkl Hargrevs, stariji investicioni partner, jo\u0161 uvijek se smiju\u0107i.<\/p>\n\n\n\n<p>\u201eVjerovatno misli da je milion isto \u0161to i sto dolara\u201c, dodao je neko.<\/p>\n\n\n\n<p>Artur je u ovome najvi\u0161e u\u017eivao. Ne u novcu \u2014 ve\u0107 u kontroli.<\/p>\n\n\n\n<p>Sef je stajao iza njega: \u010delik iz uvoza, biometrijske brave, digitalni panel koji je tiho svijetlio. Vrijedio je vi\u0161e nego \u0161to bi \u017eena ispred njega zaradila za cijeli \u017eivot.<\/p>\n\n\n\n<p>\u201eOpustite se\u201c, rekao je Artur odmahuju\u0107i rukom. \u201eOvo je edukativno.\u201c<\/p>\n\n\n\n<p>Dje\u010dak ga je gledao \u0107utke.<\/p>\n\n\n\n<p>Majka je napokon progovorila, gotovo \u0161apatom.<\/p>\n\n\n\n<p>\u201eGospodine\u2026 molim vas. Odlazimo. Moj sin ne\u0107e ni\u0161ta dirati.\u201c<\/p>\n\n\n\n<p>Arturov osmijeh je nestao.<\/p>\n\n\n\n<p>\u201eNisam vam dao dozvolu da govorite.\u201c<\/p>\n\n\n\n<p>U prostoriji je zavladala ti\u0161ina.<\/p>\n\n\n\n<p>\u017dena se povukla uz zid. Suze su joj ispunile o\u010di. Radila je tu sedam godina. Nikada je nije pitao kako se zove.<\/p>\n\n\n\n<h3 class=\"wp-block-heading\">Pitanje koje je promijenilo ton<\/h3>\n\n\n\n<p>Artur je \u010du\u010dnuo ispred dje\u010daka.<\/p>\n\n\n\n<p>\u201eZna\u0161 da \u010dita\u0161, je l\u2019 tako?\u201c<\/p>\n\n\n\n<p>\u201eZnam, gospodine.\u201c<\/p>\n\n\n\n<p>\u201eI zna\u0161 da broji\u0161?\u201c<\/p>\n\n\n\n<p>\u201eZnam.\u201c<\/p>\n\n\n\n<p>Artur se uspravio, zadovoljan.<\/p>\n\n\n\n<p>\u201eOnda zna\u0161 \u0161ta zna\u010di sto miliona dolara.\u201c<\/p>\n\n\n\n<p>Dje\u010dak je klimnuo glavom.<\/p>\n\n\n\n<p>\u201eReci\u201c, insistirao je Artur. \u201e\u0160ta taj novac zna\u010di tebi?\u201c<\/p>\n\n\n\n<p>Dje\u010dak je zastao, pa tiho rekao:<\/p>\n\n\n\n<p>\u201eVi\u0161e novca nego \u0161to \u0107emo moja majka i ja vjerovatno ikada imati.\u201c<\/p>\n\n\n\n<p>Artur je zapljeskao.<\/p>\n\n\n\n<p>\u201eUpravo tako. To je razlika izme\u0111u ljudi poput mene i ljudi poput vas.\u201c<\/p>\n\n\n\n<p>Neko se opet nasmijao, ali slabije nego prije.<\/p>\n\n\n\n<p>Dje\u010dak je podigao glavu.<\/p>\n\n\n\n<p>\u201eOnda za\u0161to nudite ne\u0161to za \u0161ta znate da ne\u0107ete morati da date?\u201c<\/p>\n\n\n\n<p>Artur se namr\u0161tio.<\/p>\n\n\n\n<p>\u201e\u0160ta si rekao?\u201c<\/p>\n\n\n\n<p>\u201eAko sef ne mo\u017ee da se otvori\u201c, nastavio je dje\u010dak mirno, \u201enema rizika. To nije prava ponuda. To je samo na\u010din da nam se smijete.\u201c<\/p>\n\n\n\n<p>Ti\u0161ina je bila trenutna.<\/p>\n\n\n\n<p>Neprijatna.<\/p>\n\n\n\n<h3 class=\"wp-block-heading\">Lekcija jednog oca<\/h3>\n\n\n\n<p>Artur je prekrstio ruke.<\/p>\n\n\n\n<p>\u201ePazi kako govori\u0161, mali.\u201c<\/p>\n\n\n\n<p>Dje\u010dak se nije pomjerio.<\/p>\n\n\n\n<p>\u201eMoj tata je dizajnirao sigurnosne sisteme\u201c, rekao je. \u201eGovorio je da sefovi nisu samo metal. Oni su na\u010din razmi\u0161ljanja.\u201c<\/p>\n\n\n\n<p>Arturova vilica se stegla.<\/p>\n\n\n\n<p>\u201eTvoj otac?\u201c<\/p>\n\n\n\n<p>\u201ePreminuo je.\u201c<\/p>\n\n\n\n<p>Rije\u010d je te\u0161ko pala.<\/p>\n\n\n\n<p>\u017dena je tiho zaplakala.<\/p>\n\n\n\n<p>Dje\u010dak je nastavio.<\/p>\n\n\n\n<p>\u201eU\u010dio me je da skupa za\u0161tita \u010desto \u010duva ponos, a ne ono \u0161to je zaista va\u017eno.\u201c<\/p>\n\n\n\n<p>Jedan od mu\u0161karaca se nelagodno pomjerio.<\/p>\n\n\n\n<p>Artur se opet nasmijao, ali u tom smijehu nije bilo lako\u0107e.<\/p>\n\n\n\n<p>\u201eZna\u010di misli\u0161 da poznaje\u0161 moj sef?\u201c<\/p>\n\n\n\n<p>\u201eDa, gospodine.\u201c<\/p>\n\n\n\n<h3 class=\"wp-block-heading\">Kod koji niko nije smio da zna<\/h3>\n\n\n\n<p>Artur se potpuno uspravio.<\/p>\n\n\n\n<p>\u201eTo je nemogu\u0107e.\u201c<\/p>\n\n\n\n<p>Dje\u010dak je pri\u0161ao bli\u017ee sefu, ne dodiruju\u0107i ga.<\/p>\n\n\n\n<p>\u201eNikada niste promijenili fabri\u010dki glavni kod.\u201c<\/p>\n\n\n\n<p>Artur je zaledio pogled.<\/p>\n\n\n\n<p>\u201eVa\u0161 kod je 74291\u201c, rekao je dje\u010dak tiho.<\/p>\n\n\n\n<p>Boja je nestala s Arturovog lica.<\/p>\n\n\n\n<p>\u201eKako\u2026\u201c<\/p>\n\n\n\n<p>\u201eVe\u0107ina vlasnika ne uklanja po\u010detnu slabost\u201c, objasnio je dje\u010dak. \u201eSamo dodaju nove slojeve preko nje.\u201c<\/p>\n\n\n\n<p>Niko se nije smijao.<\/p>\n\n\n\n<p>Niko nije govorio.<\/p>\n\n\n\n<p>Artur je sjeo nazad u fotelju.<\/p>\n\n\n\n<h3 class=\"wp-block-heading\">Druga\u010dija ponuda<\/h3>\n\n\n\n<p>Dje\u010dak se okrenuo majci.<\/p>\n\n\n\n<p>\u201eMama, mogu li ne\u0161to da ka\u017eem?\u201c<\/p>\n\n\n\n<p>Klimnula je glavom, suze su joj tekle niz lice.<\/p>\n\n\n\n<p>Dje\u010dak se ponovo okrenuo Arturu.<\/p>\n\n\n\n<p>\u201eNe \u017eelim va\u0161 novac.\u201c<\/p>\n\n\n\n<p>Artur je progutao knedlu.<\/p>\n\n\n\n<p>\u201e\u0160ta onda \u017eeli\u0161?\u201c<\/p>\n\n\n\n<p>Dje\u010dak je govorio polako.<\/p>\n\n\n\n<p>\u201ePravi posao za moju majku. Ne \u010di\u0161\u0107enje. Nekada je bila nastavnica.\u201c<\/p>\n\n\n\n<p>Artur je klimnuo, zate\u010den.<\/p>\n\n\n\n<p>\u201eFond za obrazovanje djece zaposlenih\u201c, nastavio je dje\u010dak. \u201eDa ga vode oni, a ne vi.\u201c<\/p>\n\n\n\n<p>Mu\u0161karci su se pogledali.<\/p>\n\n\n\n<p>\u201eI promijenite kod\u201c, zavr\u0161io je dje\u010dak. \u201eJer sada ga znam.\u201c<\/p>\n\n\n\n<p>Artur je ustao.<\/p>\n\n\n\n<p>\u201eDogovoreno.\u201c<\/p>\n\n\n\n<p>Pru\u017eio je ruku.<\/p>\n\n\n\n<p>Dje\u010dak ju je prihvatio.<\/p>\n\n\n\n<h3 class=\"wp-block-heading\">Kada se mo\u0107 po\u010dne pomjerati<\/h3>\n\n\n\n<p>Tri dana kasnije, snimak je procurio u javnost.<\/p>\n\n\n\n<p>Svijet je vidio sve.<\/p>\n\n\n\n<p>Akcije Arturove kompanije su preko no\u0107i pale.<\/p>\n\n\n\n<p>Novinari su opkolili zgradu.<\/p>\n\n\n\n<p>Artur je o\u010dekivao bijes.<\/p>\n\n\n\n<p>Umjesto toga, osjetio je sram.<\/p>\n\n\n\n<p>Kada su \u017eena i njen sin do\u0161li, vidno potreseni, Artur je prvi progovorio.<\/p>\n\n\n\n<p>\u201eIzvinjavam se. Ne zato \u0161to sam razotkriven. Ve\u0107 zato \u0161to sam bio okrutan.\u201c<\/p>\n\n\n\n<p>Dje\u010dak ga je pogledao.<\/p>\n\n\n\n<p>\u201eOnda to recite javno.\u201c<\/p>\n\n\n\n<h3 class=\"wp-block-heading\">Tamo gdje je najva\u017enije<\/h3>\n\n\n\n<p>Na konferenciji za novinare, Artur je stajao pored njih.<\/p>\n\n\n\n<p>Nije se opravdavao.<\/p>\n\n\n\n<p>Priznao je.<\/p>\n\n\n\n<p>\u201ePobrkao sam bogatstvo s vrijedno\u0161\u0107u\u201c, rekao je. \u201eI jedno dijete mi je pokazalo koliko me je to u\u010dinilo malim.\u201c<\/p>\n\n\n\n<p>Zatim je govorio dje\u010dak.<\/p>\n\n\n\n<p>\u201eLjudi nisu siroma\u0161ni zato \u0161to nisu pametni\u201c, rekao je. \u201eVe\u0107 zato \u0161to ih sistemi \u010dine nevidljivima.\u201c<\/p>\n\n\n\n<p>Sala je zapljeskala.<\/p>\n\n\n\n<h3 class=\"wp-block-heading\">Ono \u0161to ostaje<\/h3>\n\n\n\n<p>\u0160est mjeseci kasnije, sef je i dalje stajao u Arturovoj kancelariji.<\/p>\n\n\n\n<p>Ali unutra nije bilo dragocjenosti.<\/p>\n\n\n\n<p>Samo pisma.<\/p>\n\n\n\n<p>Fotografije.<\/p>\n\n\n\n<p>I poruka:<\/p>\n\n\n\n<p>\u201eOtvoriti samo ako zaboravi\u0161 ko \u017eeli\u0161 da bude\u0161.\u201c<\/p>\n\n\n\n<p>Artur nikada nije zaboravio.<\/p>\n\n\n\n<p>Jer dje\u010dak je ve\u0107 otklju\u010dao najte\u017eu stvar od svih \u2014<\/p>\n\n\n\n<p>zatvoreno srce.<\/p>\n","protected":false},"excerpt":{"rendered":"<p>Igra koja je trebala da ponizi Ponuda je izre\u010dena nehajno, gotovo \u0161aljivo, kao da je rije\u010d o bezazlenoj \u0161ali. Ali nije bila. U izvr\u0161noj kancelariji na \u010detrdeset prvom spratu staklenog tornja u centru \u010cikaga, milijarder Artur Kaldvel zavalio se u ko\u017enu fotelju i jednom glasno pljesnuo rukama. \u201eSto miliona dolara\u201c, rekao je uz osmijeh. \u201eTvoje [&hellip;]<\/p>\n","protected":false},"author":1,"featured_media":66795,"comment_status":"closed","ping_status":"closed","sticky":false,"template":"","format":"standard","meta":{"footnotes":""},"categories":[14],"tags":[],"class_list":["post-66794","post","type-post","status-publish","format-standard","has-post-thumbnail","hentry","category-region"],"_links":{"self":[{"href":"https:\/\/vaterpolosrbija.rs\/index.php?rest_route=\/wp\/v2\/posts\/66794","targetHints":{"allow":["GET"]}}],"collection":[{"href":"https:\/\/vaterpolosrbija.rs\/index.php?rest_route=\/wp\/v2\/posts"}],"about":[{"href":"https:\/\/vaterpolosrbija.rs\/index.php?rest_route=\/wp\/v2\/types\/post"}],"author":[{"embeddable":true,"href":"https:\/\/vaterpolosrbija.rs\/index.php?rest_route=\/wp\/v2\/users\/1"}],"replies":[{"embeddable":true,"href":"https:\/\/vaterpolosrbija.rs\/index.php?rest_route=%2Fwp%2Fv2%2Fcomments&post=66794"}],"version-history":[{"count":0,"href":"https:\/\/vaterpolosrbija.rs\/index.php?rest_route=\/wp\/v2\/posts\/66794\/revisions"}],"wp:featuredmedia":[{"embeddable":true,"href":"https:\/\/vaterpolosrbija.rs\/index.php?rest_route=\/wp\/v2\/media\/66795"}],"wp:attachment":[{"href":"https:\/\/vaterpolosrbija.rs\/index.php?rest_route=%2Fwp%2Fv2%2Fmedia&parent=66794"}],"wp:term":[{"taxonomy":"category","embeddable":true,"href":"https:\/\/vaterpolosrbija.rs\/index.php?rest_route=%2Fwp%2Fv2%2Fcategories&post=66794"},{"taxonomy":"post_tag","embeddable":true,"href":"https:\/\/vaterpolosrbija.rs\/index.php?rest_route=%2Fwp%2Fv2%2Ftags&post=66794"}],"curies":[{"name":"wp","href":"https:\/\/api.w.org\/{rel}","templated":true}]}}