{"id":66790,"date":"2026-01-06T23:48:56","date_gmt":"2026-01-06T21:48:56","guid":{"rendered":"https:\/\/kvalitetvremena.com\/?p=66790"},"modified":"2026-01-06T23:48:56","modified_gmt":"2026-01-06T21:48:56","slug":"moj-bozic-dan-kada-sam-povratila-svoj-zivot","status":"publish","type":"post","link":"https:\/\/vaterpolosrbija.rs\/?p=66790","title":{"rendered":"Moj Bo\u017ei\u0107 \u2014 dan kada sam povratila svoj \u017eivot"},"content":{"rendered":"\n<p>Deset dana pre Bo\u017ei\u0107a stajala sam ispred kancelarije moje \u0107erke Emili, sa teglom doma\u0107e marmelade. Nisam ni slutila da \u0107e ta poseta zauvek promeniti na\u0161 odnos.<\/p>\n\n\n\n<p>Dok sam prolazila hodnikom, \u010dula sam Emilin glas \u2014 o\u0161tar i razdra\u017een \u2014 a zatim i glas mog zeta Tajlera. I onda: moje ime.<\/p>\n\n\n\n<p>\u201eNa Bo\u017ei\u0107\u201c, rekla je Emili, \u201epred svima. Tada \u0107u joj re\u0107i da ide u dom za stare. Kada je osramotim, pristaje.\u201c<\/p>\n\n\n\n<p>Re\u010di su me pogodile poput udarca. Posle godina pomaganja, \u010duvanja njenog deteta, pla\u0107anja popravki, kuvanja i prilago\u0111avanja, postala sam neko koga \u017eele da izbri\u0161u.<\/p>\n\n\n\n<p>Tajler je oklevao: \u201eEmili\u2026 to zvu\u010di surovo. Ona ti je majka.\u201c<\/p>\n\n\n\n<p>\u201eI iscrpljuju\u0107a je\u201c, odbrusila je. \u201eBo\u017ei\u0107 je savr\u0161en.\u201c<\/p>\n\n\n\n<p>Stajala sam nepomi\u010dno, sa teglom u rukama. Ne\u0161to u meni se slomilo. Povukla sam se, iza\u0161la i odvezla se ku\u0107i u magli.<\/p>\n\n\n\n<p>Te ve\u010deri otvorila sam gornju fioku komode \u2014 gde su bila sva va\u017ena dokumenta, testament, fascikla mog advokata. Posle onoga \u0161to sam \u010dula, vi\u0161e nije bilo dileme: ako Emili \u017eeli da me ponizi, ja \u0107u joj prirediti Bo\u017ei\u0107 koji nikada ne\u0107e zaboraviti.<\/p>\n\n\n\n<p>Tokom narednih deset dana pa\u017eljivo sam planirala. Kada je stigao 25. decembar, Emili me je nervozno pozvala:<br>\u201eMama, gde si? Svi te \u010dekaju.\u201c<\/p>\n\n\n\n<p>Blago sam se osmehnula. \u201eEmili, pogledaj u moju gornju fioku.\u201c<\/p>\n\n\n\n<p>Vrisak koji je usledio rekao mi je da je prona\u0161la:<\/p>\n\n\n\n<p>\u2014 Overeno pismo mog advokata kojim se uklanja kao moj zdravstveni zastupnik.<br>\u2014 Dokumenta koja pokazuju da su moje u\u0161te\u0111evine preba\u010dene na ra\u010dun kojem ona nema pristup, vikendica u mojoj kontroli.<br>\u2014 Ru\u010dno napisanu poruku: \u201eZnam \u0161ta si planirala. Ne\u0107u ti dozvoliti da odlu\u010duje\u0161 o mom \u017eivotu.\u201c<br>\u2014 I potvrdu da sam povukla 15.000 dolara koje je ve\u0107 planirala da potro\u0161i.<\/p>\n\n\n\n<p>Nakon toga odvezla sam se u mirnu primorsku gostionicu koju smo moj pokojni mu\u017e i ja voleli. Sedela sam na tremu, slu\u0161ala talase, tu\u017ena, ali ne slomljena.<\/p>\n\n\n\n<p>Telefon je zvonio. Emilin glas je bio napet:<br>\u201eMama! \u0160ta je ovo? Za\u0161to bi to uradila?\u201c<\/p>\n\n\n\n<p>\u201eNisam ti ni\u0161ta uradila\u201c, rekla sam mirno. \u201eSamo sam povratila svoj \u017eivot.\u201c<\/p>\n\n\n\n<p>Ti\u0161ina se razvukla. A onda olak\u0161anje \u2014 ono \u0161to dolazi kada prestane\u0161 da dr\u017ei\u0161 dah godinama.<\/p>\n\n\n\n<hr class=\"wp-block-separator has-alpha-channel-opacity\"\/>\n\n\n\n<h3 class=\"wp-block-heading\">Novi po\u010detak<\/h3>\n\n\n\n<p>Jutro posle Bo\u017ei\u0107a probudila sam se bez straha, bez obaveza, slobodna. Sedela sam na balkonu, u\u0161u\u0161kana u \u0107ebe, gledaju\u0107i galebove i razmi\u0161ljaju\u0107i o \u017eivotu, o granicama i o tome kako ljubav mo\u017ee postati zavisnost ako se ne postave pravila.<\/p>\n\n\n\n<p>Ne bri\u0161em Emili zauvek iz svog \u017eivota. Ali kada se vratim, na\u0161 odnos \u0107e imati \u010dvrste granice. Po\u0161tovanje vi\u0161e nije predmet pregovora.<\/p>\n\n\n\n<p>Ne znam kako \u0107e se pri\u010da zavr\u0161iti. Mo\u017eda \u0107emo izgraditi ne\u0161to zdravije \u2014 ili mo\u017eda ne\u0107emo. Ali po prvi put posle mnogo godina, nijedna od tih mogu\u0107nosti me ne pla\u0161i.<\/p>\n","protected":false},"excerpt":{"rendered":"<p>Deset dana pre Bo\u017ei\u0107a stajala sam ispred kancelarije moje \u0107erke Emili, sa teglom doma\u0107e marmelade. Nisam ni slutila da \u0107e ta poseta zauvek promeniti na\u0161 odnos. Dok sam prolazila hodnikom, \u010dula sam Emilin glas \u2014 o\u0161tar i razdra\u017een \u2014 a zatim i glas mog zeta Tajlera. I onda: moje ime. \u201eNa Bo\u017ei\u0107\u201c, rekla je Emili, [&hellip;]<\/p>\n","protected":false},"author":1,"featured_media":66791,"comment_status":"closed","ping_status":"closed","sticky":false,"template":"","format":"standard","meta":{"footnotes":""},"categories":[12],"tags":[],"class_list":["post-66790","post","type-post","status-publish","format-standard","has-post-thumbnail","hentry","category-ispovijest"],"_links":{"self":[{"href":"https:\/\/vaterpolosrbija.rs\/index.php?rest_route=\/wp\/v2\/posts\/66790","targetHints":{"allow":["GET"]}}],"collection":[{"href":"https:\/\/vaterpolosrbija.rs\/index.php?rest_route=\/wp\/v2\/posts"}],"about":[{"href":"https:\/\/vaterpolosrbija.rs\/index.php?rest_route=\/wp\/v2\/types\/post"}],"author":[{"embeddable":true,"href":"https:\/\/vaterpolosrbija.rs\/index.php?rest_route=\/wp\/v2\/users\/1"}],"replies":[{"embeddable":true,"href":"https:\/\/vaterpolosrbija.rs\/index.php?rest_route=%2Fwp%2Fv2%2Fcomments&post=66790"}],"version-history":[{"count":0,"href":"https:\/\/vaterpolosrbija.rs\/index.php?rest_route=\/wp\/v2\/posts\/66790\/revisions"}],"wp:featuredmedia":[{"embeddable":true,"href":"https:\/\/vaterpolosrbija.rs\/index.php?rest_route=\/wp\/v2\/media\/66791"}],"wp:attachment":[{"href":"https:\/\/vaterpolosrbija.rs\/index.php?rest_route=%2Fwp%2Fv2%2Fmedia&parent=66790"}],"wp:term":[{"taxonomy":"category","embeddable":true,"href":"https:\/\/vaterpolosrbija.rs\/index.php?rest_route=%2Fwp%2Fv2%2Fcategories&post=66790"},{"taxonomy":"post_tag","embeddable":true,"href":"https:\/\/vaterpolosrbija.rs\/index.php?rest_route=%2Fwp%2Fv2%2Ftags&post=66790"}],"curies":[{"name":"wp","href":"https:\/\/api.w.org\/{rel}","templated":true}]}}