{"id":66765,"date":"2026-01-06T13:36:00","date_gmt":"2026-01-06T11:36:00","guid":{"rendered":"https:\/\/kvalitetvremena.com\/?p=66765"},"modified":"2026-01-06T13:36:00","modified_gmt":"2026-01-06T11:36:00","slug":"badnji-dan-u-pravoslavnoj-tradiciji-kako-se-pravilno-unosi-badnjak-u-kucu","status":"publish","type":"post","link":"https:\/\/vaterpolosrbija.rs\/?p=66765","title":{"rendered":"Badnji dan u pravoslavnoj tradiciji Kako se pravilno unosi badnjak u ku\u0107u"},"content":{"rendered":"\n<p>Badnji dan je jedan od najva\u017enijih i najdublje ukorenjenih dana u pravoslavnoj tradiciji. Obilje\u017eava se uo\u010di Bo\u017ei\u0107a i nosi sna\u017enu simboliku mira porodi\u010dnog zajedni\u0161tva i pripreme za ro\u0111enje Hristovo. To nije samo dan spolja\u0161njih obi\u010daja ve\u0107 i unutra\u0161nje ti\u0161ine smirenja i okretanja porodici i veri.<\/p>\n\n\n\n<p>U pravoslavnim domovima Badnji dan se do\u017eivljava kao poseban trenutak u godini kada se usporava svakodnevni ritam a pa\u017enja se usmjerava na obi\u010daje koji su se prenosili sa koljena na koljeno. Centralni simbol tog dana je badnjak drvo koje predstavlja svetlost toplinu i novi po\u010detak.<\/p>\n\n\n\n<p>Polazak po badnjak<\/p>\n\n\n\n<p>Tradicionalno se po badnjak polazi rano ujutru \u010desto jo\u0161 prije izlaska sunca. U mnogim krajevima doma\u0107in ku\u0107e ide u \u0161umu zajedno sa sinovima ili unucima. Time se simboli\u010dno nagla\u0161ava preno\u0161enje tradicije na mla\u0111e generacije. Naj\u010de\u0161\u0107e se bira mladi hrast jer se smatra drvetom snage dugovje\u010dnosti i postojanosti. U pojedinim krajevima koriste se i cer bor ili jela u zavisnosti od podneblja.<\/p>\n\n\n\n<p>Prije same sje\u010de doma\u0107in se prekrsti i u ti\u0161ini ili naglas izgovori molitvu. Drvo se sije\u010de sa tri udarca \u0161to simbolizuje Sveto Trojstvo. Ako se badnjak ne obori u potpunosti sjekirom ostatak se lomi rukom \u0161to se smatra znakom po\u0161tovanja prema prirodi i daru koji se uzima. Na badnjaku se ostavlja vrh sa gran\u010dicama koji se naziva brada.<\/p>\n\n\n\n<p>Uno\u0161enje badnjaka u dom<\/p>\n\n\n\n<p>Kada se badnjak donese ku\u0107i tokom dana on se naslanja pored ulaznih vrata i tu ostaje do ve\u010deri. U ve\u010dernjim satima doma\u0107in ga sve\u010dano unosi u ku\u0107u. Prilikom uno\u0161enja izgovaraju se rije\u010di blagoslova i dobre \u017eelje za zdravlje napredak i slogu u porodici. U nekim krajevima badnjak se posipa \u017eitom \u0161to simbolizuje plodnost i obilje.<\/p>\n\n\n\n<p>Zajedno sa badnjakom u ku\u0107u se unosi i slama koja podsje\u0107a na pe\u0107inu u kojoj je Hrist ro\u0111en. Slama se prostire po podu ili ispod stola i ima sna\u017eno simboli\u010dno zna\u010denje skromnosti i povezanosti sa korijenima.<\/p>\n\n\n\n<p>Badnji dan i porodi\u010dna trpeza<\/p>\n\n\n\n<p>Badnje ve\u010de je posno i trpeza je skromna ali bogata simbolikom. Na stolu se nalaze posna jela hljeb ili poga\u010da \u017eito orasi suvo vo\u0107e i vino. Hrana se dijeli u miru bez \u017eurbe i bez glasne zabave jer je smisao ve\u010deri u ti\u0161ini i zajedni\u0161tvu.<\/p>\n\n\n\n<p>Va\u017eno je naglasiti da Badnji dan nije samo niz pravila ve\u0107 prilika da se porodica okupi razgovara oprosti i pripremi za Bo\u017ei\u0107. U mnogim domovima tada se pale svije\u0107e i izgovaraju molitve za zdravlje i mir.<\/p>\n\n\n\n<p>Zna\u010denje Badnjeg dana danas<\/p>\n\n\n\n<p>U savremenom vremenu kada se mnogi obi\u010daji pojednostavljuju ili zaboravljaju Badnji dan ostaje podsjetnik na vrijednosti koje ne gube na zna\u010daju. To su po\u0161tovanje porodice zahvalnost skromnost i duhovna priprema. \u010cak i kada se obi\u010daji prilagode savremenom na\u010dinu \u017eivota njihova su\u0161tina ostaje ista.<\/p>\n\n\n\n<p>Badnji dan nas u\u010di da praznici nisu u rasko\u0161i ve\u0107 u smislu. Uno\u0161enje badnjaka u ku\u0107u simbol je uno\u0161enja mira nade i topline u dom. Upravo zbog toga ovaj obi\u010daj i danas ima posebno mjesto u srcima mnogih porodica i nastavlja da \u017eivi kao veza izme\u0111u pro\u0161losti sada\u0161njosti i budu\u0107nosti.<\/p>\n","protected":false},"excerpt":{"rendered":"<p>Badnji dan je jedan od najva\u017enijih i najdublje ukorenjenih dana u pravoslavnoj tradiciji. Obilje\u017eava se uo\u010di Bo\u017ei\u0107a i nosi sna\u017enu simboliku mira porodi\u010dnog zajedni\u0161tva i pripreme za ro\u0111enje Hristovo. To nije samo dan spolja\u0161njih obi\u010daja ve\u0107 i unutra\u0161nje ti\u0161ine smirenja i okretanja porodici i veri. U pravoslavnim domovima Badnji dan se do\u017eivljava kao poseban trenutak [&hellip;]<\/p>\n","protected":false},"author":1,"featured_media":66766,"comment_status":"closed","ping_status":"closed","sticky":false,"template":"","format":"standard","meta":{"footnotes":""},"categories":[10],"tags":[],"class_list":["post-66765","post","type-post","status-publish","format-standard","has-post-thumbnail","hentry","category-zanimljivosti"],"_links":{"self":[{"href":"https:\/\/vaterpolosrbija.rs\/index.php?rest_route=\/wp\/v2\/posts\/66765","targetHints":{"allow":["GET"]}}],"collection":[{"href":"https:\/\/vaterpolosrbija.rs\/index.php?rest_route=\/wp\/v2\/posts"}],"about":[{"href":"https:\/\/vaterpolosrbija.rs\/index.php?rest_route=\/wp\/v2\/types\/post"}],"author":[{"embeddable":true,"href":"https:\/\/vaterpolosrbija.rs\/index.php?rest_route=\/wp\/v2\/users\/1"}],"replies":[{"embeddable":true,"href":"https:\/\/vaterpolosrbija.rs\/index.php?rest_route=%2Fwp%2Fv2%2Fcomments&post=66765"}],"version-history":[{"count":0,"href":"https:\/\/vaterpolosrbija.rs\/index.php?rest_route=\/wp\/v2\/posts\/66765\/revisions"}],"wp:featuredmedia":[{"embeddable":true,"href":"https:\/\/vaterpolosrbija.rs\/index.php?rest_route=\/wp\/v2\/media\/66766"}],"wp:attachment":[{"href":"https:\/\/vaterpolosrbija.rs\/index.php?rest_route=%2Fwp%2Fv2%2Fmedia&parent=66765"}],"wp:term":[{"taxonomy":"category","embeddable":true,"href":"https:\/\/vaterpolosrbija.rs\/index.php?rest_route=%2Fwp%2Fv2%2Fcategories&post=66765"},{"taxonomy":"post_tag","embeddable":true,"href":"https:\/\/vaterpolosrbija.rs\/index.php?rest_route=%2Fwp%2Fv2%2Ftags&post=66765"}],"curies":[{"name":"wp","href":"https:\/\/api.w.org\/{rel}","templated":true}]}}