{"id":66755,"date":"2026-01-05T22:16:16","date_gmt":"2026-01-05T20:16:16","guid":{"rendered":"https:\/\/kvalitetvremena.com\/?p=66755"},"modified":"2026-01-05T22:16:16","modified_gmt":"2026-01-05T20:16:16","slug":"kako-jedna-nezgoda-za-stolom-otkriva-sta-je-zaista-vazno-u-porodici","status":"publish","type":"post","link":"https:\/\/vaterpolosrbija.rs\/?p=66755","title":{"rendered":"Kako jedna nezgoda za stolom otkriva \u0161ta je zaista va\u017eno u porodici"},"content":{"rendered":"\n<p>Bo\u017ei\u0107na ve\u010dera je trebalo da bude topla i prijatna. To sam sebi ponavljala dok sam postavljala sto \u2014 poravnavaju\u0107i beli stolnjak, pale\u0107i crvene sve\u0107e i pa\u017eljivo name\u0161taju\u0107i tanjire. \u017delela sam da ve\u010de bude savr\u0161eno \u2014 za mog mu\u017ea, njegove roditelje i, najvi\u0161e, za na\u0161eg sedmogodi\u0161njeg sina, Nou.<\/p>\n\n\n\n<p>Noa je obukao svoj omiljeni crveni d\u017eemper sa sitnim belim pahuljama. Tog jutra ga je pa\u017eljivo izabrao i vi\u0161e puta pitao da li \u0107e se dedi svideti.<br>\u201eHo\u0107e\u201c, uveravala sam ga, iako mi se ne\u0161to neprijatno stezalo u stomaku dok sam izgovarala re\u010d voleti.<\/p>\n\n\n\n<hr class=\"wp-block-separator has-alpha-channel-opacity\"\/>\n\n\n\n<h3 class=\"wp-block-heading\"><strong>Ti\u0161ina za stolom<\/strong><\/h3>\n\n\n\n<p>Moj svekar, Ri\u010dard, stigao je ta\u010dno na vreme. Pozdravio nas je krutim klimom glave i kratkim tap\u0161anjem po ramenu Noi \u2014 vi\u0161e formalno nego ne\u017eno. Ve\u010dera je po\u010dela u ti\u0161ini. Razgovor je bio povr\u0161an: vreme, saobra\u0107aj, jelka u dnevnoj sobi. Noa je sedeo pored mene, lagano njihaju\u0107i noge.<\/p>\n\n\n\n<p>I onda se desilo \u2014 prosuo je \u010da\u0161u vode. Mala mrlja na stolnjaku i Noa odmah:<br>\u201eIzvini.\u201c<br>Njegove male ruke drhtale su dok je poku\u0161avao da obri\u0161e vodu.<\/p>\n\n\n\n<hr class=\"wp-block-separator has-alpha-channel-opacity\"\/>\n\n\n\n<h3 class=\"wp-block-heading\"><strong>Kako reagovati na nezgodu<\/strong><\/h3>\n\n\n\n<p>Ri\u010dard je glasno reagovao:<br>\u201eZar ne mo\u017ee\u0161 da uradi\u0161 jednu jednostavnu stvar kako treba?\u201c<\/p>\n\n\n\n<p>Noa se uko\u010dio, o\u010di pune straha. Steglo me je u grudima \u2014 instinkt mi je govorio da za\u0161titim svoje dete. Ali ostatak stola je \u0107utao.<\/p>\n\n\n\n<p>U tom trenutku shvatila sam: ovo nije trenutak za strah. Ovo je trenutak za ljubav i razumevanje.<\/p>\n\n\n\n<hr class=\"wp-block-separator has-alpha-channel-opacity\"\/>\n\n\n\n<h3 class=\"wp-block-heading\"><strong>U\u010denje kroz ljubav<\/strong><\/h3>\n\n\n\n<p>Ustala sam i tiho, ali odlu\u010dno rekla:<br>\u201eTo je bila nezgoda. Odmah se izvinuo. Ima sedam godina. Niko nema pravo da ga u\u010dini da se ose\u0107a malim.\u201c<\/p>\n\n\n\n<p>Klekla sam pred Noom, ne\u017eno mu obuhvatila lice dlanovima:<br>\u201eNisi uradio ni\u0161ta pogre\u0161no. Razume\u0161 li me?\u201c<\/p>\n\n\n\n<p>On je tiho klimnuo glavom. Suza mu je skliznula niz obraz, a ja sam ga privila u zagrljaj.<\/p>\n\n\n\n<hr class=\"wp-block-separator has-alpha-channel-opacity\"\/>\n\n\n\n<h3 class=\"wp-block-heading\"><strong>Lekcija za roditelje i porodicu<\/strong><\/h3>\n\n\n\n<p>Te ve\u010deri smo napustili formalnu ve\u010deru i oti\u0161li ku\u0107i. Podgrejali smo ostatke hrane, sklup\u010dali se na kau\u010du u pid\u017eamama i gledali Nojin omiljeni film. Njegov smeh se vratio \u2014 prvo tiho, a onda slobodno.<\/p>\n\n\n\n<p>Shvatila sam ne\u0161to va\u017eno:<\/p>\n\n\n\n<ul class=\"wp-block-list\">\n<li>Neki stolovi deluju puni, ali u njima nema topline.<\/li>\n\n\n\n<li>Neke tradicije nisu vredne \u010duvanja ako naru\u0161avaju ljubav i sigurnost dece.<\/li>\n\n\n\n<li>Najhrabrija stvar koju roditelj mo\u017ee da uradi jeste da stane u odbranu svog deteta, \u010dak i kada svi ostali \u0107ute.<\/li>\n<\/ul>\n\n\n\n<p>Ljubav i podr\u0161ka stvaraju toplinu koja nadma\u0161uje bilo koju formalnost ili tradiciju.<\/p>\n","protected":false},"excerpt":{"rendered":"<p>Bo\u017ei\u0107na ve\u010dera je trebalo da bude topla i prijatna. To sam sebi ponavljala dok sam postavljala sto \u2014 poravnavaju\u0107i beli stolnjak, pale\u0107i crvene sve\u0107e i pa\u017eljivo name\u0161taju\u0107i tanjire. \u017delela sam da ve\u010de bude savr\u0161eno \u2014 za mog mu\u017ea, njegove roditelje i, najvi\u0161e, za na\u0161eg sedmogodi\u0161njeg sina, Nou. Noa je obukao svoj omiljeni crveni d\u017eemper sa [&hellip;]<\/p>\n","protected":false},"author":1,"featured_media":66756,"comment_status":"closed","ping_status":"closed","sticky":false,"template":"","format":"standard","meta":{"footnotes":""},"categories":[12],"tags":[],"class_list":["post-66755","post","type-post","status-publish","format-standard","has-post-thumbnail","hentry","category-ispovijest"],"_links":{"self":[{"href":"https:\/\/vaterpolosrbija.rs\/index.php?rest_route=\/wp\/v2\/posts\/66755","targetHints":{"allow":["GET"]}}],"collection":[{"href":"https:\/\/vaterpolosrbija.rs\/index.php?rest_route=\/wp\/v2\/posts"}],"about":[{"href":"https:\/\/vaterpolosrbija.rs\/index.php?rest_route=\/wp\/v2\/types\/post"}],"author":[{"embeddable":true,"href":"https:\/\/vaterpolosrbija.rs\/index.php?rest_route=\/wp\/v2\/users\/1"}],"replies":[{"embeddable":true,"href":"https:\/\/vaterpolosrbija.rs\/index.php?rest_route=%2Fwp%2Fv2%2Fcomments&post=66755"}],"version-history":[{"count":0,"href":"https:\/\/vaterpolosrbija.rs\/index.php?rest_route=\/wp\/v2\/posts\/66755\/revisions"}],"wp:featuredmedia":[{"embeddable":true,"href":"https:\/\/vaterpolosrbija.rs\/index.php?rest_route=\/wp\/v2\/media\/66756"}],"wp:attachment":[{"href":"https:\/\/vaterpolosrbija.rs\/index.php?rest_route=%2Fwp%2Fv2%2Fmedia&parent=66755"}],"wp:term":[{"taxonomy":"category","embeddable":true,"href":"https:\/\/vaterpolosrbija.rs\/index.php?rest_route=%2Fwp%2Fv2%2Fcategories&post=66755"},{"taxonomy":"post_tag","embeddable":true,"href":"https:\/\/vaterpolosrbija.rs\/index.php?rest_route=%2Fwp%2Fv2%2Ftags&post=66755"}],"curies":[{"name":"wp","href":"https:\/\/api.w.org\/{rel}","templated":true}]}}