{"id":66745,"date":"2026-01-05T21:37:34","date_gmt":"2026-01-05T19:37:34","guid":{"rendered":"https:\/\/kvalitetvremena.com\/?p=66745"},"modified":"2026-01-05T21:37:34","modified_gmt":"2026-01-05T19:37:34","slug":"neocekivana-klauzula-u-testamentu-promenila-mi-je-zivot","status":"publish","type":"post","link":"https:\/\/vaterpolosrbija.rs\/?p=66745","title":{"rendered":"Neo\u010dekivana klauzula u testamentu promenila mi je \u017eivot"},"content":{"rendered":"\n<p>Moj mu\u017e je preminuo, a nakon njegove smrti saznala sam da mi nije ostavio nikakvu imovinu. Sve \u0161to je posedovao, uklju\u010duju\u0107i i ku\u0107u u kojoj sam godinama \u017eivela, pripalo je njegovoj deci iz prethodnog braka.<\/p>\n\n\n\n<p>Njegova \u0107erka je ubrzo do\u0161la u ku\u0107u i jasno pokazala da smatra da ja tu vi\u0161e nemam mesto. Njene re\u010di i pona\u0161anje ostavili su dubok ose\u0107aj povre\u0111enosti i razo\u010daranja. Posebno me je zabolelo jer mi je moj mu\u017e tokom \u017eivota \u010desto govorio da je taj dom moj i da \u0107u u njemu mo\u0107i da \u017eivim do kraja \u017eivota. Verovala sam mu bez sumnje.<\/p>\n\n\n\n<p>Me\u0111utim, testament je govorio druga\u010dije \u2014 ku\u0107a je formalno bila ostavljena njegovoj \u0107erki.<\/p>\n\n\n\n<p>Zate\u010dena i emocionalno iscrpljena, nisam imala snage za rasprave. Spakovala sam svoje stvari i tiho se iselila, veruju\u0107i da je to kraj jednog poglavlja mog \u017eivota.<\/p>\n\n\n\n<p>Tri dana kasnije, zazvonio mi je telefon.<\/p>\n\n\n\n<p>Njegova \u0107erka je plakala i zvu\u010dala potpuno uznemireno. Zamolila me je da se hitno vratim u ku\u0107u. Ne\u0161to u njenom glasu ukazivalo je da se dogodilo ne\u0161to ozbiljno.<\/p>\n\n\n\n<p>Kada sam stigla, do\u010dekala me je u suzama, dr\u017ee\u0107i dokumenta, dok je pored nje stajao advokat. Pitala me je da li sam znala za odre\u0111enu stavku u testamentu.<\/p>\n\n\n\n<p>Iskreno sam rekla da nisam.<\/p>\n\n\n\n<p>Advokat je tada objasnio da je moj mu\u017e, neposredno pre smrti, dodao posebnu klauzulu u testament. Prema toj odredbi, njegova \u0107erka jeste nasledila ku\u0107u, ali samo pod uslovom da mi omogu\u0107i da u njoj \u017eivim do kraja \u017eivota.<\/p>\n\n\n\n<p>U slu\u010daju da mi ikada zatra\u017ei da se iselim, izgubila bi pravo na ku\u0107u, koja bi tada po zakonu pripala meni.<\/p>\n\n\n\n<p>Po\u0161to me je zamolila da odem gotovo odmah nakon njegove smrti, ta klauzula je stupila na snagu.<\/p>\n\n\n\n<p>Ku\u0107a je, na kraju, postala moja.<\/p>\n\n\n\n<p>Tada sam shvatila da je moj mu\u017e, iako je voleo svoju decu, \u017eeleo da me za\u0161titi i nakon \u0161to ga vi\u0161e ne bude. Njegova tiha predostro\u017enost bila je izraz brige i odgovornosti.<\/p>\n\n\n\n<p>Ipak, i pored svega, najvi\u0161e mi nedostaje on \u2014 \u010dovek \u010dija je dobrota ostavila trag u mom \u017eivotu mnogo ve\u0107i od bilo koje imovine.<\/p>\n","protected":false},"excerpt":{"rendered":"<p>Moj mu\u017e je preminuo, a nakon njegove smrti saznala sam da mi nije ostavio nikakvu imovinu. Sve \u0161to je posedovao, uklju\u010duju\u0107i i ku\u0107u u kojoj sam godinama \u017eivela, pripalo je njegovoj deci iz prethodnog braka. Njegova \u0107erka je ubrzo do\u0161la u ku\u0107u i jasno pokazala da smatra da ja tu vi\u0161e nemam mesto. Njene re\u010di [&hellip;]<\/p>\n","protected":false},"author":1,"featured_media":66747,"comment_status":"closed","ping_status":"closed","sticky":false,"template":"","format":"standard","meta":{"footnotes":""},"categories":[12],"tags":[],"class_list":["post-66745","post","type-post","status-publish","format-standard","has-post-thumbnail","hentry","category-ispovijest"],"_links":{"self":[{"href":"https:\/\/vaterpolosrbija.rs\/index.php?rest_route=\/wp\/v2\/posts\/66745","targetHints":{"allow":["GET"]}}],"collection":[{"href":"https:\/\/vaterpolosrbija.rs\/index.php?rest_route=\/wp\/v2\/posts"}],"about":[{"href":"https:\/\/vaterpolosrbija.rs\/index.php?rest_route=\/wp\/v2\/types\/post"}],"author":[{"embeddable":true,"href":"https:\/\/vaterpolosrbija.rs\/index.php?rest_route=\/wp\/v2\/users\/1"}],"replies":[{"embeddable":true,"href":"https:\/\/vaterpolosrbija.rs\/index.php?rest_route=%2Fwp%2Fv2%2Fcomments&post=66745"}],"version-history":[{"count":0,"href":"https:\/\/vaterpolosrbija.rs\/index.php?rest_route=\/wp\/v2\/posts\/66745\/revisions"}],"wp:featuredmedia":[{"embeddable":true,"href":"https:\/\/vaterpolosrbija.rs\/index.php?rest_route=\/wp\/v2\/media\/66747"}],"wp:attachment":[{"href":"https:\/\/vaterpolosrbija.rs\/index.php?rest_route=%2Fwp%2Fv2%2Fmedia&parent=66745"}],"wp:term":[{"taxonomy":"category","embeddable":true,"href":"https:\/\/vaterpolosrbija.rs\/index.php?rest_route=%2Fwp%2Fv2%2Fcategories&post=66745"},{"taxonomy":"post_tag","embeddable":true,"href":"https:\/\/vaterpolosrbija.rs\/index.php?rest_route=%2Fwp%2Fv2%2Ftags&post=66745"}],"curies":[{"name":"wp","href":"https:\/\/api.w.org\/{rel}","templated":true}]}}