{"id":66734,"date":"2026-01-05T12:08:35","date_gmt":"2026-01-05T10:08:35","guid":{"rendered":"https:\/\/kvalitetvremena.com\/?p=66734"},"modified":"2026-01-05T12:08:35","modified_gmt":"2026-01-05T10:08:35","slug":"nedim-sladic-upozorava-poledica-i-ledena-kisa-u-bosni-i-hercegovini-savjeti-za-sigurnost","status":"publish","type":"post","link":"https:\/\/vaterpolosrbija.rs\/?p=66734","title":{"rendered":"Nedim Sladi\u0107 upozorava: Poledica i ledena ki\u0161a u Bosni i Hercegovini \u2013 savjeti za sigurnost"},"content":{"rendered":"\n<p>Meteorolog Nedim Sladi\u0107 izdao je novo upozorenje za podru\u010dja Bosne i Hercegovine zbog pogor\u0161anja vremenskih prilika u narednim danima. Prema njegovim rije\u010dima, u no\u0107i na ponedjeljak o\u010dekuje se pojava kombinacije snijega i ledene ki\u0161e u centralnim dijelovima zemlje. Do ovog fenomena dolazi kada topliji zrak s juga prodire na ve\u0107im visinama, dok prizemni sloj zraka ostaje hladan. Takva situacija stvara opasnost od poledice i ote\u017eava kretanje na cestama.<\/p>\n\n\n\n<p>Situacija je posebno ozbiljna u gradovima poput Sarajeva, Zenice i Travnika, gdje kombinacija snijega i ledene ki\u0161e mo\u017ee stvoriti klizave povr\u0161ine na ulicama i trotoarima. Paradoxalno, na planinskim podru\u010djima snijeg prelazi u toplu ki\u0161u, \u0161to ubrzava njegovo topljenje i mo\u017ee dodatno pove\u0107ati rizik od poplava i porasta vodostaja manjih rijeka i potoka, naro\u010dito u slivu Drine i na jugoistoku Bosne.<\/p>\n\n\n\n<p>Meteorolog Sladi\u0107 upozorava gra\u0111ane da se u jutarnjim satima o\u010dekuje izrazita poledica, dok se prizemni hladni sloj zraka ne izmije\u0161a s toplijim zrakom na vi\u0161im visinama. Voza\u010di i pje\u0161aci trebali bi u tom periodu biti maksimalno oprezni, smanjiti brzinu, izbjegavati nepotrebna putovanja i koristiti zimsku opremu na vozilima.<\/p>\n\n\n\n<p>Osim toga, Sladi\u0107 isti\u010de da snijeg ne\u0107e nestati u potpunosti. U drugom dijelu utorka i tokom srijede snje\u017eni talas ponovno \u0107e zahvatiti Bosnu i Hercegovinu, \u010dime \u0107e se dodatno pogor\u0161ati cestovni i hidrometeorolo\u0161ki uvjeti. To zna\u010di da je potrebno planirati kretanje s oprezom i pratiti slu\u017ebena meteorolo\u0161ka izvje\u0161tavanja kako bi se smanjio rizik od nezgoda.<\/p>\n\n\n\n<p>Ove vremenske prilike pokazuju koliko je va\u017eno prilagoditi svakodnevne aktivnosti trenutnim uvjetima i biti svjestan rizika koji donosi kombinacija snijega, ledene ki\u0161e i poledice. Stru\u010dnjaci savjetuju gra\u0111anima da provjere stanje na cestama, da koriste javni prijevoz ako je mogu\u0107e i da se ne izla\u017eu nepotrebnom riziku dok se uvjeti ne stabiliziraju.<\/p>\n\n\n\n<p>Priprema i odgovorno pona\u0161anje mogu zna\u010dajno smanjiti posljedice ovakvih vremenskih nepogoda. Preporuka je da svi koji se kre\u0107u ili putuju u narednim danima planiraju dodatno vrijeme za putovanje i osiguraju adekvatnu zimsku opremu.<\/p>\n","protected":false},"excerpt":{"rendered":"<p>Meteorolog Nedim Sladi\u0107 izdao je novo upozorenje za podru\u010dja Bosne i Hercegovine zbog pogor\u0161anja vremenskih prilika u narednim danima. Prema njegovim rije\u010dima, u no\u0107i na ponedjeljak o\u010dekuje se pojava kombinacije snijega i ledene ki\u0161e u centralnim dijelovima zemlje. Do ovog fenomena dolazi kada topliji zrak s juga prodire na ve\u0107im visinama, dok prizemni sloj zraka [&hellip;]<\/p>\n","protected":false},"author":1,"featured_media":66735,"comment_status":"closed","ping_status":"closed","sticky":false,"template":"","format":"standard","meta":{"footnotes":""},"categories":[10],"tags":[],"class_list":["post-66734","post","type-post","status-publish","format-standard","has-post-thumbnail","hentry","category-zanimljivosti"],"_links":{"self":[{"href":"https:\/\/vaterpolosrbija.rs\/index.php?rest_route=\/wp\/v2\/posts\/66734","targetHints":{"allow":["GET"]}}],"collection":[{"href":"https:\/\/vaterpolosrbija.rs\/index.php?rest_route=\/wp\/v2\/posts"}],"about":[{"href":"https:\/\/vaterpolosrbija.rs\/index.php?rest_route=\/wp\/v2\/types\/post"}],"author":[{"embeddable":true,"href":"https:\/\/vaterpolosrbija.rs\/index.php?rest_route=\/wp\/v2\/users\/1"}],"replies":[{"embeddable":true,"href":"https:\/\/vaterpolosrbija.rs\/index.php?rest_route=%2Fwp%2Fv2%2Fcomments&post=66734"}],"version-history":[{"count":0,"href":"https:\/\/vaterpolosrbija.rs\/index.php?rest_route=\/wp\/v2\/posts\/66734\/revisions"}],"wp:featuredmedia":[{"embeddable":true,"href":"https:\/\/vaterpolosrbija.rs\/index.php?rest_route=\/wp\/v2\/media\/66735"}],"wp:attachment":[{"href":"https:\/\/vaterpolosrbija.rs\/index.php?rest_route=%2Fwp%2Fv2%2Fmedia&parent=66734"}],"wp:term":[{"taxonomy":"category","embeddable":true,"href":"https:\/\/vaterpolosrbija.rs\/index.php?rest_route=%2Fwp%2Fv2%2Fcategories&post=66734"},{"taxonomy":"post_tag","embeddable":true,"href":"https:\/\/vaterpolosrbija.rs\/index.php?rest_route=%2Fwp%2Fv2%2Ftags&post=66734"}],"curies":[{"name":"wp","href":"https:\/\/api.w.org\/{rel}","templated":true}]}}